{"id":59765,"date":"2020-06-05T11:53:10","date_gmt":"2020-06-05T14:53:10","guid":{"rendered":"https:\/\/catolicanet.net\/wp-cnet\/?p=59765"},"modified":"2020-06-05T16:07:18","modified_gmt":"2020-06-05T19:07:18","slug":"papa-nas-dificuldades-deixar-se-tocar-pelo-coracao-de-jesus","status":"publish","type":"post","link":"https:\/\/catolicanet.net\/wp-cnet\/papa-nas-dificuldades-deixar-se-tocar-pelo-coracao-de-jesus\/","title":{"rendered":"Papa: nas dificuldades, deixar-se tocar pelo Cora\u00e7\u00e3o de Jesus"},"content":{"rendered":"<div class=\"article__subTitle\" style=\"text-align: justify;\">\u201cO V\u00eddeo do Papa\u201d neste m\u00eas de junho compartilha uma inten\u00e7\u00e3o marcada pela compaix\u00e3o e pela ternura: o Pont\u00edfice pede para rezar por todos os que sofrem dificuldades, para que encontrem caminhos de vida no Cora\u00e7\u00e3o de Jesus.<\/div>\n<div class=\"title__separator\" style=\"text-align: justify;\"><\/div>\n<div class=\"article__text\">\n<p style=\"text-align: justify;\"><b>Cidade do Vaticano<\/b><\/p>\n<p><iframe loading=\"lazy\" title=\"JUNHO: COMPAIX\u00c3O PELO MUNDO\" width=\"696\" height=\"392\" src=\"https:\/\/www.youtube.com\/embed\/gih2796WEqo?feature=oembed\" frameborder=\"0\" allow=\"accelerometer; autoplay; encrypted-media; gyroscope; picture-in-picture\" allowfullscreen><\/iframe><\/p>\n<div style=\"text-align: justify;\">\n<div class=\"article__embed article__embed--border embed_style\">\n<blockquote><p>\u201cRezemos para que aqueles que sofrem encontrem caminhos de vida, deixando-se tocar pelo Cora\u00e7\u00e3o de Jesus.\u201d<\/p><\/blockquote>\n<\/div>\n<\/div>\n<p style=\"text-align: justify;\">Por esta inten\u00e7\u00e3o, o Papa Francisco pede a ora\u00e7\u00e3o dos fi\u00e9is neste m\u00eas de junho. Enquanto a pandemia ainda assola muitas partes do mundo, o Santo Padre n\u00e3o esquece aqueles que passam por todos os tipos de dificuldades e lembra que existe um caminho que ajuda a todos: \u201cum caminho cheio de compaix\u00e3o que transforma a vida das pessoas . e as aproxima do Cora\u00e7\u00e3o de Cristo, que nos acolhe a todos na revolu\u00e7\u00e3o da ternura\u201d.<\/p>\n<div style=\"text-align: justify;\">\n<div class=\"article__embed article__embed--unwrap article__embed--dark\">\n<div class=\"article__innerTitle\">Ou\u00e7a e compartilhe<\/div>\n<div>\n<!--[if lt IE 9]><script>document.createElement('audio');<\/script><![endif]-->\n<audio class=\"wp-audio-shortcode\" id=\"audio-59765-1\" preload=\"none\" style=\"width: 100%;\" controls=\"controls\"><source type=\"audio\/mpeg\" src=\"https:\/\/media.vaticannews.va\/media\/audio\/s1\/2020\/06\/04\/11\/135613354_F135613354.mp3?_=1\" \/><a href=\"https:\/\/media.vaticannews.va\/media\/audio\/s1\/2020\/06\/04\/11\/135613354_F135613354.mp3\">https:\/\/media.vaticannews.va\/media\/audio\/s1\/2020\/06\/04\/11\/135613354_F135613354.mp3<\/a><\/audio>\n<\/div>\n<\/div>\n<\/div>\n<h2 style=\"text-align: justify;\">Longa tradi\u00e7\u00e3o<\/h2>\n<p style=\"text-align: justify;\">A devo\u00e7\u00e3o ao Cora\u00e7\u00e3o de Jesus tem uma longa hist\u00f3ria. Come\u00e7a com o \u201ccora\u00e7\u00e3o trespassado de Jesus\u201d no Evangelho de S\u00e3o Jo\u00e3o \u2013 interpretado pelo misticismo medieval como uma ferida que manifesta a profundidade de seu amor \u2013, passa pelas revela\u00e7\u00f5es a Santa Margarida Maria Alacoque no s\u00e9culo XVII e o posterior culto ao Sagrado Cora\u00e7\u00e3o no s\u00e9culo XIX, e vai at\u00e9 a Divina Miseric\u00f3rdia com Santa Faustina Kowalska no in\u00edcio do s\u00e9culo XX.<\/p>\n<p style=\"text-align: justify;\">O Papa Pio XII escreveu uma enc\u00edclica sobre o Sagrado Cora\u00e7\u00e3o, Haurietes aquas (1956).<\/p>\n<p style=\"text-align: justify;\">Ao longo da hist\u00f3ria, houve v\u00e1rias incultura\u00e7\u00f5es dessa devo\u00e7\u00e3o, com diferentes formas e linguagens, mas sempre para que o Pai nos revelasse em toda a sua profundidade o mist\u00e9rio de seu amor atrav\u00e9s de um s\u00edmbolo privilegiado: o cora\u00e7\u00e3o vivo de seu Filho ressuscitado. Pois \u201co cora\u00e7\u00e3o de Cristo \u00e9 o centro da miseric\u00f3rdia\u201d, diz Francisco.<\/p>\n<h2 style=\"text-align: justify;\">Compaix\u00e3o<\/h2>\n<p style=\"text-align: justify;\">O padre Fr\u00e9d\u00e9ric Fornos SJ, diretor internacional da Rede Mundial de Ora\u00e7\u00e3o do Papa, que produz os v\u00eddeos mensais, destaca que a devo\u00e7\u00e3o ao Cora\u00e7\u00e3o de Jesus estabelece uma miss\u00e3o de compaix\u00e3o pelo mundo e \u00e9 o fundamento de toda miss\u00e3o:<\/p>\n<p style=\"text-align: justify;\">\u201cO disc\u00edpulo a quem Jesus mais amava, aquele que conhecia melhor o cora\u00e7\u00e3o de Jesus, recostado junto a Ele (Jo 13, 23) tamb\u00e9m foi o primeiro a reconhecer Jesus ressuscitado \u00e0s margens do lago da Galileia (Jo 21, 7). Quanto mais pr\u00f3ximo algu\u00e9m estiver do Cora\u00e7\u00e3o de Jesus, mais perceber\u00e1 suas alegrias e sofrimentos pelos homens, mulheres e crian\u00e7as deste mundo; e reconhecer\u00e1 Sua presen\u00e7a hoje como ontem, atuando no mundo. Quanto mais perto estivermos do Cora\u00e7\u00e3o de Jesus, menos indiferentes seremos ao que nos cerca, desejando nos comprometer com Jesus Cristo neste mundo, a servi\u00e7o de sua miss\u00e3o de compaix\u00e3o.\u201d<\/p>\n<\/div>\n<div id=\"banner-donazioni\" class=\"article_banner\"><\/div>\n","protected":false},"excerpt":{"rendered":"<p>\u201cO V\u00eddeo do Papa\u201d neste m\u00eas de junho compartilha uma inten\u00e7\u00e3o marcada pela compaix\u00e3o e pela ternura: o Pont\u00edfice pede para rezar por todos os que sofrem dificuldades, para que encontrem caminhos de vida no Cora\u00e7\u00e3o de Jesus. Cidade do Vaticano \u201cRezemos para que aqueles que sofrem encontrem caminhos de vida, deixando-se tocar pelo Cora\u00e7\u00e3o [&hellip;]<\/p>\n","protected":false},"author":1,"featured_media":59766,"comment_status":"open","ping_status":"closed","sticky":false,"template":"","format":"standard","meta":{"footnotes":""},"categories":[3],"tags":[],"class_list":["post-59765","post","type-post","status-publish","format-standard","has-post-thumbnail","hentry","category-vaticano"],"_links":{"self":[{"href":"https:\/\/catolicanet.net\/wp-cnet\/wp-json\/wp\/v2\/posts\/59765","targetHints":{"allow":["GET"]}}],"collection":[{"href":"https:\/\/catolicanet.net\/wp-cnet\/wp-json\/wp\/v2\/posts"}],"about":[{"href":"https:\/\/catolicanet.net\/wp-cnet\/wp-json\/wp\/v2\/types\/post"}],"author":[{"embeddable":true,"href":"https:\/\/catolicanet.net\/wp-cnet\/wp-json\/wp\/v2\/users\/1"}],"replies":[{"embeddable":true,"href":"https:\/\/catolicanet.net\/wp-cnet\/wp-json\/wp\/v2\/comments?post=59765"}],"version-history":[{"count":1,"href":"https:\/\/catolicanet.net\/wp-cnet\/wp-json\/wp\/v2\/posts\/59765\/revisions"}],"predecessor-version":[{"id":59767,"href":"https:\/\/catolicanet.net\/wp-cnet\/wp-json\/wp\/v2\/posts\/59765\/revisions\/59767"}],"wp:featuredmedia":[{"embeddable":true,"href":"https:\/\/catolicanet.net\/wp-cnet\/wp-json\/wp\/v2\/media\/59766"}],"wp:attachment":[{"href":"https:\/\/catolicanet.net\/wp-cnet\/wp-json\/wp\/v2\/media?parent=59765"}],"wp:term":[{"taxonomy":"category","embeddable":true,"href":"https:\/\/catolicanet.net\/wp-cnet\/wp-json\/wp\/v2\/categories?post=59765"},{"taxonomy":"post_tag","embeddable":true,"href":"https:\/\/catolicanet.net\/wp-cnet\/wp-json\/wp\/v2\/tags?post=59765"}],"curies":[{"name":"wp","href":"https:\/\/api.w.org\/{rel}","templated":true}]}}