{"id":59743,"date":"2020-06-04T12:42:24","date_gmt":"2020-06-04T15:42:24","guid":{"rendered":"https:\/\/catolicanet.net\/wp-cnet\/?p=59743"},"modified":"2020-06-04T12:42:24","modified_gmt":"2020-06-04T15:42:24","slug":"sabedoria-popular-tome-cuidado-para-nao-se-tornar-uma-carroca-vazia","status":"publish","type":"post","link":"https:\/\/catolicanet.net\/wp-cnet\/sabedoria-popular-tome-cuidado-para-nao-se-tornar-uma-carroca-vazia\/","title":{"rendered":"Sabedoria popular: tome cuidado para n\u00e3o se tornar uma \u201ccarro\u00e7a vazia\u201d"},"content":{"rendered":"<h2 class=\"subtitle\" style=\"text-align: justify;\">\u201c\u00c9 muito f\u00e1cil saber que uma carro\u00e7a est\u00e1 vazia por causa do barulho: quanto mais vazia a carro\u00e7a, maior \u00e9 o barulho que faz\u201d<\/h2>\n<div class=\"base-post-content\">Oapresentador\u00a0<strong>Marcus Tullius<\/strong>, da TV Pai Eterno, publicou no\u00a0<a href=\"https:\/\/www.paieterno.com.br\/2020\/05\/31\/carroca-vazia-faz-mais-barulho\/\" target=\"_blank\" rel=\"noopener noreferrer\">site da Associa\u00e7\u00e3o Filhos do Pai Eterno (Afipe)<\/a>\u00a0uma analogia relacionada com a celebra\u00e7\u00e3o de Pentecostes, a festa lit\u00fargica com que, no domingo passado, encerramos o Tempo Pascal.<\/p>\n<p style=\"text-align: justify;\">Marcus contou a seguinte par\u00e1bola:<\/p>\n<p style=\"text-align: justify;\">Certa manh\u00e3, meu pai, muito s\u00e1bio, convidou-me a dar um passeio no bosque e eu aceitei com prazer. Ele se deteve numa clareira e depois de um pequeno sil\u00eancio me perguntou:<\/p>\n<p style=\"text-align: justify;\">\u2013 Al\u00e9m do cantar dos p\u00e1ssaros, voc\u00ea est\u00e1 ouvindo mais alguma coisa?<\/p>\n<p style=\"text-align: justify;\">Apurei os ouvidos alguns segundos e respondi:<\/p>\n<p style=\"text-align: justify;\">\u2013 Estou ouvindo um barulho de carro\u00e7a.<\/p>\n<p style=\"text-align: justify;\">\u2013 Isso mesmo, disse meu pai, \u00e9 uma carro\u00e7a vazia\u2026<\/p>\n<p style=\"text-align: justify;\">Perguntei ao meu pai:<\/p>\n<p style=\"text-align: justify;\">\u2013 Como pode saber que a carro\u00e7a est\u00e1 vazia, se ainda n\u00e3o a vimos?<\/p>\n<p style=\"text-align: justify;\">\u2013 Ora, respondeu meu pai, \u00e9 muito f\u00e1cil saber que uma carro\u00e7a est\u00e1 vazia por causa do barulho. Quanto mais vazia a carro\u00e7a, maior \u00e9 o barulho que faz.<\/p>\n<p style=\"text-align: justify;\">A partir dessa pequena hist\u00f3ria, o apresentador observou que \u201ctodos n\u00f3s podemos nos tornar carro\u00e7as vazias, fazendo um barulho tremendo quando n\u00e3o a enchemos daquilo que \u00e9 essencial\u201d.<\/p>\n<p style=\"text-align: justify;\">Precisamos ench\u00ea-la de Deus, mas sem \u201caprisionar Deus\u201d: trata-se de encher-se d\u2019Ele para dar sentido \u00e0 nossa vida e comunic\u00e1-Lo aos outros.<\/p>\n<p style=\"text-align: justify;\"><em>\u201cCreio que voc\u00ea deve conhecer pessoas cheias de Deus, n\u00e3o \u00e9 mesmo? Pessoas que, generosa e silenciosamente, sem alardes, nos fazem provar qu\u00e3o grande \u00e9 Seu amor e qu\u00e3o impregnadas elas est\u00e3o do Santo Esp\u00edrito\u201d.<\/em><\/p>\n<p style=\"text-align: justify;\">Pentecostes, recordou ele ent\u00e3o, \u00e9 uma feliz oportunidade para nos esvaziarmos de n\u00f3s mesmos e enchermos a nossa carro\u00e7a com Deus, e n\u00e3o podemos fazer isto sem a gra\u00e7a e a luz do Esp\u00edrito Santo. S\u00e3o Paulo nos ensina:<\/p>\n<p style=\"text-align: justify;\"><em>\u201cO Esp\u00edrito vem em socorro da nossa fraqueza. \u00c9 o pr\u00f3prio Esp\u00edrito que intercede em nosso favor, com gemidos inexprim\u00edveis. E aquele que examina os cora\u00e7\u00f5es sabe qual \u00e9 o pensamento do Esp\u00edrito, pois \u00e9 de acordo com Deus que ele intercede em favor dos santos\u201d (cf. Rm 8,26-27)<\/em><\/p>\n<\/div>\n","protected":false},"excerpt":{"rendered":"<p>\u201c\u00c9 muito f\u00e1cil saber que uma carro\u00e7a est\u00e1 vazia por causa do barulho: quanto mais vazia a carro\u00e7a, maior \u00e9 o barulho que faz\u201d Oapresentador\u00a0Marcus Tullius, da TV Pai Eterno, publicou no\u00a0site da Associa\u00e7\u00e3o Filhos do Pai Eterno (Afipe)\u00a0uma analogia relacionada com a celebra\u00e7\u00e3o de Pentecostes, a festa lit\u00fargica com que, no domingo passado, encerramos [&hellip;]<\/p>\n","protected":false},"author":1,"featured_media":59744,"comment_status":"open","ping_status":"closed","sticky":false,"template":"","format":"standard","meta":{"footnotes":""},"categories":[4,13],"tags":[],"class_list":["post-59743","post","type-post","status-publish","format-standard","has-post-thumbnail","hentry","category-cotidiano","category-featured"],"_links":{"self":[{"href":"https:\/\/catolicanet.net\/wp-cnet\/wp-json\/wp\/v2\/posts\/59743","targetHints":{"allow":["GET"]}}],"collection":[{"href":"https:\/\/catolicanet.net\/wp-cnet\/wp-json\/wp\/v2\/posts"}],"about":[{"href":"https:\/\/catolicanet.net\/wp-cnet\/wp-json\/wp\/v2\/types\/post"}],"author":[{"embeddable":true,"href":"https:\/\/catolicanet.net\/wp-cnet\/wp-json\/wp\/v2\/users\/1"}],"replies":[{"embeddable":true,"href":"https:\/\/catolicanet.net\/wp-cnet\/wp-json\/wp\/v2\/comments?post=59743"}],"version-history":[{"count":1,"href":"https:\/\/catolicanet.net\/wp-cnet\/wp-json\/wp\/v2\/posts\/59743\/revisions"}],"predecessor-version":[{"id":59745,"href":"https:\/\/catolicanet.net\/wp-cnet\/wp-json\/wp\/v2\/posts\/59743\/revisions\/59745"}],"wp:featuredmedia":[{"embeddable":true,"href":"https:\/\/catolicanet.net\/wp-cnet\/wp-json\/wp\/v2\/media\/59744"}],"wp:attachment":[{"href":"https:\/\/catolicanet.net\/wp-cnet\/wp-json\/wp\/v2\/media?parent=59743"}],"wp:term":[{"taxonomy":"category","embeddable":true,"href":"https:\/\/catolicanet.net\/wp-cnet\/wp-json\/wp\/v2\/categories?post=59743"},{"taxonomy":"post_tag","embeddable":true,"href":"https:\/\/catolicanet.net\/wp-cnet\/wp-json\/wp\/v2\/tags?post=59743"}],"curies":[{"name":"wp","href":"https:\/\/api.w.org\/{rel}","templated":true}]}}