{"id":5967,"date":"2015-07-07T14:30:24","date_gmt":"2015-07-07T17:30:24","guid":{"rendered":"http:\/\/catolicanet.net\/wp-cnet\/no-equador-papa-dedica-missa-a-familia\/"},"modified":"2017-04-10T11:57:46","modified_gmt":"2017-04-10T14:57:46","slug":"no-equador-papa-dedica-missa-a-familia","status":"publish","type":"post","link":"https:\/\/catolicanet.net\/wp-cnet\/no-equador-papa-dedica-missa-a-familia\/","title":{"rendered":"No Equador, papa dedica missa \u00e0 Fam\u00edlia"},"content":{"rendered":"<p style=\"text-align: justify;\"><img decoding=\"async\" src=\"http:\/\/catolicanet.com.br\/images\/stories\/geral\/papa no equador2.jpg\" border=\"0\" align=\"left\" \/>A primeira missa celebrada pelo papa Francisco no Equador reuniu ontem, 6, em Guayaquil, mais de um milh\u00e3o de pessoas. O pont\u00edfice havia se deslocado de Quito, capital do pa\u00eds, para Guayaquil onde visitou o Santu\u00e1rio da Divina Miseric\u00f3rdia, segundo lugar de culto do pa\u00eds. No Santu\u00e1rio, Francisco foi acolhido por uma multid\u00e3o. Antes de deixar o templo, rezou uma Ave Maria com os presentes. Em seguida, o papa foi para o Parque dos Samanes, onde celebrou missa dedicada \u00e0s fam\u00edlias e cujo Evangelho foi o relato das bodas de Cana\u00e3. Em sua homilia, o papa falou da figura de Maria que manifesta a Jesus sua preocupa\u00e7\u00e3o pela falta de vinho.<\/p>\n<p>Leia, abaixo, a \u00edntegra da homilia do papa Francisco.<\/p>\n<p>SANTA MISSA PELAS FAM\u00cdLIAS<\/p>\n<p>HOMILIA DO SANTO PADRE<\/p>\n<p>Parque dos Samanes, Guayaquil, Equador<br \/>Segunda-feira, 6 de julho de 2015<\/p>\n<p>A passagem do Evangelho que acabamos de ouvir \u00e9 o primeiro sinal prodigioso que se realiza segundo a narrativa do Evangelho de Jo\u00e3o. A preocupa\u00e7\u00e3o de Maria, transformada em s\u00faplica a Jesus: \u00abN\u00e3o tem vinho!\u00bb &#8211; disse-Lhe &#8211; e a refer\u00eancia \u00e0 \u00abhora\u00bb compreender-se-\u00e3o, depois, nos relatos da Paix\u00e3o.<\/p>\n<p>\u00c9 bom que assim seja, porque permite-nos ver a \u00e2nsia de Jesus por ensinar, acompanhar, curar e alegrar, a come\u00e7ar da s\u00faplica de sua M\u00e3e: \u00abN\u00e3o tem vinho!\u00bb<\/p>\n<p>As bodas de Cana\u00e3 repetem-se em cada gera\u00e7\u00e3o, em cada fam\u00edlia, em cada um de n\u00f3s e nossas tentativas de fazer com que o nosso cora\u00e7\u00e3o consiga apoiar-se em amores duradouros, em amores fecundos e em amores felizes. Demos um lugar a Maria, \u00aba m\u00e3e\u00bb, como diz o evangelista. E fa\u00e7amos com Ela agora o itiner\u00e1rio de Cana\u00e3.<\/p>\n<p>Maria est\u00e1 atenta, est\u00e1 atenta naquelas bodas j\u00e1 iniciadas, \u00e9 sol\u00edcita pelas necessidades dos esposos. N\u00e3o Se fecha em Si mesma, n\u00e3o Se encerra no seu mundo; o seu amor f\u00e1-La \u00abser para\u00bb os outros. Nem procura as amigas para comentar o que se est\u00e1 a passar e criticar a m\u00e1 prepara\u00e7\u00e3o das bodas. E como est\u00e1 atenta, com a sua discri\u00e7\u00e3o d\u00e1-Se conta de que falta o vinho. O vinho \u00e9 sinal de alegria, de amor, de abund\u00e2ncia. Quantos dos nossos adolescentes e jovens percebem que, em suas casas, h\u00e1 muito que n\u00e3o existe desse vinho! Quantas mulheres, sozinhas e tristes, se interrogam quando foi embora o amor, quando o amor se diluiu da sua vida! Quantos idosos se sentem deixados fora da festa das suas fam\u00edlias, abandonados num canto e j\u00e1 sem beber do amor di\u00e1rio dos seus filhos, dos seus netos, dos seus bisnetos. A falta desse vinho pode ser efeito tamb\u00e9m da falta de trabalho, das doen\u00e7as, situa\u00e7\u00f5es problem\u00e1ticas que as nossas fam\u00edlias atravessam em todo o mundo. Maria n\u00e3o \u00e9 uma m\u00e3e \u00abreclamadora\u00bb, nem uma sogra que espia para se consolar com as nossas inexperi\u00eancias, os nossos erros ou descuidos. Maria, simplesmente, \u00e9 m\u00e3e! Permanece ao nosso lado, atenta e sol\u00edcita. \u00c9 belo escutar isto: Maria \u00e9 m\u00e3e! Tendes coragem para o dizer todos juntos comigo? Ent\u00e3o: Maria \u00e9 m\u00e3e! Outra vez: Maria \u00e9 m\u00e3e! Outra vez: Maria \u00e9 m\u00e3e!<\/p>\n<p>Maria, por\u00e9m, no momento em que constata que falta o vinho, dirige-Se com confian\u00e7a a Jesus: isto significa que Maria reza. Vai ter com Jesus, reza. N\u00e3o vai ao chefe de mesa; apresenta a dificuldade dos esposos diretamente a seu Filho. A resposta que recebe parece desalentadora: \u00abE que tem isso a ver contigo e comigo? Ainda n\u00e3o chegou a minha hora\u00bb (v. 4). Mas, entretanto, j\u00e1 deixou o problema nas m\u00e3os de Deus. A sua afli\u00e7\u00e3o com as necessidades dos outros apressa a \u00abhora\u00bb de Jesus. E Maria \u00e9 parte desta hora, desde o pres\u00e9pio at\u00e9 \u00e0 cruz \u2013 Ela soube \u00abtransformar um curral de animais na casa de Jesus, com uns pobres paninhos e uma montanha de ternura\u00bb (EG 286), e recebeu-nos como filhos quando uma espada Lhe trespassava o cora\u00e7\u00e3o \u2013, Maria ensina-nos a deixar as nossas fam\u00edlias nas m\u00e3os de Deus; ensina-nos a rezar, acendendo a esperan\u00e7a que nos indica que as nossas preocupa\u00e7\u00f5es tamb\u00e9m preocupam a Deus.<\/p>\n<p>E, rezar, sempre nos arranca do per\u00edmetro das nossas preocupa\u00e7\u00f5es, fazendo-nos transcender aquilo que nos magoa, o que nos agita ou o que nos faz falta a n\u00f3s mesmos, e nos ajuda a colocarmo-nos na pele dos outros, cal\u00e7armos os seus sapatos. A fam\u00edlia \u00e9 uma escola onde a ora\u00e7\u00e3o tamb\u00e9m nos lembra que h\u00e1 um n\u00f3s, que h\u00e1 um pr\u00f3ximo vizinho, patente: que vive sob o mesmo teto, que compartilha a vida e est\u00e1 necessitado.<\/p>\n<p>E, finalmente, Maria atua. As palavras \u00abfazei o que Ele vos disser\u00bb (v. 5), dirigidas aos serventes, s\u00e3o um convite dirigido tamb\u00e9m a n\u00f3s para nos colocarmos \u00e0 disposi\u00e7\u00e3o de Jesus, que veio para servir e n\u00e3o para ser servido. O servi\u00e7o \u00e9 o crit\u00e9rio do verdadeiro amor. Aquele que ama serve, p\u00f5e-se ao servi\u00e7o dos outros. E isto aprende-se especialmente na fam\u00edlia, onde nos tornamos servidores uns dos outros por amor. Dentro da fam\u00edlia, ningu\u00e9m \u00e9 descartado; todos valem o mesmo.<\/p>\n<p>Lembro-me que uma vez perguntaram \u00e0 minha m\u00e3e qual dos cinco filhos \u2013 n\u00f3s somos cinco irm\u00e3os \u2013 qual dos cinco filhos amava mais. E ela disse [mostra a m\u00e3o]: como os dedos, se me picam este d\u00f3i-me o mesmo que se me picam outro. Uma m\u00e3e ama seus filhos como s\u00e3o. E, numa fam\u00edlia, os irm\u00e3os amam-se como s\u00e3o. Ningu\u00e9m \u00e9 descartado.<\/p>\n<p>L\u00e1, na fam\u00edlia, \u00abaprende-se a pedir licen\u00e7a sem servilismo, a dizer \u201cobrigado\u201d como express\u00e3o de uma sentida avalia\u00e7\u00e3o das coisas que recebemos, a dominar a agressividade ou a gan\u00e2ncia; l\u00e1 se aprende tamb\u00e9m a pedir desculpa quando fazemos algo de mal, quando nos ofendemos. Porque, em toda a fam\u00edlia, h\u00e1 ofensas. O problema \u00e9 depois pedir perd\u00e3o. Estes pequenos gestos de sincera cortesia ajudam a construir uma cultura da vida compartilhada e do respeito pelo que nos rodeia\u00bb (LS 213). A fam\u00edlia \u00e9 o hospital mais pr\u00f3ximo, quando uma pessoa est\u00e1 doente cuidam-na l\u00e1 enquanto se pode. A fam\u00edlia \u00e9 a primeira escola das crian\u00e7as, \u00e9 o grupo de refer\u00eancia imprescind\u00edvel para os jovens, \u00e9 o melhor asilo para os idosos. A fam\u00edlia constitui a grande \u00abriqueza social\u00bb, que outras institui\u00e7\u00f5es n\u00e3o podem substituir, devendo ser ajudada e refor\u00e7ada para n\u00e3o perder jamais o justo sentido dos servi\u00e7os que a sociedade presta aos seus cidad\u00e3os. Com efeito, estes servi\u00e7os que a sociedade presta aos cidad\u00e3os n\u00e3o s\u00e3o uma esp\u00e9cie de esmola, mas uma verdadeira \u00abd\u00edvida social\u00bb para com a institui\u00e7\u00e3o familiar, que \u00e9 a base e que tanto contribui para o bem comum de todos.<\/p>\n<p>A fam\u00edlia tamb\u00e9m forma uma pequena Igreja \u2013 chamamo-la \u00abIgreja dom\u00e9stica\u00bb \u2013 que, juntamente com a vida, canaliza a ternura e a miseric\u00f3rdia divina. Na fam\u00edlia, a f\u00e9 mistura-se com o leite materno: experimentando o amor dos pais, sente-se mais perto do amor de Deus.<\/p>\n<p>E, na fam\u00edlia \u2013 disto todos somos testemunhas -, os milagres fazem-se com o que h\u00e1, com o que somos, com aquilo que a pessoa tem \u00e0 m\u00e3o. Muitas vezes n\u00e3o \u00e9 o ideal, n\u00e3o \u00e9 o que sonhamos, nem o que \u00abdeveria ser\u00bb. H\u00e1 aqui um detalhe que nos deve fazer pensar: o vinho novo, o vinho melhor, como o designa o mestre de mesa nas bodas de Cana\u00e3, nasce das talhas de purifica\u00e7\u00e3o, isto \u00e9, do lugar onde todos tinham deixado o seu pecado\u2026 Nasce do \u00abpiorzinho\u00bb, porque \u00abonde abundou o pecado, superabundou a gra\u00e7a\u00bb (Rm 5, 20). E na fam\u00edlia de cada um de n\u00f3s e na fam\u00edlia comum que todos formamos, nada se descarta, nada \u00e9 in\u00fatil. Pouco antes de come\u00e7ar o Ano Jubilar da Miseric\u00f3rdia, a Igreja vai celebrar o S\u00ednodo Ordin\u00e1rio dedicado \u00e0s fam\u00edlias, para amadurecer um verdadeiro discernimento espiritual e encontrar solu\u00e7\u00f5es e ajudas concretas para as in\u00fameras dificuldades e importantes desafios que hoje a fam\u00edlia deve enfrentar. Convido-vos a intensificar a vossa ora\u00e7\u00e3o por esta inten\u00e7\u00e3o: para que, mesmo aquilo que nos pare\u00e7a impuro como a \u00e1gua das talhas, nos escandalize ou nos espante, Deus \u2013 fazendo-o passar pela sua \u00abhora\u00bb &#8211; possa milagrosamente transform\u00e1-lo. Hoje a fam\u00edlia precisa deste milagre.<\/p>\n<p>E toda esta hist\u00f3ria come\u00e7ou porque \u00abn\u00e3o tinham vinho\u00bb e tudo se p\u00f4de fazer porque uma mulher \u2013 a Virgem Maria \u2013 esteve atenta, soube p\u00f4r nas m\u00e3os de Deus as suas preocupa\u00e7\u00f5es e agiu com sensatez e coragem. Mas h\u00e1 um detalhe, n\u00e3o \u00e9 menos significativo o dado final: saborearam o melhor dos vinhos. E esta \u00e9 a boa nova: o melhor dos vinhos ainda n\u00e3o foi bebido, o mais gracioso, o mais profundo e o mais belo para a fam\u00edlia ainda n\u00e3o chegou. Ainda n\u00e3o veio o tempo em que saboreamos o amor di\u00e1rio, onde os nossos filhos redescobrem o espa\u00e7o que partilhamos, e os mais velhos est\u00e3o presentes na alegria de cada dia. O melhor dos vinhos aguardamo-lo com esperan\u00e7a, ainda n\u00e3o veio para cada pessoa que aposta no amor. E na fam\u00edlia h\u00e1 que apostar no amor, h\u00e1 que arriscar no amor. E o melhor dos vinhos ainda n\u00e3o veio, mesmo que todas as vari\u00e1veis e estat\u00edsticas digam o contr\u00e1rio; o melhor vinho ainda n\u00e3o chegou para aqueles que hoje veem desmoronar-se tudo. Murmurai isto at\u00e9 acredit\u00e1-lo: o melhor vinho ainda n\u00e3o veio. Murmurai-o cada um no seu cora\u00e7\u00e3o: o melhor vinho ainda n\u00e3o veio. E sussurrai-o aos desesperados ou aos que desistiram do amor: Tende paci\u00eancia, tende esperan\u00e7a, fazei como Maria, rezai, atuai, abri o cora\u00e7\u00e3o porque o melhor dos vinhos vai chegar. Deus sempre Se aproxima das periferias de quantos ficaram sem vinho, daqueles que s\u00f3 t\u00eam des\u00e2nimos para beber; Jesus sente-Se inclinado a desperdi\u00e7ar o melhor dos vinhos com aqueles que, por uma raz\u00e3o ou outra, sentem que j\u00e1 se lhes romperam todas as talhas.<\/p>\n<p>Como Maria nos convida, fa\u00e7amos \u00abo que o Senhor nos disser\u00bb Fazei o que Ele vos disser. E agrade\u00e7amos por, neste nosso tempo e nossa hora, o vinho novo, o melhor, nos fazer recuperar a alegria da fam\u00edlia, a alegria de viver em fam\u00edlia. Assim seja.<\/p>\n<p>Que Deus vos aben\u00e7oe e acompanhe! Rezo pela fam\u00edlia de cada um de v\u00f3s, e v\u00f3s fazei o mesmo que fez Maria. E, por favor, pe\u00e7o-vos que n\u00e3o vos esque\u00e7ais de rezar por mim. At\u00e9 ao regresso!<\/p>\n","protected":false},"excerpt":{"rendered":"<p>A primeira missa celebrada pelo papa Francisco no Equador reuniu ontem, 6, em Guayaquil, mais de um milh\u00e3o de pessoas. O pont\u00edfice havia se deslocado de Quito, capital do pa\u00eds, para Guayaquil onde visitou o Santu\u00e1rio da Divina Miseric\u00f3rdia, segundo lugar de culto do pa\u00eds. No Santu\u00e1rio, Francisco foi acolhido por uma multid\u00e3o. Antes de [&hellip;]<\/p>\n","protected":false},"author":1,"featured_media":0,"comment_status":"closed","ping_status":"closed","sticky":false,"template":"","format":"standard","meta":{"footnotes":""},"categories":[3],"tags":[],"class_list":["post-5967","post","type-post","status-publish","format-standard","hentry","category-vaticano"],"_links":{"self":[{"href":"https:\/\/catolicanet.net\/wp-cnet\/wp-json\/wp\/v2\/posts\/5967","targetHints":{"allow":["GET"]}}],"collection":[{"href":"https:\/\/catolicanet.net\/wp-cnet\/wp-json\/wp\/v2\/posts"}],"about":[{"href":"https:\/\/catolicanet.net\/wp-cnet\/wp-json\/wp\/v2\/types\/post"}],"author":[{"embeddable":true,"href":"https:\/\/catolicanet.net\/wp-cnet\/wp-json\/wp\/v2\/users\/1"}],"replies":[{"embeddable":true,"href":"https:\/\/catolicanet.net\/wp-cnet\/wp-json\/wp\/v2\/comments?post=5967"}],"version-history":[{"count":1,"href":"https:\/\/catolicanet.net\/wp-cnet\/wp-json\/wp\/v2\/posts\/5967\/revisions"}],"predecessor-version":[{"id":10831,"href":"https:\/\/catolicanet.net\/wp-cnet\/wp-json\/wp\/v2\/posts\/5967\/revisions\/10831"}],"wp:attachment":[{"href":"https:\/\/catolicanet.net\/wp-cnet\/wp-json\/wp\/v2\/media?parent=5967"}],"wp:term":[{"taxonomy":"category","embeddable":true,"href":"https:\/\/catolicanet.net\/wp-cnet\/wp-json\/wp\/v2\/categories?post=5967"},{"taxonomy":"post_tag","embeddable":true,"href":"https:\/\/catolicanet.net\/wp-cnet\/wp-json\/wp\/v2\/tags?post=5967"}],"curies":[{"name":"wp","href":"https:\/\/api.w.org\/{rel}","templated":true}]}}