{"id":59661,"date":"2020-06-02T12:01:40","date_gmt":"2020-06-02T15:01:40","guid":{"rendered":"https:\/\/catolicanet.net\/wp-cnet\/?p=59661"},"modified":"2020-06-02T12:01:40","modified_gmt":"2020-06-02T15:01:40","slug":"cnbb-envia-aos-bispos-do-brasil-orientacoes-liturgico-pastorais-para-retorno-as-atividades","status":"publish","type":"post","link":"https:\/\/catolicanet.net\/wp-cnet\/cnbb-envia-aos-bispos-do-brasil-orientacoes-liturgico-pastorais-para-retorno-as-atividades\/","title":{"rendered":"CNBB envia aos bispos do Brasil orienta\u00e7\u00f5es lit\u00fargico-pastorais para retorno \u00e0s atividades"},"content":{"rendered":"<p style=\"text-align: justify;\">Aos poucos, as autoridades pol\u00edticas estaduais, observando as medidas sanit\u00e1rias, v\u00e3o permitindo a abertura de atividades ap\u00f3s um per\u00edodo mais intenso de isolamento social como medida para conten\u00e7\u00e3o do avan\u00e7o do novo coronav\u00edrus. Entre as a\u00e7\u00f5es permitidas encontra-se a possibilidade do retorno da realiza\u00e7\u00e3o de celebra\u00e7\u00f5es religiosas e missas.<\/p>\n<p style=\"text-align: justify;\">A Confer\u00eancia Nacional dos Bispos do Brasil (CNBB) enviou a todo episcopado brasileiro, dia 31 de maio, um documento de oito p\u00e1ginas com as \u201cOrienta\u00e7\u00f5es Lit\u00fargico-Pastorais para o retorno \u00e0s atividades presenciais\u201d. A orienta\u00e7\u00f5es foram elaboradas pela Comiss\u00e3o Episcopal Pastoral para a Liturgia da CNBB a partir de experi\u00eancias de dioceses do Brasil e do exterior. Cabe, contudo, ao bispo de casa Igreja Particular, \u00e0 luz de cada realidade local, orientar os fieis neste retorno \u00e0s atividades presenciais.<\/p>\n<p style=\"text-align: justify;\">O documento sistematiza uma s\u00e9rie de orienta\u00e7\u00f5es gerais para a organiza\u00e7\u00e3o e realiza\u00e7\u00e3o das missas e os cuidados que devem ser tomados antes, durante e ap\u00f3s cada celebra\u00e7\u00e3o. Tamb\u00e9m apresenta orienta\u00e7\u00f5es espec\u00edficas, como o ritual para os batizados. Um cuidado necess\u00e1rio \u00e9 a orienta\u00e7\u00e3o aos fieis que apresentarem sintomas e que integram os grupos de risco a ficarem em suas casas, onde as comunidades devem se organizar para ministrar a comunh\u00e3o.<\/p>\n<p style=\"text-align: justify;\">Outra indica\u00e7\u00e3o tamb\u00e9m \u00e9 que as comunidades fixem em cartazes as observa\u00e7\u00f5es relativas \u00e0 higiene para evitar a dissemina\u00e7\u00e3o do novo coronav\u00edrus. A utiliza\u00e7\u00e3o de m\u00e1scaras, que poder\u00e3o ser tiradas apenas no momento da comunh\u00e3o, ser\u00e1 obrigat\u00f3ria. Conhe\u00e7a a \u00edntegra do documento\u00a0<a href=\"https:\/\/www.cnbb.org.br\/wp-content\/uploads\/sites\/32\/2020\/06\/Orienta%C3%A7%C3%B5es-lit%C3%BArgico-pastorais-para-o-retorno-%C3%A0s-atividades-presenciais.pdf\">aqui.<\/a><\/p>\n<div class=\"elfsight-widget-pdf-embed elfsight-widget\" data-elfsight-widget-id=\"elfsight-pdf-embed-4\">\n<div class=\"jsx-600901985 eape-widget-container\">\n<div class=\"jsx-2845908941 eape-title-component\" style=\"text-align: justify;\">\u201cOrienta\u00e7\u00f5es Lit\u00fagico-Pastorais para o retorno \u00e0s atividades presenciais\u201d<\/div>\n<div class=\"eape-viewer-component\">\n<div class=\"jsx-1775088294 eape-embed-file-component\">\n<div class=\"jsx-1775088294 eape-embed-file-header\" style=\"text-align: justify;\">\n<div class=\"jsx-1775088294 eape-embed-file-headerWrapper\">\n<div class=\"jsx-1775088294 eape-embed-file-name\">Orienta\u00e7\u00f5es da CNBBpara as Celebra\u00e7\u00f5esComunit\u00e1riasno contexto da pandemia daCOVID \u201319<\/div>\n<div class=\"jsx-1775088294 eape-embed-file-linkWrapper\"><a class=\"jsx-1775088294 eape-embed-file-link\" href=\"https:\/\/www.cnbb.org.br\/wp-content\/uploads\/sites\/32\/2020\/06\/Orienta%C3%A7%C3%B5es-lit%C3%BArgico-pastorais-para-o-retorno-%C3%A0s-atividades-presenciais.pdf\" target=\"_blank\" rel=\"noopener noreferrer nofollow\" download=\"\">Download<\/a><\/div>\n<\/div>\n<\/div>\n<div class=\"jsx-1775088294 eape-embed-file-wrapper\" style=\"text-align: justify;\"><iframe class=\"jsx-1775088294 eape-embed-file-iframe\" title=\"doc\" src=\"https:\/\/docs.google.com\/gview?url=https:\/\/www.cnbb.org.br\/wp-content\/uploads\/sites\/32\/2020\/06\/Orienta%C3%A7%C3%B5es-lit%C3%BArgico-pastorais-para-o-retorno-%C3%A0s-atividades-presenciais.pdf&amp;embedded=true\" data-mce-fragment=\"1\"><\/iframe><\/div>\n<\/div>\n<\/div>\n<\/div>\n<\/div>\n","protected":false},"excerpt":{"rendered":"<p>Aos poucos, as autoridades pol\u00edticas estaduais, observando as medidas sanit\u00e1rias, v\u00e3o permitindo a abertura de atividades ap\u00f3s um per\u00edodo mais intenso de isolamento social como medida para conten\u00e7\u00e3o do avan\u00e7o do novo coronav\u00edrus. Entre as a\u00e7\u00f5es permitidas encontra-se a possibilidade do retorno da realiza\u00e7\u00e3o de celebra\u00e7\u00f5es religiosas e missas. A Confer\u00eancia Nacional dos Bispos do [&hellip;]<\/p>\n","protected":false},"author":1,"featured_media":59662,"comment_status":"open","ping_status":"closed","sticky":false,"template":"","format":"standard","meta":{"footnotes":""},"categories":[7],"tags":[],"class_list":["post-59661","post","type-post","status-publish","format-standard","has-post-thumbnail","hentry","category-cnbb"],"_links":{"self":[{"href":"https:\/\/catolicanet.net\/wp-cnet\/wp-json\/wp\/v2\/posts\/59661","targetHints":{"allow":["GET"]}}],"collection":[{"href":"https:\/\/catolicanet.net\/wp-cnet\/wp-json\/wp\/v2\/posts"}],"about":[{"href":"https:\/\/catolicanet.net\/wp-cnet\/wp-json\/wp\/v2\/types\/post"}],"author":[{"embeddable":true,"href":"https:\/\/catolicanet.net\/wp-cnet\/wp-json\/wp\/v2\/users\/1"}],"replies":[{"embeddable":true,"href":"https:\/\/catolicanet.net\/wp-cnet\/wp-json\/wp\/v2\/comments?post=59661"}],"version-history":[{"count":1,"href":"https:\/\/catolicanet.net\/wp-cnet\/wp-json\/wp\/v2\/posts\/59661\/revisions"}],"predecessor-version":[{"id":59663,"href":"https:\/\/catolicanet.net\/wp-cnet\/wp-json\/wp\/v2\/posts\/59661\/revisions\/59663"}],"wp:featuredmedia":[{"embeddable":true,"href":"https:\/\/catolicanet.net\/wp-cnet\/wp-json\/wp\/v2\/media\/59662"}],"wp:attachment":[{"href":"https:\/\/catolicanet.net\/wp-cnet\/wp-json\/wp\/v2\/media?parent=59661"}],"wp:term":[{"taxonomy":"category","embeddable":true,"href":"https:\/\/catolicanet.net\/wp-cnet\/wp-json\/wp\/v2\/categories?post=59661"},{"taxonomy":"post_tag","embeddable":true,"href":"https:\/\/catolicanet.net\/wp-cnet\/wp-json\/wp\/v2\/tags?post=59661"}],"curies":[{"name":"wp","href":"https:\/\/api.w.org\/{rel}","templated":true}]}}