{"id":59641,"date":"2020-06-01T14:56:21","date_gmt":"2020-06-01T17:56:21","guid":{"rendered":"https:\/\/catolicanet.net\/wp-cnet\/?p=59641"},"modified":"2020-06-01T21:59:25","modified_gmt":"2020-06-02T00:59:25","slug":"o-papa-nomeou-nuncio-apostolico-na-russia-dom-giovanni-daniello-ate-entao-nuncio-no-brasil","status":"publish","type":"post","link":"https:\/\/catolicanet.net\/wp-cnet\/o-papa-nomeou-nuncio-apostolico-na-russia-dom-giovanni-daniello-ate-entao-nuncio-no-brasil\/","title":{"rendered":"O Papa nomeou n\u00fancio apost\u00f3lico na R\u00fassia dom Giovanni d\u2019Aniello, at\u00e9 ent\u00e3o n\u00fancio no Brasil"},"content":{"rendered":"<p style=\"text-align: justify;\">No Santu\u00e1rio Nacional de Aparecida (SP), em maio de 2014, na missa de acolhida aos novos bispos na 52\u00aa Assembleia Geral do episcopado do Brasil, inspirado no Santo Padre, o n\u00fancio apost\u00f3lico no Brasil dom Giovanni d\u2019Aniello afirmou que os bispos \u201cprecisam ser pastores com cheiro de ovelhas\u201d.\u00a0\u00a0Esse princ\u00edpio conduziu a presen\u00e7a do representante do Santo Padre no Brasil ao longo\u00a0desses 8 anos, desde que foi nomeado para o Brasil em 10 de fevereiro de 2012.<\/p>\n<div id=\"attachment_239789\" class=\"wp-caption alignleft\" style=\"text-align: justify;\"><a href=\"https:\/\/www.cnbb.org.br\/wp-content\/uploads\/sites\/32\/2020\/06\/Dom-Danielo-papa-Francisco.jpg\"><img loading=\"lazy\" decoding=\"async\" class=\"wp-image-239789 size-medium\" src=\"https:\/\/www.cnbb.org.br\/wp-content\/uploads\/sites\/32\/2020\/06\/Dom-Danielo-papa-Francisco-300x191.jpg\" srcset=\"https:\/\/www.cnbb.org.br\/wp-content\/uploads\/sites\/32\/2020\/06\/Dom-Danielo-papa-Francisco-300x191.jpg 300w, https:\/\/www.cnbb.org.br\/wp-content\/uploads\/sites\/32\/2020\/06\/Dom-Danielo-papa-Francisco-768x488.jpg 768w, https:\/\/www.cnbb.org.br\/wp-content\/uploads\/sites\/32\/2020\/06\/Dom-Danielo-papa-Francisco.jpg 1000w\" alt=\"\" width=\"300\" height=\"191\" aria-describedby=\"caption-attachment-239789\" \/><\/a><\/p>\n<p id=\"caption-attachment-239789\" class=\"wp-caption-text\">N\u00fancio no Brasil participa de expedi\u00e7\u00e3o do barco Papa Franscico, no Par\u00e1, em fevereiro.<\/p>\n<\/div>\n<p style=\"text-align: justify;\">No Brasil, dom Giovanni sempre foi uma presen\u00e7a pr\u00f3xima \u00e0s Igrejas particulares, ora visitando as dioceses para conhecer as diferentes realidades de perto, inaugurando Igrejas, semin\u00e1rios, concedendo o p\u00e1lio episcopal aos prelados. Sempre esteve acompanhado, de perto, a trajet\u00f3ria da CNBB, participando de suas reuni\u00f5es e da Assembleia Geral (AG) dos bispos do Brasil todos os anos.\u00a0Acompanhou a Igreja,\u00a0sem contudo\u00a0deixar de exercer com esmero\u00a0seu papel como diplomata junto aos governos brasileiros.<\/p>\n<p style=\"text-align: justify;\">O arcebispo italiano substituir\u00e1\u00a0dom\u00a0Celestino\u00a0Migliore, que foi transferido para Paris.\u00a0Dom\u00a0d\u2019Aniello\u00a0\u00e9 o representante diplom\u00e1tico da Santa S\u00e9 e do Papa no Brasil desde\u00a010 de fevereiro de 2012. Antes de vir ao Brasil, dom Giovanni exerceu a nunciatura na Tail\u00e2ndia e no Camboja e foi delegado\u00a0apost\u00f3lico em Myanmar.<\/p>\n<p style=\"text-align: justify;\">Dom Giovanni tem 65 anos, nasceu em\u00a0Aversa\u00a0(It\u00e1lia), foi ordenado sacerdote em dezembro de 1978. \u00c9 doutor em Direito Can\u00f4nico. Ingressou no Servi\u00e7o Diplom\u00e1tico da Santa S\u00e9 em 1983, tendo desempenhado a sua atividade junto \u00e0s Representa\u00e7\u00f5es Pontif\u00edcias do Burundi, Tail\u00e2ndia, L\u00edbano, Brasil e Se\u00e7\u00e3o para as Rela\u00e7\u00f5es com os Estados da Secretaria de Estado, no Vaticano.\u00a0Foi nomeado n\u00fancio apost\u00f3lico na Rep\u00fablica Democr\u00e1tica do Congo, em 2001, e em 2010, foi transferido para a Tail\u00e2ndia e Camboja.<\/p>\n<p style=\"text-align: justify;\">O\u00a0<strong>n<\/strong><b>\u00fancio apost\u00f3lico<\/b>\u00a0\u00e9 o representante da Santa S\u00e9 e tem status de Embaixador. O\u00a0<b>Brasil<\/b>\u00a0foi o primeiro pa\u00eds fora da Europa a receber um representante papal.\u00a0O arcebispo de Belo Horizonte (MG) e presidente da Confer\u00eancia Nacional dos Bispos do Brasil, dom Walmor Oliveira de Azevedo, gravou um v\u00eddeo agradecendo a dom Giovanni pelos servi\u00e7o e tempo dedicado ao Brasil. Veja abaixo:<\/p>\n<p style=\"text-align: justify;\"><iframe loading=\"lazy\" src=\"https:\/\/www.youtube.com\/embed\/KZ4DT45JiTw?feature=oembed\" width=\"900\" height=\"506\" frameborder=\"0\" allowfullscreen=\"allowfullscreen\" data-mce-fragment=\"1\"><\/iframe><\/p>\n","protected":false},"excerpt":{"rendered":"<p>No Santu\u00e1rio Nacional de Aparecida (SP), em maio de 2014, na missa de acolhida aos novos bispos na 52\u00aa Assembleia Geral do episcopado do Brasil, inspirado no Santo Padre, o n\u00fancio apost\u00f3lico no Brasil dom Giovanni d\u2019Aniello afirmou que os bispos \u201cprecisam ser pastores com cheiro de ovelhas\u201d.\u00a0\u00a0Esse princ\u00edpio conduziu a presen\u00e7a do representante do [&hellip;]<\/p>\n","protected":false},"author":1,"featured_media":59642,"comment_status":"open","ping_status":"closed","sticky":false,"template":"","format":"standard","meta":{"footnotes":""},"categories":[7,13],"tags":[],"class_list":["post-59641","post","type-post","status-publish","format-standard","has-post-thumbnail","hentry","category-cnbb","category-featured"],"_links":{"self":[{"href":"https:\/\/catolicanet.net\/wp-cnet\/wp-json\/wp\/v2\/posts\/59641","targetHints":{"allow":["GET"]}}],"collection":[{"href":"https:\/\/catolicanet.net\/wp-cnet\/wp-json\/wp\/v2\/posts"}],"about":[{"href":"https:\/\/catolicanet.net\/wp-cnet\/wp-json\/wp\/v2\/types\/post"}],"author":[{"embeddable":true,"href":"https:\/\/catolicanet.net\/wp-cnet\/wp-json\/wp\/v2\/users\/1"}],"replies":[{"embeddable":true,"href":"https:\/\/catolicanet.net\/wp-cnet\/wp-json\/wp\/v2\/comments?post=59641"}],"version-history":[{"count":1,"href":"https:\/\/catolicanet.net\/wp-cnet\/wp-json\/wp\/v2\/posts\/59641\/revisions"}],"predecessor-version":[{"id":59643,"href":"https:\/\/catolicanet.net\/wp-cnet\/wp-json\/wp\/v2\/posts\/59641\/revisions\/59643"}],"wp:featuredmedia":[{"embeddable":true,"href":"https:\/\/catolicanet.net\/wp-cnet\/wp-json\/wp\/v2\/media\/59642"}],"wp:attachment":[{"href":"https:\/\/catolicanet.net\/wp-cnet\/wp-json\/wp\/v2\/media?parent=59641"}],"wp:term":[{"taxonomy":"category","embeddable":true,"href":"https:\/\/catolicanet.net\/wp-cnet\/wp-json\/wp\/v2\/categories?post=59641"},{"taxonomy":"post_tag","embeddable":true,"href":"https:\/\/catolicanet.net\/wp-cnet\/wp-json\/wp\/v2\/tags?post=59641"}],"curies":[{"name":"wp","href":"https:\/\/api.w.org\/{rel}","templated":true}]}}