{"id":5960,"date":"2015-07-06T13:34:58","date_gmt":"2015-07-06T16:34:58","guid":{"rendered":"http:\/\/catolicanet.net\/wp-cnet\/papa-no-equador-dialogo-e-participacao-sem-exclusoes\/"},"modified":"2017-04-10T11:54:21","modified_gmt":"2017-04-10T14:54:21","slug":"papa-no-equador-dialogo-e-participacao-sem-exclusoes","status":"publish","type":"post","link":"https:\/\/catolicanet.net\/wp-cnet\/papa-no-equador-dialogo-e-participacao-sem-exclusoes\/","title":{"rendered":"Papa no Equador: di\u00e1logo e participa\u00e7\u00e3o sem exclus\u00f5es"},"content":{"rendered":"<p style=\"text-align: justify;\">\n<p><img decoding=\"async\" src=\"http:\/\/catolicanet.com.br\/images\/stories\/geral\/papa equador.jpg\" border=\"0\" align=\"left\" \/>Papa Francisco no Equador, cerim\u00f3nia de boas-vindas &#8211; RV<\/p>\n<p>Foi uma longa viagem aquela que o Papa Francisco fez nesta sua Viagem Apost\u00f3lica \u00e0 Am\u00e9rica Latina. Desde Roma at\u00e9 \u00e0 cidade de Quito, capital do Equador, foram quase 13 horas de uma viagem que leva o Santo Padre para uma visita de oito dias a tr\u00eas pa\u00edses: Equador, Bol\u00edvia e Paraguai.<\/p>\n<p>O Papa Francisco foi recebido em Quito pelo Presidente da Rep\u00fablica do Equador, Rafael Correa, que nas palavras que dirigiu ao Santo Padre sublinhou o facto de aquele pa\u00eds possuir vis\u00f5es comuns com a Igreja Cat\u00f3lica na defesa da vida, da fam\u00edlia e da natureza, e declarou que o Papa Francisco \u00e9 um \u201cgigante moral\u201d em rela\u00e7\u00e3o \u00e0 \u201cinjusta distribui\u00e7\u00e3o dos recursos\u201d.<\/p>\n<p>No seu primeiro discurso o Papa Francisco apresentou-se como \u201ctestemunha de miseric\u00f3rdia e f\u00e9&#8230; na linda terra do Equador\u201d. Saudando o Presidente Rafael Correa, as institui\u00e7\u00f5es, a Igreja local e os fi\u00e9is, o Santo Padre recordou a f\u00e9 que \u201cpor s\u00e9culos plasmaram a identidade\u201d da popula\u00e7\u00e3o local. Santa Mariana de Jesus, S. Miguel Febres, Santa Narcisa de Jesus e Mercedes de Jesus Molina s\u00e3o \u201cfiguras luminosas\u201d daquela terra que praticaram a miseric\u00f3rdia e contribu\u00edram para melhorar a sociedade equatoriana do seu tempo:<\/p>\n<p>\u201cNo presente, tamb\u00e9m n\u00f3s podemos encontrar no Evangelho as chaves que nos permitam enfrentar os desafios atuais, avaliando as diferen\u00e7as, fomentando o di\u00e1logo e a participa\u00e7\u00e3o sem exclus\u00f5es, para que as realiza\u00e7\u00f5es alcan\u00e7adas no progresso e desenvolvimento possam garantir um futuro melhor para todos, prestando especial aten\u00e7\u00e3o aos nossos irm\u00e3os mais fr\u00e1geis e \u00e0s minorias mais vulner\u00e1veis. Para isso, Senhor Presidente, poder\u00e1 contar sempre com o empenho e a colabora\u00e7\u00e3o da Igreja.\u201d<\/p>\n<p>O Papa Francisco declarou iniciar esta semana na Am\u00e9rica Latina com expectativa e esperan\u00e7a, e referiu-se ao ponto mais pr\u00f3ximo do espa\u00e7o externo do mundo que se encontra precisamente no Equador: o cume do Chimborazo, nos Andes, que \u00e9 \u201co ponto mais pr\u00f3ximo do sol, da lua e das estrelas\u201d \u2013 sublinhou o Santo Padre:<\/p>\n<p>\u201cN\u00f3s, crist\u00e3os, vemos Jesus Cristo como o sol, e a lua como a Igreja. A lua n\u00e3o tem luz pr\u00f3pria\u2026e se a lua se esconde do sol torna-se escura. O sol \u00e9 Jesus Cristo e se a Igreja se esconde de Jesus Cristo, torna-se escura e n\u00e3o d\u00e1 testemunho.\u201d<\/p>\n<p>Desde o cume do Chimborazo at\u00e9 \u00e0s costas do Pac\u00edfico, desde a selva amaz\u00f3nica at\u00e9 \u00e0s Ilhas Gal\u00e1pagos, o abra\u00e7o e a b\u00ean\u00e7\u00e3o do Santo Padre para todo o Equador:<\/p>\n<p>\u201c\u2026nunca percais a capacidade de dar gra\u00e7as a Deus pelo que Ele faz por v\u00f3s, a capacidade de proteger o humilde e o simples, cuidar das suas crian\u00e7as e idosos, confiar na juventude, e maravilhar-se com a nobreza do seu povo e a beleza singular do seu pa\u00eds.\u201d<\/p>\n<p style=\"text-align: justify;\">Fonte: R\u00e1dio Vaticano<\/p>\n","protected":false},"excerpt":{"rendered":"<p>Papa Francisco no Equador, cerim\u00f3nia de boas-vindas &#8211; RV Foi uma longa viagem aquela que o Papa Francisco fez nesta sua Viagem Apost\u00f3lica \u00e0 Am\u00e9rica Latina. Desde Roma at\u00e9 \u00e0 cidade de Quito, capital do Equador, foram quase 13 horas de uma viagem que leva o Santo Padre para uma visita de oito dias a [&hellip;]<\/p>\n","protected":false},"author":1,"featured_media":0,"comment_status":"closed","ping_status":"closed","sticky":false,"template":"","format":"standard","meta":{"footnotes":""},"categories":[3],"tags":[],"class_list":["post-5960","post","type-post","status-publish","format-standard","hentry","category-vaticano"],"_links":{"self":[{"href":"https:\/\/catolicanet.net\/wp-cnet\/wp-json\/wp\/v2\/posts\/5960","targetHints":{"allow":["GET"]}}],"collection":[{"href":"https:\/\/catolicanet.net\/wp-cnet\/wp-json\/wp\/v2\/posts"}],"about":[{"href":"https:\/\/catolicanet.net\/wp-cnet\/wp-json\/wp\/v2\/types\/post"}],"author":[{"embeddable":true,"href":"https:\/\/catolicanet.net\/wp-cnet\/wp-json\/wp\/v2\/users\/1"}],"replies":[{"embeddable":true,"href":"https:\/\/catolicanet.net\/wp-cnet\/wp-json\/wp\/v2\/comments?post=5960"}],"version-history":[{"count":1,"href":"https:\/\/catolicanet.net\/wp-cnet\/wp-json\/wp\/v2\/posts\/5960\/revisions"}],"predecessor-version":[{"id":10825,"href":"https:\/\/catolicanet.net\/wp-cnet\/wp-json\/wp\/v2\/posts\/5960\/revisions\/10825"}],"wp:attachment":[{"href":"https:\/\/catolicanet.net\/wp-cnet\/wp-json\/wp\/v2\/media?parent=5960"}],"wp:term":[{"taxonomy":"category","embeddable":true,"href":"https:\/\/catolicanet.net\/wp-cnet\/wp-json\/wp\/v2\/categories?post=5960"},{"taxonomy":"post_tag","embeddable":true,"href":"https:\/\/catolicanet.net\/wp-cnet\/wp-json\/wp\/v2\/tags?post=5960"}],"curies":[{"name":"wp","href":"https:\/\/api.w.org\/{rel}","templated":true}]}}