{"id":59592,"date":"2020-05-29T09:59:56","date_gmt":"2020-05-29T12:59:56","guid":{"rendered":"https:\/\/catolicanet.net\/wp-cnet\/?p=59592"},"modified":"2020-05-29T12:00:59","modified_gmt":"2020-05-29T15:00:59","slug":"hoje-e-dia-do-papa-sao-paulo-vi-que-disse-a-fumaca-de-satanas-entrou-na-igreja","status":"publish","type":"post","link":"https:\/\/catolicanet.net\/wp-cnet\/hoje-e-dia-do-papa-sao-paulo-vi-que-disse-a-fumaca-de-satanas-entrou-na-igreja\/","title":{"rendered":"Hoje \u00e9 dia do Papa S\u00e3o Paulo VI, que disse: \u201cA fuma\u00e7a de Satan\u00e1s entrou na Igreja\u201d"},"content":{"rendered":"<h2 class=\"subtitle\" style=\"text-align: justify;\">O que este Papa quis dizer com isso em meio \u00e0s agita\u00e7\u00f5es que marcaram a d\u00e9cada de 1970 e que permearam a cultura at\u00e9 a nossa \u00e9poca?<\/h2>\n<div class=\"base-post-content\">Odia 29 de maio \u00e9 o da festa lit\u00fargica do Papa S\u00e3o Paulo VI, canonizado por Francisco em 14 de outubro de 2018. A data foi escolhida por ser o dia da sua ordena\u00e7\u00e3o sacerdotal.<\/p>\n<p style=\"text-align: justify;\">Seu nome de batismo \u00e9 Giovanni Battista Montini. Ele nasceu na Lombardia em 26 de setembro de 1897 e partiu desta vida em Castel Gandolfo no dia 6 de agosto de 1978, ap\u00f3s 15 anos de pontificado.<\/p>\n<p style=\"text-align: justify;\">S\u00e3o Paulo VI \u00e9 particularmente recordado como o autor da important\u00edssima enc\u00edclica\u00a0<em>Humanae Vitae<\/em>, que defende enfaticamente a sacralidade da vida e da fam\u00edlia. Ele tamb\u00e9m \u00e9 o pont\u00edfice que encerrou o Conc\u00edlio Vaticano II, aberto em 1962 por seu predecessor, o Papa S\u00e3o Jo\u00e3o XXIII.<\/p>\n<figure class=\"aligncenter\" style=\"text-align: justify;\"><img decoding=\"async\" src=\"https:\/\/aleteiaportuguese.files.wordpress.com\/2020\/04\/web-paolo-vi-pope-paulus-vatican-vatican-city-picture-oficial-of-pope-pd.jpg?quality=100&amp;strip=all&amp;w=720\" alt=\"\" \/><\/p>\n<footer><small>Vaticano &#8211; Dom\u00ednio P\u00fablico<\/small><\/footer>\n<\/figure>\n<h3 style=\"text-align: justify;\">Fuma\u00e7a na Igreja<\/h3>\n<p style=\"text-align: justify;\">\u00c9 no contexto das intensas transforma\u00e7\u00f5es culturais relacionadas com a \u00e9poca do conc\u00edlio e do p\u00f3s-conc\u00edlio que S\u00e3o Paulo VI faz uma das declara\u00e7\u00f5es mais retumbantes de um Papa em todos os tempos:<\/p>\n<blockquote><p><em>\u201cA fuma\u00e7a de Satan\u00e1s entrou no templo de Deus\u201d.<\/em><\/p><\/blockquote>\n<p style=\"text-align: justify;\">O come\u00e7o da d\u00e9cada de 1970 foi um tempo de grande agita\u00e7\u00e3o no mundo e na Igreja, com consequ\u00eancias culturais que se prologam at\u00e9 hoje. Nessa imediata \u00e9poca p\u00f3s-Conc\u00edlio Vaticano II, o Papa Paulo VI escreveu uma carta que permaneceria in\u00e9dita at\u00e9 2018, quando o conte\u00fado foi revelado no livro \u201cLa barca di Paolo\u201d (\u201cA barca de Paulo\u201c), do pe. Leonardo Sapienza, regente da Casa Pontif\u00edcia.<\/p>\n<div class=\"nativo-inread\" style=\"text-align: justify;\"><\/div>\n<p style=\"text-align: justify;\">A carta \u00e9 de 29 de junho de 1972. Paulo VI tem cada vez mais n\u00edtida a impress\u00e3o de que existe algo de profundo e negativo que aflige a Igreja de modo crescente. O caminho da seculariza\u00e7\u00e3o e a falta de unidade interna est\u00e3o se tornando dois grandes problemas para a Igreja no mundo inteiro.<\/p>\n<p style=\"text-align: justify;\">Inquieto, o Papa escreve:<\/p>\n<blockquote><p><em>\u201c\u2026Dir\u00edamos que, por alguma fresta misteriosa \u2013 n\u00e3o, n\u00e3o \u00e9 misteriosa; por alguma fresta, a fuma\u00e7a de Satan\u00e1s entrou no templo de Deus. H\u00e1 d\u00favida, h\u00e1 incerteza, h\u00e1 problem\u00e1tica, h\u00e1 inquieta\u00e7\u00e3o, h\u00e1 insatisfa\u00e7\u00e3o, h\u00e1 confronto\u201d.<\/em><\/p>\n<p><em>\u201cN\u00e3o se confia mais na Igreja. Confia-se no primeiro profeta profano que vem nos falar em algum jornal, para correr atr\u00e1s dele e lhe perguntar se tem a f\u00f3rmula para a vida verdadeira. Entrou, repito, a d\u00favida em nossa consci\u00eancia. E entrou por janelas que deviam estar abertas \u00e0 luz: a ci\u00eancia!\u201d<\/em><\/p><\/blockquote>\n<h3 style=\"text-align: justify;\">Nuvens de tempestade<\/h3>\n<blockquote><p><em>\u201c\u2026Acreditava-se que, depois do Conc\u00edlio, viriam dias ensolarados para a hist\u00f3ria da Igreja. Advieram, por\u00e9m, jornadas de nuvens, de tempestade, de escurid\u00e3o, de busca, de incerteza\u2026 Tentamos cavar abismos em vez de preench\u00ea-los\u2026\u201d.<\/em><\/p><\/blockquote>\n<h3 style=\"text-align: justify;\">Terror e \u00eaxtase<\/h3>\n<p style=\"text-align: justify;\">Que o Papa n\u00e3o estava tranquilo, percebe-se ainda por outro pensamento que ele tinha escrito oito dias antes, em 21 de junho de 1972. O t\u00edtulo, por si, j\u00e1 \u00e9 perturbador: \u201c<em>O terror e o \u00eaxtase<\/em>\u201c.<\/p>\n<blockquote><p><em>Talvez o Senhor<\/em><\/p>\n<p><em>me tenha chamado a este servi\u00e7o<\/em><\/p>\n<p><em>n\u00e3o j\u00e1 para que eu tome nele alguma atitude,<\/em><\/p>\n<p><em>ou para que eu governe e salve a Igreja das suas dificuldades,<\/em><\/p>\n<p><em>mas para que eu sofra algo pela Igreja<\/em><\/p>\n<p><em>e seja claro que \u00e9 Ele, e ningu\u00e9m mais,<\/em><\/p>\n<p><em>quem a guia e quem a salva.<\/em><\/p><\/blockquote>\n<p style=\"text-align: justify;\">21 de junho de 1963: exatos nove anos antes de escrever esse pensamento, Giovanni Montini era eleito Papa. E, a respeito, tinha escrito:<\/p>\n<blockquote><p><em>\u201c\u2026Espero que todos acreditem quando digo que n\u00e3o apenas nunca aspirei como sequer formulei a hip\u00f3tese de ser eleito para este formid\u00e1vel of\u00edcio\u2026\u201d.<\/em><\/p><\/blockquote>\n<p style=\"text-align: justify;\">Anos depois, em conversa no turbulento 1968 com o escritor franc\u00eas Jean Guitton, seu amigo, o Papa confidenciava:<\/p>\n<blockquote><p><em>\u201c\u2026Eu tive o terror e o \u00eaxtase de ser eleito\u2026\u201d.<\/em><\/p><\/blockquote>\n<p style=\"text-align: justify;\">Uma vez aceito o peso do pontificado, por\u00e9m, Paulo VI lhe consagrou todas as for\u00e7as, em meio aos incont\u00e1veis obst\u00e1culos que, a ele e a qualquer outro pont\u00edfice, teriam feito, certamente, pensar na ren\u00fancia.<\/p>\n<p style=\"text-align: justify;\">\u00c9 gravemente pesado o fardo do Vig\u00e1rio de Cristo, porque \u00e9 o fardo do pastor chamado a dar a vida pelas ovelhas.<\/p>\n<p style=\"text-align: justify;\">Oremos sempre pelo Papa e pela Igreja, sob as nuvens de tempestade.<\/p>\n<\/div>\n","protected":false},"excerpt":{"rendered":"<p>O que este Papa quis dizer com isso em meio \u00e0s agita\u00e7\u00f5es que marcaram a d\u00e9cada de 1970 e que permearam a cultura at\u00e9 a nossa \u00e9poca? Odia 29 de maio \u00e9 o da festa lit\u00fargica do Papa S\u00e3o Paulo VI, canonizado por Francisco em 14 de outubro de 2018. A data foi escolhida por [&hellip;]<\/p>\n","protected":false},"author":1,"featured_media":59593,"comment_status":"open","ping_status":"closed","sticky":false,"template":"","format":"standard","meta":{"footnotes":""},"categories":[4],"tags":[],"class_list":["post-59592","post","type-post","status-publish","format-standard","has-post-thumbnail","hentry","category-cotidiano"],"_links":{"self":[{"href":"https:\/\/catolicanet.net\/wp-cnet\/wp-json\/wp\/v2\/posts\/59592","targetHints":{"allow":["GET"]}}],"collection":[{"href":"https:\/\/catolicanet.net\/wp-cnet\/wp-json\/wp\/v2\/posts"}],"about":[{"href":"https:\/\/catolicanet.net\/wp-cnet\/wp-json\/wp\/v2\/types\/post"}],"author":[{"embeddable":true,"href":"https:\/\/catolicanet.net\/wp-cnet\/wp-json\/wp\/v2\/users\/1"}],"replies":[{"embeddable":true,"href":"https:\/\/catolicanet.net\/wp-cnet\/wp-json\/wp\/v2\/comments?post=59592"}],"version-history":[{"count":1,"href":"https:\/\/catolicanet.net\/wp-cnet\/wp-json\/wp\/v2\/posts\/59592\/revisions"}],"predecessor-version":[{"id":59594,"href":"https:\/\/catolicanet.net\/wp-cnet\/wp-json\/wp\/v2\/posts\/59592\/revisions\/59594"}],"wp:featuredmedia":[{"embeddable":true,"href":"https:\/\/catolicanet.net\/wp-cnet\/wp-json\/wp\/v2\/media\/59593"}],"wp:attachment":[{"href":"https:\/\/catolicanet.net\/wp-cnet\/wp-json\/wp\/v2\/media?parent=59592"}],"wp:term":[{"taxonomy":"category","embeddable":true,"href":"https:\/\/catolicanet.net\/wp-cnet\/wp-json\/wp\/v2\/categories?post=59592"},{"taxonomy":"post_tag","embeddable":true,"href":"https:\/\/catolicanet.net\/wp-cnet\/wp-json\/wp\/v2\/tags?post=59592"}],"curies":[{"name":"wp","href":"https:\/\/api.w.org\/{rel}","templated":true}]}}