{"id":59586,"date":"2020-05-29T09:55:45","date_gmt":"2020-05-29T12:55:45","guid":{"rendered":"https:\/\/catolicanet.net\/wp-cnet\/?p=59586"},"modified":"2020-05-29T11:56:46","modified_gmt":"2020-05-29T14:56:46","slug":"assim-e-a-gruta-de-lourdes-do-vaticano-onde-o-papa-rezara-pelo-fim-do-coronavirus","status":"publish","type":"post","link":"https:\/\/catolicanet.net\/wp-cnet\/assim-e-a-gruta-de-lourdes-do-vaticano-onde-o-papa-rezara-pelo-fim-do-coronavirus\/","title":{"rendered":"Assim \u00e9 a gruta de Lourdes do Vaticano onde o Papa rezar\u00e1 pelo fim do coronav\u00edrus"},"content":{"rendered":"<p style=\"text-align: justify;\">O Santu\u00e1rio de\u00a0Nossa Senhora de Lourdes, na Fran\u00e7a, \u00e9 o destino de milh\u00f5es de peregrinos, principalmente a gruta na qual Nossa Senhora apareceu a Santa Bernardette Soubirus em 1858.<\/p>\n<p style=\"text-align: justify;\">Em uma r\u00e9plica dessa gruta, nos Jardins Vaticanos, o Papa Francisco presidir\u00e1 no pr\u00f3ximo s\u00e1bado, 30 de maio, \u00e0s 17h30 locais (12h30, em Bras\u00edlia) a ora\u00e7\u00e3o do Ter\u00e7o em um evento ao qual se unir\u00e3o os santu\u00e1rios cat\u00f3licos de todo o mundo atrav\u00e9s do streaming.<\/p>\n<p style=\"text-align: justify;\">A inten\u00e7\u00e3o do Ter\u00e7o Mundial \u00e9 pedir a ajuda e o consolo da Sant\u00edssima\u00a0Virgem Maria\u00a0durante o tempo que durar a pandemia de coronav\u00edrus.<\/p>\n<p style=\"text-align: justify;\">No entanto, qual \u00e9 a hist\u00f3ria desta r\u00e9plica da gruta de Lourdes e por que foi constru\u00edda nos Jardins Vaticanos?<\/p>\n<p style=\"text-align: justify;\">O local est\u00e1 especialmente projetado para o recolhimento e a ora\u00e7\u00e3o: est\u00e1 constru\u00edda no cora\u00e7\u00e3o dos Jardins Vaticanos, pr\u00f3ximo \u00e0s antigas muralhas, em uma zona recolhida e longe das zonas mais movimentadas do Estado da Cidade do Vaticano. Sob a imagem de Maria, est\u00e1 escrita a frase com a qual a Virgem revelou a Santa Bernardette que ela era a Imaculada Concei\u00e7\u00e3o.<\/p>\n<p style=\"text-align: justify;\">A origem desta r\u00e9plica se remonta a uma iniciativa do Bispo de Tarbes, Dom Francesco Saverio Schoepfer, apoiada pelo Papa Le\u00e3o XIII, gra\u00e7as a doa\u00e7\u00f5es de todo o mundo.<\/p>\n<p style=\"text-align: justify;\">A reprodu\u00e7\u00e3o foi inaugurada em 28 de mar\u00e7o de 1905, durante o Pontificado de Pio X, pont\u00edfice que tamb\u00e9m mudou o nome da Diocese de Tarbes por Tarbes-Lourdes.<\/p>\n<p style=\"text-align: justify;\">O altar da gruta tamb\u00e9m \u00e9 um presente de um Bispo de Tarbes-Lourdes, no ano de 1960. Trata-se do altar que esteve no local original das apari\u00e7\u00f5es marianas durante 50 anos.<\/p>\n<p style=\"text-align: justify;\"><em>Publicado originalmente em\u00a0<a href=\"https:\/\/www.aciprensa.com\/noticias\/asi-es-la-gruta-de-lourdes-del-vaticano-donde-el-papa-rezara-por-el-fin-del-coronavirus-27454\">ACI Prensa<\/a>. Traduzido e adaptado por Nath\u00e1lia Queiroz.<\/em><\/p>\n","protected":false},"excerpt":{"rendered":"<p>O Santu\u00e1rio de\u00a0Nossa Senhora de Lourdes, na Fran\u00e7a, \u00e9 o destino de milh\u00f5es de peregrinos, principalmente a gruta na qual Nossa Senhora apareceu a Santa Bernardette Soubirus em 1858. Em uma r\u00e9plica dessa gruta, nos Jardins Vaticanos, o Papa Francisco presidir\u00e1 no pr\u00f3ximo s\u00e1bado, 30 de maio, \u00e0s 17h30 locais (12h30, em Bras\u00edlia) a ora\u00e7\u00e3o [&hellip;]<\/p>\n","protected":false},"author":1,"featured_media":59587,"comment_status":"open","ping_status":"closed","sticky":false,"template":"","format":"standard","meta":{"footnotes":""},"categories":[4],"tags":[],"class_list":["post-59586","post","type-post","status-publish","format-standard","has-post-thumbnail","hentry","category-cotidiano"],"_links":{"self":[{"href":"https:\/\/catolicanet.net\/wp-cnet\/wp-json\/wp\/v2\/posts\/59586","targetHints":{"allow":["GET"]}}],"collection":[{"href":"https:\/\/catolicanet.net\/wp-cnet\/wp-json\/wp\/v2\/posts"}],"about":[{"href":"https:\/\/catolicanet.net\/wp-cnet\/wp-json\/wp\/v2\/types\/post"}],"author":[{"embeddable":true,"href":"https:\/\/catolicanet.net\/wp-cnet\/wp-json\/wp\/v2\/users\/1"}],"replies":[{"embeddable":true,"href":"https:\/\/catolicanet.net\/wp-cnet\/wp-json\/wp\/v2\/comments?post=59586"}],"version-history":[{"count":1,"href":"https:\/\/catolicanet.net\/wp-cnet\/wp-json\/wp\/v2\/posts\/59586\/revisions"}],"predecessor-version":[{"id":59588,"href":"https:\/\/catolicanet.net\/wp-cnet\/wp-json\/wp\/v2\/posts\/59586\/revisions\/59588"}],"wp:featuredmedia":[{"embeddable":true,"href":"https:\/\/catolicanet.net\/wp-cnet\/wp-json\/wp\/v2\/media\/59587"}],"wp:attachment":[{"href":"https:\/\/catolicanet.net\/wp-cnet\/wp-json\/wp\/v2\/media?parent=59586"}],"wp:term":[{"taxonomy":"category","embeddable":true,"href":"https:\/\/catolicanet.net\/wp-cnet\/wp-json\/wp\/v2\/categories?post=59586"},{"taxonomy":"post_tag","embeddable":true,"href":"https:\/\/catolicanet.net\/wp-cnet\/wp-json\/wp\/v2\/tags?post=59586"}],"curies":[{"name":"wp","href":"https:\/\/api.w.org\/{rel}","templated":true}]}}