{"id":59542,"date":"2020-05-28T11:34:35","date_gmt":"2020-05-28T14:34:35","guid":{"rendered":"https:\/\/catolicanet.net\/wp-cnet\/?p=59542"},"modified":"2020-05-28T14:36:20","modified_gmt":"2020-05-28T17:36:20","slug":"50o-aniversario-do-rito-de-consagracao-das-virgens","status":"publish","type":"post","link":"https:\/\/catolicanet.net\/wp-cnet\/50o-aniversario-do-rito-de-consagracao-das-virgens\/","title":{"rendered":"50\u00ba anivers\u00e1rio do Rito de Consagra\u00e7\u00e3o das Virgens"},"content":{"rendered":"<p style=\"text-align: justify;\">As mulheres que recebem essa consagra\u00e7\u00e3o permanecem enraizadas na diocese em que j\u00e1 vivem e na qual amadureceram o discernimento vocacional e o caminho formativo para a consagra\u00e7\u00e3o.<\/p>\n<div class=\"article__subTitle\" style=\"text-align: justify;\">&#8220;&#8216;As virgens consagradas s\u00e3o imagem da Igreja esposa de Cristo&#8217;. Desta forma o decreto da Sagrada Congrega\u00e7\u00e3o para o Culto Divino, que sob mandatado de S\u00e3o Paulo VI promulgou o novo Rito da consagra\u00e7\u00e3o das virgens, apresentava as mulheres consagradas na Ordo virginum. Era 31 de maio de 1970. Como acontecia nas comunidades apost\u00f3licas e na \u00e9poca patr\u00edstica, ap\u00f3s s\u00e9culos era concedida a possibilidade de receber esta consagra\u00e7\u00e3o tamb\u00e9m as mulheres que permanecem em seu ordin\u00e1rio contexto de vida, e n\u00e3o mais reservado \u00e0s monjas&#8221;, disse o cardeal Jo\u00e3o Braz de Aviz ao apresentar a Instru\u00e7\u00e3o Ecclesiae Sponsae Imago sobre a Ordem das Virgens.<\/div>\n<div class=\"title__separator\" style=\"text-align: justify;\"><\/div>\n<div class=\"article__text\">\n<p style=\"text-align: justify;\"><b>Vatican News<\/b><\/p>\n<p style=\"text-align: justify;\">Em 31 de maio de 1970, por desejo de Paulo VI, a Sagrada Congrega\u00e7\u00e3o para o Culto Divino promulgou o novo Rito de Consagra\u00e7\u00e3o das Virgens, que fez reflorescer a antiga Ordem das Virgens, testemunhada nas comunidades crist\u00e3s desde os tempos apost\u00f3licos.<\/p>\n<p style=\"text-align: justify;\">As virgens consagradas est\u00e3o presentes em todos os Continentes, em numerosas Dioceses, e oferecem seu pr\u00f3prio testemunho de vida em todas os \u00e2mbitos da sociedade e da Igreja. Em 2016, durante o Ano da Vida Consagrada, uma estat\u00edstica aproximada estimava a presen\u00e7a de mais de cinco mil virgens consagradas no mundo, em cont\u00ednuo crescimento.<\/p>\n<p style=\"text-align: justify;\">Sobre a Ordem das Virgens, diz o C\u00f3digo de Direito Can\u00f4nico:<\/p>\n<p style=\"text-align: justify;\">\u00a7 1. A estas formas de vida consagrada acresce a ordem das virgens, as quais, emitindo o santo prop\u00f3sito de seguir mais de perto a Cristo, s\u00e3o consagradas a Deus pelo Bispo diocesano segundo o rito lit\u00fargico aprovado, se desposam misticamente com Cristo Filho de Deus e se dedicam ao servi\u00e7o da Igreja.<br \/>\n\u00a7 2. As virgens podem associar-se para observarem mais fielmente o seu prop\u00f3sito e, com aux\u00edlio m\u00fatuo, realizarem o servi\u00e7o da Igreja, consent\u00e2neo com o seu pr\u00f3prio estado.<\/p>\n<p style=\"text-align: justify;\">Em 4 de julho de 2018, a Congrega\u00e7\u00e3o para os Institutos de Vida Consagrada e as Sociedades de Vida Apost\u00f3lica publicou a Instru\u00e7\u00e3o\u00a0<i>Ecclesiae Sponsae Imago<\/i> sobre a Ordem das Virgens. O documento em italiano, ingl\u00eas, franc\u00eas e espanhol \u00e9 assinado pelo prefeito do dicast\u00e9rio, cardeal Jo\u00e3o Braz de Aviz e pelo secret\u00e1rio, o arcebispo Jos\u00e9 Rodriguez Carballo.<\/p>\n<p style=\"text-align: justify;\">Ainda que o renascimento da\u00a0<i>Ordo virginu<\/i>m seja recente, essa voca\u00e7\u00e3o \u00e9 conhecida mundialmente, onde desde 1970 at\u00e9 hoje existem cerca de 5000 consagradas em todos os continentes.<\/p>\n<p style=\"text-align: justify;\">Para solenizar o renascimento da\u00a0<i>Ordo virginum<\/i>, a Congrega\u00e7\u00e3o para a Vida Consagrada havia convocado o terceiro Encontro Internacional em Roma, a ser realizado de 28 a 31 de maio de 2020, em Roma. Nesta ocasi\u00e3o, os membros do\u00a0<i>Ordo virginum<\/i>\u00a0de todo o mundo, como j\u00e1 havia acontecido em 1995, 2008 e 2016, eram convidados a se reunir para louvar e agradecer ao Senhor, refletir juntos, enriquecer-se com a troca m\u00fatua de experi\u00eancias, testemunhar \u00e0 Igreja e ao mundo a beleza desta voca\u00e7\u00e3o e a ser confirmada pelo Sucessor de Pedro.<\/p>\n<p style=\"text-align: justify;\">Adiada devido \u00e0 pandemia, mais de 700 mulheres consagradas, acompanhadas por bispos e delegados de 61 na\u00e7\u00f5es diferentes, j\u00e1 haviam se inscrito para o encontro. As mulheres que recebem essa consagra\u00e7\u00e3o permanecem enraizadas na diocese em que j\u00e1 vivem e na qual amadureceram o discernimento vocacional e o caminho formativo para a consagra\u00e7\u00e3o.<\/p>\n<p style=\"text-align: justify;\">A vida das consagradas da Ordo, mesmo sem sinais externos &#8211; a n\u00e3o ser o anel entregue durante o ritual de consagra\u00e7\u00e3o, como sinal da alian\u00e7a conjugal com Cristo &#8211; \u00a0expressa o amor e a fidelidade com que Deus ama seu povo.<\/p>\n<p style=\"text-align: justify;\">Inseridas na hist\u00f3ria, as mulheres consagradas aceitam levar a elas suas dificuldades e viver em uma rede de v\u00ednculos, no estilo de proximidade e compartilhamento.<\/p>\n<p style=\"text-align: justify;\">Atentas a perceber os apelos advindos do contexto em que vivem, as virgens, compartilham, segundo as pr\u00f3prias possibilidades, a predile\u00e7\u00e3oda Igreja pelos pobres, os sofredores, os marginalizados.<\/p>\n<p style=\"text-align: justify;\">Eles se sustentam economicamente com o pr\u00f3prio trabalho e o vivem como um testemunho de colabora\u00e7\u00e3o com a obra criativa e redentora de Deus, por isso se comprometem em amadurecer um profissionalismo cada vez mais competente e respons\u00e1vel.<\/p>\n<p style=\"text-align: justify;\">Eis alguns perfis interessantes, em todo o mundo, relacionados \u00e0s \u00e1reas da sa\u00fade, pol\u00edtica, socialidade, ensino, jornalismo.<\/p>\n<p style=\"text-align: justify;\">Na Espanha, por exemplo, h\u00e1 uma enfermeira que atualmente est\u00e1 envolvida no trabalho contra a pandemia: Concepci\u00f3n Peral Bueno, enfermeira, bloco cir\u00fargico, Hospital Cl\u00ednico de Madrid. Consagrada Ordo Virginum Arquidiocese de Madrid (Espanha)<\/p>\n<p style=\"text-align: justify;\">Na Argentina, Teresa Peltier, \u00e9 ex-parlamentar.<\/p>\n<p style=\"text-align: justify;\">Na It\u00e1lia, uma jovem candidata \u00e0 Ordo \u00e9 Chiara D&#8217;Onofrio. Deveria ter se consagrado em 6 de junho em Roma &#8211; a consagra\u00e7\u00e3o foi adiada devido \u00e0 Covid-19. Ela deu in\u00edcio a casa de fam\u00edlia para ex-prisioneiros. \u00a0Mas tamb\u00e9m Gloria Mari, Mil\u00e3o, jornalista, l\u00edder da comunidade Nocetum, comprometida em temas como a acolhida, a integra\u00e7\u00e3o, a cust\u00f3dia da cria\u00e7\u00e3o.<\/p>\n<p style=\"text-align: justify;\">Na Fran\u00e7a, h\u00e1 Olive Diengu\u00e9, jovem consagrada de origem africana, trabalha na ONG de Nanterre, ou tamb\u00e9m cardiologista francesa Claire Dauphin, com muito trabalho neste per\u00edodo de pandemia.<\/p>\n<p style=\"text-align: justify;\">Em Burkina Faso, Yvette Koulibali, enfermeira.<\/p>\n<p style=\"text-align: justify;\">Nos Estados Unidos, Sara Scheunemann , protestante convertida ao catolicismo.<\/p>\n<p style=\"text-align: justify;\">Na Su\u00ed\u00e7a, de Chur, a jornalista Rosemarie Sch\u00e4rer, de l\u00edngua alem\u00e3.<\/p>\n<\/div>\n","protected":false},"excerpt":{"rendered":"<p>As mulheres que recebem essa consagra\u00e7\u00e3o permanecem enraizadas na diocese em que j\u00e1 vivem e na qual amadureceram o discernimento vocacional e o caminho formativo para a consagra\u00e7\u00e3o. &#8220;&#8216;As virgens consagradas s\u00e3o imagem da Igreja esposa de Cristo&#8217;. Desta forma o decreto da Sagrada Congrega\u00e7\u00e3o para o Culto Divino, que sob mandatado de S\u00e3o Paulo [&hellip;]<\/p>\n","protected":false},"author":1,"featured_media":59543,"comment_status":"open","ping_status":"closed","sticky":false,"template":"","format":"standard","meta":{"footnotes":""},"categories":[3],"tags":[],"class_list":["post-59542","post","type-post","status-publish","format-standard","has-post-thumbnail","hentry","category-vaticano"],"_links":{"self":[{"href":"https:\/\/catolicanet.net\/wp-cnet\/wp-json\/wp\/v2\/posts\/59542","targetHints":{"allow":["GET"]}}],"collection":[{"href":"https:\/\/catolicanet.net\/wp-cnet\/wp-json\/wp\/v2\/posts"}],"about":[{"href":"https:\/\/catolicanet.net\/wp-cnet\/wp-json\/wp\/v2\/types\/post"}],"author":[{"embeddable":true,"href":"https:\/\/catolicanet.net\/wp-cnet\/wp-json\/wp\/v2\/users\/1"}],"replies":[{"embeddable":true,"href":"https:\/\/catolicanet.net\/wp-cnet\/wp-json\/wp\/v2\/comments?post=59542"}],"version-history":[{"count":1,"href":"https:\/\/catolicanet.net\/wp-cnet\/wp-json\/wp\/v2\/posts\/59542\/revisions"}],"predecessor-version":[{"id":59544,"href":"https:\/\/catolicanet.net\/wp-cnet\/wp-json\/wp\/v2\/posts\/59542\/revisions\/59544"}],"wp:featuredmedia":[{"embeddable":true,"href":"https:\/\/catolicanet.net\/wp-cnet\/wp-json\/wp\/v2\/media\/59543"}],"wp:attachment":[{"href":"https:\/\/catolicanet.net\/wp-cnet\/wp-json\/wp\/v2\/media?parent=59542"}],"wp:term":[{"taxonomy":"category","embeddable":true,"href":"https:\/\/catolicanet.net\/wp-cnet\/wp-json\/wp\/v2\/categories?post=59542"},{"taxonomy":"post_tag","embeddable":true,"href":"https:\/\/catolicanet.net\/wp-cnet\/wp-json\/wp\/v2\/tags?post=59542"}],"curies":[{"name":"wp","href":"https:\/\/api.w.org\/{rel}","templated":true}]}}