{"id":5954,"date":"2015-07-03T16:10:54","date_gmt":"2015-07-03T19:10:54","guid":{"rendered":"http:\/\/catolicanet.net\/wp-cnet\/card-parolin-america-latina-continente-da-esperanca\/"},"modified":"2017-04-10T11:50:36","modified_gmt":"2017-04-10T14:50:36","slug":"card-parolin-america-latina-continente-da-esperanca","status":"publish","type":"post","link":"https:\/\/catolicanet.net\/wp-cnet\/card-parolin-america-latina-continente-da-esperanca\/","title":{"rendered":"Card. Parolin: Am\u00e9rica Latina, continente da esperan\u00e7a"},"content":{"rendered":"<p style=\"text-align: justify;\"><span style=\"line-height: 1.6;\"><img decoding=\"async\" src=\"http:\/\/www.catolicanet.com.br\/images\/stories\/geral\/01avoluntarios equador.jpg\" border=\"0\" align=\"left\" \/>O  Cardeal Pietro Parolin, Secret\u00e1rio de Estado do Vaticano, prestou  declara\u00e7\u00f5es ao Centro Televisivo Vaticano, \u00e0 jornalista Barbara  Castelli, sobre a Viagem Apost\u00f3lica do Papa Francisco ao Equador,  Bol\u00edvia e Paraguai em agenda de 5 a 13 de julho, e afirmou que a Am\u00e9rica  Latina \u00e9 o continente da esperan\u00e7a:<\/span><\/p>\n<p style=\"text-align: justify;\">\u201cCreio que para perceber a import\u00e2ncia desta viagem, que \u00e9 a mais  longa do pontificado, talvez devamos referir-nos \u00e0s pr\u00f3prias palavras do  Papa: aquelas que pronunciou na Bas\u00edlica de S. Pedro a 12 de dezembro  do ano passado, por ocasi\u00e3o da solenidade de Nossa Senhora de Guadalupe.  O Papa retomava a famosa express\u00e3o do seu predecessor, S. Jo\u00e3o Paulo  II, quando definia a Am\u00e9rica Latina, o continente da esperan\u00e7a. E  explicava assim, e cito as suas pr\u00f3prias palavras: \u201cPorqu\u00ea o continente  da esperan\u00e7a? Porque desse se esperam novos modelos de desenvolvimento  que conjuguem tradi\u00e7\u00e3o crist\u00e3 e progresso civil, justi\u00e7a e equidade com  reconcilia\u00e7\u00e3o, desenvolvimento cient\u00edfico e tecnol\u00f3gico com sabedoria  humana, sofrimento fecundo com alegre esperan\u00e7a\u201d. Esta \u00e9 um pouco a  fisionomia da Am\u00e9rica Latina e tamb\u00e9m dos tr\u00eas pa\u00edses que o Santo Padre  se apresta a visitar.\u201d<\/p>\n<p style=\"text-align: justify;\">\u201cO continente latino-americano \u00e9 um continente em movimento, onde  est\u00e3o presentes transforma\u00e7\u00f5es, mudan\u00e7as a n\u00edvel cultural, a n\u00edvel  econ\u00f3mico e pol\u00edtico. Durante estas d\u00e9cadas pode gozar de uma fase muito  positiva, que permitiu a muitas pessoas de emergir da pobreza, de  emancipar-se da mis\u00e9ria e da pobreza extrema e de incorporar-se  progressivamente tamb\u00e9m na classe m\u00e9dia. Por outro lado, tamb\u00e9m h\u00e1  acentuados fen\u00f3menos de urbaniza\u00e7\u00e3o \u2013 por exemplo pensemos nas mega  cidades da Am\u00e9rica Latina \u2013 e outros fen\u00f3menos ligados \u00e0 globaliza\u00e7\u00e3o  que se perceciona em modo evidente tamb\u00e9m nesta parte do mundo.\u201d<\/p>\n<p style=\"text-align: justify;\">\u201cAssim, perante estes cen\u00e1rios que levam tamb\u00e9m a uma progressiva  seculariza\u00e7\u00e3o da sociedade latino-americana (\u2026) a Igreja escolheu o  caminho da convers\u00e3o pastoral, escolheu o caminho da missionariedade, do  empenho mission\u00e1rio e, neste sentido, pode tornar-se tamb\u00e9m  paradigm\u00e1tica para muitas outras partes do mundo.\u201d<\/p>\n<p style=\"text-align: justify;\">Fonte: R\u00e1dio Vaticano<\/p>\n","protected":false},"excerpt":{"rendered":"<p>O Cardeal Pietro Parolin, Secret\u00e1rio de Estado do Vaticano, prestou declara\u00e7\u00f5es ao Centro Televisivo Vaticano, \u00e0 jornalista Barbara Castelli, sobre a Viagem Apost\u00f3lica do Papa Francisco ao Equador, Bol\u00edvia e Paraguai em agenda de 5 a 13 de julho, e afirmou que a Am\u00e9rica Latina \u00e9 o continente da esperan\u00e7a: \u201cCreio que para perceber a [&hellip;]<\/p>\n","protected":false},"author":1,"featured_media":5953,"comment_status":"closed","ping_status":"closed","sticky":false,"template":"","format":"standard","meta":{"footnotes":""},"categories":[3],"tags":[],"class_list":["post-5954","post","type-post","status-publish","format-standard","has-post-thumbnail","hentry","category-vaticano"],"_links":{"self":[{"href":"https:\/\/catolicanet.net\/wp-cnet\/wp-json\/wp\/v2\/posts\/5954","targetHints":{"allow":["GET"]}}],"collection":[{"href":"https:\/\/catolicanet.net\/wp-cnet\/wp-json\/wp\/v2\/posts"}],"about":[{"href":"https:\/\/catolicanet.net\/wp-cnet\/wp-json\/wp\/v2\/types\/post"}],"author":[{"embeddable":true,"href":"https:\/\/catolicanet.net\/wp-cnet\/wp-json\/wp\/v2\/users\/1"}],"replies":[{"embeddable":true,"href":"https:\/\/catolicanet.net\/wp-cnet\/wp-json\/wp\/v2\/comments?post=5954"}],"version-history":[{"count":1,"href":"https:\/\/catolicanet.net\/wp-cnet\/wp-json\/wp\/v2\/posts\/5954\/revisions"}],"predecessor-version":[{"id":10819,"href":"https:\/\/catolicanet.net\/wp-cnet\/wp-json\/wp\/v2\/posts\/5954\/revisions\/10819"}],"wp:featuredmedia":[{"embeddable":true,"href":"https:\/\/catolicanet.net\/wp-cnet\/wp-json\/wp\/v2\/media\/5953"}],"wp:attachment":[{"href":"https:\/\/catolicanet.net\/wp-cnet\/wp-json\/wp\/v2\/media?parent=5954"}],"wp:term":[{"taxonomy":"category","embeddable":true,"href":"https:\/\/catolicanet.net\/wp-cnet\/wp-json\/wp\/v2\/categories?post=5954"},{"taxonomy":"post_tag","embeddable":true,"href":"https:\/\/catolicanet.net\/wp-cnet\/wp-json\/wp\/v2\/tags?post=5954"}],"curies":[{"name":"wp","href":"https:\/\/api.w.org\/{rel}","templated":true}]}}