{"id":59531,"date":"2020-05-27T09:49:59","date_gmt":"2020-05-27T12:49:59","guid":{"rendered":"https:\/\/catolicanet.net\/wp-cnet\/?p=59531"},"modified":"2020-05-27T12:51:07","modified_gmt":"2020-05-27T15:51:07","slug":"papa-francisco-reforca-a-importancia-de-ensinar-as-criancas-a-rezar","status":"publish","type":"post","link":"https:\/\/catolicanet.net\/wp-cnet\/papa-francisco-reforca-a-importancia-de-ensinar-as-criancas-a-rezar\/","title":{"rendered":"Papa Francisco refor\u00e7a a import\u00e2ncia de ensinar as crian\u00e7as a rezar"},"content":{"rendered":"<div id=\"content\" class=\"byline\">\n<div data-io-article-url=\"https:\/\/www.acidigital.com\/noticias\/papa-francisco-reforca-a-importancia-de-ensinar-as-criancas-a-rezar-10295\">\n<div class=\"noticia-contenido\">\n<p style=\"text-align: justify;\">O Papa Francisco afirmou esta quarta-feira 27 de maio, na Audi\u00eancia Geral, que \u201ca ora\u00e7\u00e3o \u00e9 uma corrente de\u00a0vida\u201d feita por muitos homens e mulheres \u201cque rezam e rezam, e semeiam vida\u201d.<\/p>\n<p style=\"text-align: justify;\">Em sua catequese, pronunciada da Biblioteca do Pal\u00e1cio Apost\u00f3lico do Vaticano e transmitida pelo portal Vaticannews, o Santo Padre ofereceu uma met\u00e1fora para explicar como a ora\u00e7\u00e3o constr\u00f3i essa \u201ccorrente de vida\u201d.<\/p>\n<p style=\"text-align: justify;\">\u201cEu lembro a hist\u00f3ria de um homem, um chefe de governo importante, n\u00e3o deste tempo, de tempos passados, era ateu e n\u00e3o tinha sentimento religioso no cora\u00e7\u00e3o. Mas de menino escutava a av\u00f3 que rezava, e aquilo permaneceu em seu cora\u00e7\u00e3o. E em um momento dif\u00edcil de sua vida, aquela lembran\u00e7a retornou ao seu cora\u00e7\u00e3o e ele come\u00e7ou a rezar com as coisas que dizia a av\u00f3, e ali encontrou Jesus\u201d.<\/p>\n<p style=\"text-align: justify;\">Esse \u00e9 o motivo, insistiu o Santo Padre, \u201cpelo qual \u00e9 t\u00e3o importante ensinar as crian\u00e7as a rezar. Causa-me muita dor quando encontro crian\u00e7as a quem pe\u00e7o que fa\u00e7am o sinal da Cruz e n\u00e3o sabem faz\u00ea-lo. Ensinem a fazer bem o sinal da Cruz. \u00c9 a primeira ora\u00e7\u00e3o, para que as crian\u00e7as aprendam a rezar. Depois, possivelmente, podem-se esquecer, tomar outro caminho, mas aquilo permanece no cora\u00e7\u00e3o, porque \u00e9 uma semente de vida, a semente do di\u00e1logo com Deus\u201d.<\/p>\n<p style=\"text-align: justify;\">Por outra parte, realizou uma descri\u00e7\u00e3o de como a humanidade passou da comunh\u00e3o com Deus ao \u00f3dio fraterno por culpa do pecado, e como a for\u00e7a da ora\u00e7\u00e3o de uns poucos abriu a porta \u00e0 esperan\u00e7a na reden\u00e7\u00e3o.<\/p>\n<p style=\"text-align: justify;\">O Santo Padre explicou como nos primeiros cap\u00edtulos do livro do G\u00eanesis \u201cse descreve a progressiva expans\u00e3o do pecado nos assuntos humanos\u201d. Ad\u00e3o e Eva, enganados pela serpente, assumem que Deus tem inveja deles e que impede sua felicidade, e se rebelam contra Ele para tentar ser como Deus.<\/p>\n<p style=\"text-align: justify;\">\u201cEssa \u00e9 a tenta\u00e7\u00e3o\u201d, advertiu o Papa, \u201ca ambi\u00e7\u00e3o que entra no cora\u00e7\u00e3o\u201d. Entretanto, quando comem do fruto proibido \u201cexperimentam o contr\u00e1rio do que esperavam: seus olhos se abrem e descobrem que est\u00e3o nus. N\u00e3o esque\u00e7am isto: o tentador \u00e9 um mau pagador, ele paga mal!\u201d.<\/p>\n<p style=\"text-align: justify;\">Na seguinte gera\u00e7\u00e3o, a de Caim e Abel, o mal aumenta. Caim mata seu irm\u00e3o Abel por inveja, quem ele via como um rival. \u201cO mal se enra\u00edza no cora\u00e7\u00e3o de Caim e n\u00e3o consegue domin\u00e1-lo\u201d.<\/p>\n<p style=\"text-align: justify;\">\u201cO mal come\u00e7a a entrar no cora\u00e7\u00e3o, os pensamentos s\u00e3o sempre de olhar mal ao outro, com suspeita: \u2018este \u00e9 um malvado que me quer fazer o mal\u2019. E isso vai entrando no cora\u00e7\u00e3o. Dessa maneira, a hist\u00f3ria da primeira fraternidade termina com um assassinato. E eu penso hoje na fraternidade humana: guerra por todos lados\u201d, lamentou o Papa.<\/p>\n<p style=\"text-align: justify;\">Com o passado do tempo, \u201co mal se estende como uma mancha at\u00e9 ocupar todo o quadro\u201d. \u201cOs grandes eventos do dil\u00favio universal e da torre de Babel revelam que havia necessidade de um novo come\u00e7o, de uma nova cria\u00e7\u00e3o que teria seu cumprimento em Cristo\u201d.<\/p>\n<p style=\"text-align: justify;\">E, entretanto, \u201cnestas primeiras p\u00e1ginas da B\u00edblia, tamb\u00e9m est\u00e1 escrita outra hist\u00f3ria, menos chamativa, mais humilde e devota, que representa a reden\u00e7\u00e3o da esperan\u00e7a\u201d.<\/p>\n<p style=\"text-align: justify;\">\u201cEmbora quase todos se comportavam de maneira feroz, fazendo do \u00f3dio e da conquista o grande motor da vida humana, havia pessoas capazes de rezar a Deus com sinceridade, capazes de escrever de um modo diferente o destino do homem. (&#8230;) Lendo suas hist\u00f3rias, \u201csubsiste a impress\u00e3o de que a ora\u00e7\u00e3o \u00e9 o dique de conten\u00e7\u00e3o, o ref\u00fagio do homem frente \u00e0 onda cheia de mal que cresce no mundo\u201d.<\/p>\n<p style=\"text-align: justify;\">Essa ora\u00e7\u00e3o, inclusive parece destinada a pedir \u201cpela salva\u00e7\u00e3o de n\u00f3s mesmos\u201d. \u201cIsto \u00e9 importante\u201d, sublinhou Francisco. \u201c\u00c9 importante. Rezar: \u2018Senhor, por favor, salva-me de mim mesmo, das minhas ambi\u00e7\u00f5es, das minhas paix\u00f5es, salva-me de mim mesmo\u2019\u201d.<\/p>\n<p style=\"text-align: justify;\">\u201cA ora\u00e7\u00e3o, quando \u00e9 aut\u00eantica, libera de qualquer instinto de viol\u00eancia e \u00e9 um olhar dirigido a Deus\u201d. \u201cA ora\u00e7\u00e3o cultiva jardins de renascimento em lugares onde o \u00f3dio do homem foi capaz de estender o deserto\u201d, concluiu.<\/p>\n<p><strong>Confira:<\/strong><\/p>\n<div class=\"twitter-tweet twitter-tweet-rendered\"><iframe id=\"twitter-widget-0\" class=\"\" title=\"Twitter Tweet\" src=\"https:\/\/platform.twitter.com\/embed\/index.html?creatorScreenName=acidigital&amp;dnt=false&amp;embedId=twitter-widget-0&amp;frame=false&amp;hideCard=false&amp;hideThread=false&amp;id=1265308718662447104&amp;lang=en&amp;origin=https%3A%2F%2Fwww.acidigital.com%2Fnoticias%2Fpapa-francisco-reforca-a-importancia-de-ensinar-as-criancas-a-rezar-10295&amp;siteScreenName=acidigital&amp;theme=light&amp;widgetsVersion=c4096c4b%3A1589303485003&amp;width=500px\" frameborder=\"0\" scrolling=\"no\" allowfullscreen=\"allowfullscreen\" data-tweet-id=\"1265308718662447104\" data-mce-fragment=\"1\"><\/iframe><\/div>\n<\/div>\n<\/div>\n<div class=\"linea_horizontal\"><\/div>\n<\/div>\n<div class=\"sharebar\">\n<div class=\"addthis_sharing_toolbox main_bottom col-sm-7 col-xs-12\" data-url=\"https:\/\/www.acidigital.com\/noticias\/papa-francisco-reforca-a-importancia-de-ensinar-as-criancas-a-rezar-10295\" data-title=\"Papa Francisco refor\u00e7a a import\u00e2ncia de ensinar as crian\u00e7as a rezar\" data-description=\"O Papa Francisco afirmou esta quarta-feira 27 de maio, na Audi\u00eancia Geral, que \u201ca ora\u00e7\u00e3o \u00e9 uma corrente de vida\u201d feita por muitos homens e mulheres \u201cque rezam e rezam, e semeiam vida\u201d.\">\n<div id=\"atstbx2\" class=\"at-share-tbx-element addthis-smartlayers addthis-animated at4-show\" role=\"region\" aria-labelledby=\"at-67a68a5b-a90d-4e3d-a5f4-3848354f461f\"><\/div>\n<\/div>\n<\/div>\n","protected":false},"excerpt":{"rendered":"<p>O Papa Francisco afirmou esta quarta-feira 27 de maio, na Audi\u00eancia Geral, que \u201ca ora\u00e7\u00e3o \u00e9 uma corrente de\u00a0vida\u201d feita por muitos homens e mulheres \u201cque rezam e rezam, e semeiam vida\u201d. Em sua catequese, pronunciada da Biblioteca do Pal\u00e1cio Apost\u00f3lico do Vaticano e transmitida pelo portal Vaticannews, o Santo Padre ofereceu uma met\u00e1fora para [&hellip;]<\/p>\n","protected":false},"author":1,"featured_media":59532,"comment_status":"open","ping_status":"closed","sticky":false,"template":"","format":"standard","meta":{"footnotes":""},"categories":[4],"tags":[],"class_list":["post-59531","post","type-post","status-publish","format-standard","has-post-thumbnail","hentry","category-cotidiano"],"_links":{"self":[{"href":"https:\/\/catolicanet.net\/wp-cnet\/wp-json\/wp\/v2\/posts\/59531","targetHints":{"allow":["GET"]}}],"collection":[{"href":"https:\/\/catolicanet.net\/wp-cnet\/wp-json\/wp\/v2\/posts"}],"about":[{"href":"https:\/\/catolicanet.net\/wp-cnet\/wp-json\/wp\/v2\/types\/post"}],"author":[{"embeddable":true,"href":"https:\/\/catolicanet.net\/wp-cnet\/wp-json\/wp\/v2\/users\/1"}],"replies":[{"embeddable":true,"href":"https:\/\/catolicanet.net\/wp-cnet\/wp-json\/wp\/v2\/comments?post=59531"}],"version-history":[{"count":1,"href":"https:\/\/catolicanet.net\/wp-cnet\/wp-json\/wp\/v2\/posts\/59531\/revisions"}],"predecessor-version":[{"id":59533,"href":"https:\/\/catolicanet.net\/wp-cnet\/wp-json\/wp\/v2\/posts\/59531\/revisions\/59533"}],"wp:featuredmedia":[{"embeddable":true,"href":"https:\/\/catolicanet.net\/wp-cnet\/wp-json\/wp\/v2\/media\/59532"}],"wp:attachment":[{"href":"https:\/\/catolicanet.net\/wp-cnet\/wp-json\/wp\/v2\/media?parent=59531"}],"wp:term":[{"taxonomy":"category","embeddable":true,"href":"https:\/\/catolicanet.net\/wp-cnet\/wp-json\/wp\/v2\/categories?post=59531"},{"taxonomy":"post_tag","embeddable":true,"href":"https:\/\/catolicanet.net\/wp-cnet\/wp-json\/wp\/v2\/tags?post=59531"}],"curies":[{"name":"wp","href":"https:\/\/api.w.org\/{rel}","templated":true}]}}