{"id":59528,"date":"2020-05-27T09:48:35","date_gmt":"2020-05-27T12:48:35","guid":{"rendered":"https:\/\/catolicanet.net\/wp-cnet\/?p=59528"},"modified":"2020-05-27T12:49:36","modified_gmt":"2020-05-27T15:49:36","slug":"igreja-catolica-reconhece-3-novos-santos-2-novos-beatos-e-7-martires","status":"publish","type":"post","link":"https:\/\/catolicanet.net\/wp-cnet\/igreja-catolica-reconhece-3-novos-santos-2-novos-beatos-e-7-martires\/","title":{"rendered":"Igreja Cat\u00f3lica reconhece 3 novos santos, 2 novos beatos e 7 m\u00e1rtires"},"content":{"rendered":"<div data-io-article-url=\"https:\/\/www.acidigital.com\/noticias\/igreja-catolica-reconhece-3-novos-santos-2-novos-beatos-e-7-martires-39103\">\n<div class=\"noticia-contenido\">\n<p style=\"text-align: justify;\">O Papa Francisco assinou os decretos que permitir\u00e3o a canoniza\u00e7\u00e3o de 3 beatos, a beatifica\u00e7\u00e3o de 2 vener\u00e1veis \u200b\u200be o reconhecimento de 7 m\u00e1rtires. Entre os novos santos encontra-se o sacerdote e mission\u00e1rio franc\u00eas Beato Charles de Foucauld, nascido em 15 de setembro de 1858 em Estrasburgo, Fran\u00e7a, e assassinado na Arg\u00e9lia em 1\u00ba de dezembro de 1916.<\/p>\n<p style=\"text-align: justify;\">Al\u00e9m de reconhecer o milagre que permitir\u00e1 a canoniza\u00e7\u00e3o de Charles de Foucauld, o Papa tamb\u00e9m reconheceu o milagre atribu\u00eddo \u00e0 intercess\u00e3o do Beato C\u00e9sar de Bus, fundador da Congrega\u00e7\u00e3o dos Padres da Doutrina Crist\u00e3 (Doutrin\u00e1rios), nascido em 3 de fevereiro de 1544 em Cavaillon, Fran\u00e7a, e falecido em Avignon, Fran\u00e7a, em 15 de abril de 1607.<\/p>\n<p style=\"text-align: justify;\">O Pont\u00edfice tamb\u00e9m reconheceu o milagre atribu\u00eddo \u00e0 intercess\u00e3o da Beata Maria Domenica Mantovani, cofundadora e primeira Superiora Geral do Instituto das Pequenas Irm\u00e3s da Sagrada Fam\u00edlia, nascida em 12 de novembro de 1862 em Castelletto di Brenzone, It\u00e1lia, falecida em 2 de fevereiro de 1934.<\/p>\n<p style=\"text-align: justify;\">Por outro lado, o Papa assinou os decretos que permitir\u00e3o a beatifica\u00e7\u00e3o de dois vener\u00e1veis. Por um lado, reconheceu o milagre atribu\u00eddo \u00e0 intercess\u00e3o do Vener\u00e1vel Servo de Deus Michele McGivney, sacerdote diocesano, fundador da Ordem dos Cavaleiros de Colombo. Nascido em 12 de agosto de 1852 em Waterbury, Estados Unidos, e falecido em Thomaston, Estados Unidos, em 14 de agosto de 1890.<\/p>\n<p style=\"text-align: justify;\">Do mesmo modo, reconheceu o milagre atribu\u00eddo \u00e0 intercess\u00e3o da Vener\u00e1vel Serva de Deus Pauline-Marie Jaricot, fundadora das Obras para a Propaga\u00e7\u00e3o da F\u00e9 e do Ros\u00e1rio Vivo, nascida em 22 de julho de 1799 em Lyon, na Fran\u00e7a, e falecida em 9 de janeiro de 1862.<\/p>\n<p style=\"text-align: justify;\">Em outro decreto assinado pelo Santo Padre, reconhece o mart\u00edrio dos Servos de Deus Simeone Cardon e 5 companheiros, professos religiosos da Congrega\u00e7\u00e3o Cisterciense de Casamari, It\u00e1lia, foram assassinados naquela cidade por \u00f3dio \u00e0 f\u00e9 entre 13 e 16 de maio de 1799.<\/p>\n<p style=\"text-align: justify;\">Ele tamb\u00e9m reconheceu o mart\u00edrio do Servo de Deus Cosme Spessotto, sacerdote da Ordem dos Frades Menores, nascido em 28 de janeiro de 1923 em Mansu\u00e9, It\u00e1lia, e assassinado em San Juan Nonulaco, El Salvador, por \u00f3dio \u00e0 f\u00e9 em 14 de junho. 1980.<\/p>\n<p style=\"text-align: justify;\">Finalmente, o Papa Francisco reconheceu as virtudes heroicas do Servo de Deus Melchiorre Maria de Marion Br\u00e9sillac, Bispo de Prusa, Vig\u00e1rio Apost\u00f3lico de Coimbaore, fundador da Sociedade de Miss\u00f5es Africanas, nascido em 2 de dezembro de 1813 em Castelnaudary, Fran\u00e7a, e falecido em Freetown, Serra Leoa, em 25 de junho de 1859.<\/p>\n<p style=\"text-align: justify;\"><strong>Confira tamb\u00e9m:<\/strong><\/p>\n<div class=\"twitter-tweet twitter-tweet-rendered\"><iframe id=\"twitter-widget-0\" class=\"\" title=\"Twitter Tweet\" src=\"https:\/\/platform.twitter.com\/embed\/index.html?creatorScreenName=acidigital&amp;dnt=false&amp;embedId=twitter-widget-0&amp;frame=false&amp;hideCard=false&amp;hideThread=false&amp;id=1265568433145511939&amp;lang=en&amp;origin=https%3A%2F%2Fwww.acidigital.com%2Fnoticias%2Figreja-catolica-reconhece-3-novos-santos-2-novos-beatos-e-7-martires-39103&amp;siteScreenName=acidigital&amp;theme=light&amp;widgetsVersion=c4096c4b%3A1589303485003&amp;width=500px\" frameborder=\"0\" scrolling=\"no\" allowfullscreen=\"allowfullscreen\" data-tweet-id=\"1265568433145511939\" data-mce-fragment=\"1\"><\/iframe><\/div>\n<\/div>\n<\/div>\n","protected":false},"excerpt":{"rendered":"<p>O Papa Francisco assinou os decretos que permitir\u00e3o a canoniza\u00e7\u00e3o de 3 beatos, a beatifica\u00e7\u00e3o de 2 vener\u00e1veis \u200b\u200be o reconhecimento de 7 m\u00e1rtires. Entre os novos santos encontra-se o sacerdote e mission\u00e1rio franc\u00eas Beato Charles de Foucauld, nascido em 15 de setembro de 1858 em Estrasburgo, Fran\u00e7a, e assassinado na Arg\u00e9lia em 1\u00ba de [&hellip;]<\/p>\n","protected":false},"author":1,"featured_media":59529,"comment_status":"open","ping_status":"closed","sticky":false,"template":"","format":"standard","meta":{"footnotes":""},"categories":[4,13],"tags":[],"class_list":["post-59528","post","type-post","status-publish","format-standard","has-post-thumbnail","hentry","category-cotidiano","category-featured"],"_links":{"self":[{"href":"https:\/\/catolicanet.net\/wp-cnet\/wp-json\/wp\/v2\/posts\/59528","targetHints":{"allow":["GET"]}}],"collection":[{"href":"https:\/\/catolicanet.net\/wp-cnet\/wp-json\/wp\/v2\/posts"}],"about":[{"href":"https:\/\/catolicanet.net\/wp-cnet\/wp-json\/wp\/v2\/types\/post"}],"author":[{"embeddable":true,"href":"https:\/\/catolicanet.net\/wp-cnet\/wp-json\/wp\/v2\/users\/1"}],"replies":[{"embeddable":true,"href":"https:\/\/catolicanet.net\/wp-cnet\/wp-json\/wp\/v2\/comments?post=59528"}],"version-history":[{"count":1,"href":"https:\/\/catolicanet.net\/wp-cnet\/wp-json\/wp\/v2\/posts\/59528\/revisions"}],"predecessor-version":[{"id":59530,"href":"https:\/\/catolicanet.net\/wp-cnet\/wp-json\/wp\/v2\/posts\/59528\/revisions\/59530"}],"wp:featuredmedia":[{"embeddable":true,"href":"https:\/\/catolicanet.net\/wp-cnet\/wp-json\/wp\/v2\/media\/59529"}],"wp:attachment":[{"href":"https:\/\/catolicanet.net\/wp-cnet\/wp-json\/wp\/v2\/media?parent=59528"}],"wp:term":[{"taxonomy":"category","embeddable":true,"href":"https:\/\/catolicanet.net\/wp-cnet\/wp-json\/wp\/v2\/categories?post=59528"},{"taxonomy":"post_tag","embeddable":true,"href":"https:\/\/catolicanet.net\/wp-cnet\/wp-json\/wp\/v2\/tags?post=59528"}],"curies":[{"name":"wp","href":"https:\/\/api.w.org\/{rel}","templated":true}]}}