{"id":59525,"date":"2020-05-27T09:47:17","date_gmt":"2020-05-27T12:47:17","guid":{"rendered":"https:\/\/catolicanet.net\/wp-cnet\/?p=59525"},"modified":"2020-05-27T12:48:22","modified_gmt":"2020-05-27T15:48:22","slug":"dom-orani-enviara-em-junho-protocolo-para-reabertura-das-igrejas-no-rio","status":"publish","type":"post","link":"https:\/\/catolicanet.net\/wp-cnet\/dom-orani-enviara-em-junho-protocolo-para-reabertura-das-igrejas-no-rio\/","title":{"rendered":"Dom Orani enviar\u00e1 em junho protocolo para reabertura das igrejas no Rio"},"content":{"rendered":"<div data-io-article-url=\"https:\/\/www.acidigital.com\/noticias\/igrejas-no-rio-receberao-protocolo-para-reabertura-das-igrejas-em-junho-77048\">\n<div class=\"noticia-contenido\">\n<p style=\"text-align: justify;\">No m\u00eas de junho, as par\u00f3quias do Rio de Janeiro devem receber as regras sanit\u00e1rias para a reabertura dos templos religiosos. A not\u00edcia foi dada nesta ter\u00e7a-feira, 26, ap\u00f3s a reuni\u00e3o do arcebispo do Rio, Cardeal Dom Orani Jo\u00e3o Tempesta, com os\u00a0bispos\u00a0auxiliares e vig\u00e1rios episcopais. Apesar da previs\u00e3o de retorno estar mais pr\u00f3xima, a reabertura das igrejas e o retorno das missas presenciais ainda n\u00e3o tem data marcada para acontecer.<\/p>\n<p style=\"text-align: justify;\">\u201cTivemos a oportunidade de dar encaminhamento aos protocolos que j\u00e1 temos trabalhado h\u00e1 algumas semanas, sobre tudo o que ser\u00e1 necess\u00e1rio para o retorno \u00e0s celebra\u00e7\u00f5es presenciais nas par\u00f3quias. Quando chegar o momento e a pandemia tomar outro rumo poderemos voltar\u201d, disse o cardeal.<\/p>\n<p style=\"text-align: justify;\">Os fi\u00e9is aguardavam com aten\u00e7\u00e3o o posicionamento da arquidiocese em fun\u00e7\u00e3o do decreto do prefeito do Rio, Marcelo Crivella, oficializando a abertura e o \u201cfuncionamento de templos religiosos de qualquer natureza, durante a pandemia decorrente do novo coronavirus &#8211; COVID &#8211; 19\u201d. Publicado em Di\u00e1rio Oficial nesta segunda-feira, 25, o Decreto n<sup>o<\/sup> 47461, considera \u201cque as organiza\u00e7\u00f5es religiosas t\u00eam sofrido interfer\u00eancias e embara\u00e7os indevidos em seu funcionamento, praticados por a\u00e7\u00f5es equivocadas de agentes p\u00fablicos\u201d.<\/p>\n<p style=\"text-align: justify;\">O decreto municipal garante o funcionamento de templos religiosos de qualquer natureza, para realiza\u00e7\u00e3o de cultos, sendo observadas as j\u00e1 conhecidas prescri\u00e7\u00f5es sanit\u00e1rias para evitar o cont\u00e1gio. Entre as medidas, est\u00e3o: uso de m\u00e1scara facial, disponibiliza\u00e7\u00e3o de \u00e1lcool gel 70% e distanciamento m\u00ednimo de dois metros entre os presentes. Continua n\u00e3o indicada a participa\u00e7\u00e3o presencial das pessoas que fazem parte do grupo de risco.<\/p>\n<p style=\"text-align: justify;\">Segundo Dom Orani, durante a reuni\u00e3o, foram relatadas as experi\u00eancias de pessoas que se capacitaram para a higieniza\u00e7\u00e3o das igrejas.<\/p>\n<p style=\"text-align: justify;\">\u201cO texto de orienta\u00e7\u00e3o para toda a arquidiocese ser\u00e1 finalizado e enviado \u00e0s par\u00f3quias para que se preparem: capacitando as pessoas, treinando e adquirindo o material necess\u00e1rio para a higieniza\u00e7\u00e3o. Estamos trabalhando para um retorno poss\u00edvel, mas enquanto isso n\u00e3o acontece, manteremos tudo como est\u00e1. Por enquanto, levemos adiante a caminhada como temos feito at\u00e9 agora\u201d, afirmou o arcebispo do Rio.<\/p>\n<p><strong>Confira:<\/strong><\/p>\n<div class=\"twitter-tweet twitter-tweet-rendered\"><iframe id=\"twitter-widget-0\" class=\"\" title=\"Twitter Tweet\" src=\"https:\/\/platform.twitter.com\/embed\/index.html?creatorScreenName=acidigital&amp;dnt=false&amp;embedId=twitter-widget-0&amp;frame=false&amp;hideCard=false&amp;hideThread=false&amp;id=1258387113340534784&amp;lang=en&amp;origin=https%3A%2F%2Fwww.acidigital.com%2Fnoticias%2Figrejas-no-rio-receberao-protocolo-para-reabertura-das-igrejas-em-junho-77048&amp;siteScreenName=acidigital&amp;theme=light&amp;widgetsVersion=c4096c4b%3A1589303485003&amp;width=500px\" frameborder=\"0\" scrolling=\"no\" allowfullscreen=\"allowfullscreen\" data-tweet-id=\"1258387113340534784\" data-mce-fragment=\"1\"><\/iframe><\/div>\n<\/div>\n<\/div>\n","protected":false},"excerpt":{"rendered":"<p>No m\u00eas de junho, as par\u00f3quias do Rio de Janeiro devem receber as regras sanit\u00e1rias para a reabertura dos templos religiosos. A not\u00edcia foi dada nesta ter\u00e7a-feira, 26, ap\u00f3s a reuni\u00e3o do arcebispo do Rio, Cardeal Dom Orani Jo\u00e3o Tempesta, com os\u00a0bispos\u00a0auxiliares e vig\u00e1rios episcopais. Apesar da previs\u00e3o de retorno estar mais pr\u00f3xima, a reabertura [&hellip;]<\/p>\n","protected":false},"author":1,"featured_media":59526,"comment_status":"open","ping_status":"closed","sticky":false,"template":"","format":"standard","meta":{"footnotes":""},"categories":[4],"tags":[],"class_list":["post-59525","post","type-post","status-publish","format-standard","has-post-thumbnail","hentry","category-cotidiano"],"_links":{"self":[{"href":"https:\/\/catolicanet.net\/wp-cnet\/wp-json\/wp\/v2\/posts\/59525","targetHints":{"allow":["GET"]}}],"collection":[{"href":"https:\/\/catolicanet.net\/wp-cnet\/wp-json\/wp\/v2\/posts"}],"about":[{"href":"https:\/\/catolicanet.net\/wp-cnet\/wp-json\/wp\/v2\/types\/post"}],"author":[{"embeddable":true,"href":"https:\/\/catolicanet.net\/wp-cnet\/wp-json\/wp\/v2\/users\/1"}],"replies":[{"embeddable":true,"href":"https:\/\/catolicanet.net\/wp-cnet\/wp-json\/wp\/v2\/comments?post=59525"}],"version-history":[{"count":1,"href":"https:\/\/catolicanet.net\/wp-cnet\/wp-json\/wp\/v2\/posts\/59525\/revisions"}],"predecessor-version":[{"id":59527,"href":"https:\/\/catolicanet.net\/wp-cnet\/wp-json\/wp\/v2\/posts\/59525\/revisions\/59527"}],"wp:featuredmedia":[{"embeddable":true,"href":"https:\/\/catolicanet.net\/wp-cnet\/wp-json\/wp\/v2\/media\/59526"}],"wp:attachment":[{"href":"https:\/\/catolicanet.net\/wp-cnet\/wp-json\/wp\/v2\/media?parent=59525"}],"wp:term":[{"taxonomy":"category","embeddable":true,"href":"https:\/\/catolicanet.net\/wp-cnet\/wp-json\/wp\/v2\/categories?post=59525"},{"taxonomy":"post_tag","embeddable":true,"href":"https:\/\/catolicanet.net\/wp-cnet\/wp-json\/wp\/v2\/tags?post=59525"}],"curies":[{"name":"wp","href":"https:\/\/api.w.org\/{rel}","templated":true}]}}