{"id":59510,"date":"2020-05-27T10:37:26","date_gmt":"2020-05-27T13:37:26","guid":{"rendered":"https:\/\/catolicanet.net\/wp-cnet\/?p=59510"},"modified":"2020-05-27T12:38:37","modified_gmt":"2020-05-27T15:38:37","slug":"papa-nomeia-novo-bispo-auxiliar-para-a-arquidiocese-do-rio-de-janeiro","status":"publish","type":"post","link":"https:\/\/catolicanet.net\/wp-cnet\/papa-nomeia-novo-bispo-auxiliar-para-a-arquidiocese-do-rio-de-janeiro\/","title":{"rendered":"Papa nomeia novo bispo auxiliar para a arquidiocese do Rio de Janeiro"},"content":{"rendered":"<p style=\"text-align: justify;\">O Papa Francisco nomeou, nesta quarta-feira, 27 de maio, o c\u00f4nego C\u00e9lio da Silveira Calixto Filho como novo bispo auxiliar da arquidiocese de S\u00e3o Sebasti\u00e3o do Rio de Janeiro (RJ). O presb\u00edtero atualmente \u00e9 p\u00e1roco da par\u00f3quia Nossa Senhora de F\u00e1tima, na mesma arquidiocese. A nomea\u00e7\u00e3o de um novo auxiliar foi solicitada pelo arcebispo, cardeal Orani Jo\u00e3o Tempesta, por necessidades pastorais.<\/p>\n<h3 style=\"text-align: justify;\">Novo bispo<\/h3>\n<p style=\"text-align: justify;\">Padre C\u00e9lio da Silveira Calixto Filho nasceu em 8 de maio de 1973, em Passos (MG). Formou-se Engenheiro Mec\u00e2nico na Universidade Federal do Rio de Janeiro (UFRJ), em 1996, mesmo ano que iniciou o curso de Filosofia na Faculdade Eclesi\u00e1stica de Filosofia Jo\u00e3o Paulo II. Padre C\u00e9lio cursou Teologia no Instituto Superior de Teologia da Arquidiocese de S\u00e3o Sebasti\u00e3o do Rio de Janeiro, entre 1998 e 2001, obtendo a ordena\u00e7\u00e3o presbiteral em 28 de setembro de 2002.<\/p>\n<p style=\"text-align: justify;\">De novembro de 2005 a dezembro de 2006, fez uma experi\u00eancia como monge trapista na Abadia Nossa Senhora do Novo Mundo, em Campo do Tenente (PR).<\/p>\n<p style=\"text-align: justify;\">Retornando \u00e0 arquidiocese do Rio de Janeiro, em janeiro de 2007, foi provisionado vig\u00e1rio paroquial para a par\u00f3quia de S\u00e3o Br\u00e1s, no bairro Campo Grande. Em maio do mesmo ano, foi transferido para a par\u00f3quia de S\u00e3o Sebasti\u00e3o, em Bento Ribeiro, como p\u00e1roco.<\/p>\n<p style=\"text-align: justify;\">De fevereiro de 2008 at\u00e9 setembro de 2012, foi diretor espiritual do Semin\u00e1rio Arquidiocesano de S\u00e3o Jos\u00e9, transferindo-se em seguida para a par\u00f3quia dos Santos Anjos, no Leblon, onde permaneceu como p\u00e1roco at\u00e9 maio de 2017.<\/p>\n<p style=\"text-align: justify;\">Desde 5 de junho de 2017, \u00e9 p\u00e1roco da par\u00f3quia de Nossa Senhora de F\u00e1tima, em Tom\u00e1s Coelho. Padre C\u00e9lio tamb\u00e9m \u00e9 c\u00f4nego efetivo e secret\u00e1rio do Cabido da Catedral do arcebispado de S\u00e3o Sebasti\u00e3o do Rio de Janeiro.<\/p>\n<p style=\"text-align: justify;\">Padre C\u00e9lio Filho obteve o grau de Mestre em Teologia Sistem\u00e1tico-Pastoral na Pontif\u00edcia Universidade Cat\u00f3lica do Rio de Janeiro (PUC-Rio), em 2014, com a disserta\u00e7\u00e3o \u201cO memorial: continua\u00e7\u00e3o da obra redentora de Jesus Cristo\u201d.<\/p>\n<blockquote>\n<h4><strong>Sauda\u00e7\u00e3o da CNBB ao padre C\u00e9lio da Silveira Calixto Filho<\/strong><\/h4>\n<\/blockquote>\n<p style=\"text-align: justify;\">Bras\u00edlia-DF, 27 de maio de 2020<\/p>\n<p style=\"text-align: justify;\">Prezado irm\u00e3o C\u00e9lio da Silveira Calixto Filho, sa\u00fade e paz!<\/p>\n<p style=\"text-align: justify;\">A Confer\u00eancia Nacional dos Bispos do Brasil (CNBB) manifesta alegria com a sua nomea\u00e7\u00e3o para bispo auxiliar da Arquidiocese de S\u00e3o Sebasti\u00e3o do Rio de Janeiro (RJ). Jubilosos por acolher mais um irm\u00e3o no episcopado, agradecemos, junto com o cardeal Orani Jo\u00e3o Tempesta, o gesto do Papa Francisco, que expressa seu zelo pela Igreja no Brasil.<\/p>\n<p style=\"text-align: justify;\">Neste tempo em que mais uma vez somos desafiados e chamados a dar raz\u00e3o da nossa esperan\u00e7a, recordamos uma palavra do Papa Francisco aos participantes do Encontro Internacional \u201cA Igreja em sa\u00edda. Recep\u00e7\u00e3o e perspectivas da Evangelii Gaudium\u201d: \u00a0<em>Para n\u00e3o nos deixarmos roubar o entusiasmo do Evangelho, invoquemos todos os dias o seu Autor, o Esp\u00edrito Santo, o Esp\u00edrito da alegria que mant\u00e9m vivo o ardor mission\u00e1rio, que faz da vida uma hist\u00f3ria de amor com Deus, que nos convida a atrair o mundo s\u00f3 com o amor, e a descobrir que a vida s\u00f3 se pode possuir com o dom. \u00c9 dando que se possui, despojando-se de si mesmo. E tamb\u00e9m com a surpresa, o espanto de ver que antes de chegarmos, h\u00e1 o Esp\u00edrito Santo que j\u00e1 chegou e nos espera ali.<\/em><\/p>\n<p style=\"text-align: justify;\">Receba nossas boas-vindas \u00e0 nossa Confer\u00eancia Episcopal, os nossos mais sinceros votos de um frutuoso minist\u00e9rio episcopal e nosso abra\u00e7o fraterno.<\/p>\n<p style=\"text-align: justify;\">Em Cristo,<\/p>\n<blockquote><p>&nbsp;<\/p><\/blockquote>\n<p style=\"text-align: justify;\"><strong>Dom Walmor Oliveira de Azevedo<\/strong><strong><br \/>\n<\/strong>Arcebispo de Belo Horizonte (MG)<br \/>\nPresidente da CNBB<\/p>\n<p style=\"text-align: justify;\"><strong>Dom Jaime Spengler<br \/>\n<\/strong>Arcebispo de Porto Alegre (RS)<br \/>\nPrimeiro Vice-presidente da CNBB<br \/>\n<strong><br \/>\nDom M\u00e1rio Ant\u00f4nio da Silva<\/strong><strong><br \/>\n<\/strong>Bispo de Roraima (RR)<br \/>\nSegundo Vice-presidente da CNBB<\/p>\n<p style=\"text-align: justify;\"><strong>Dom Joel Portella Amado<\/strong><strong><br \/>\n<\/strong>Bispo Auxiliar de S\u00e3o Sebasti\u00e3o do Rio de Janeiro (RJ)<br \/>\nSecret\u00e1rio-Geral da CNBB<\/p>\n","protected":false},"excerpt":{"rendered":"<p>O Papa Francisco nomeou, nesta quarta-feira, 27 de maio, o c\u00f4nego C\u00e9lio da Silveira Calixto Filho como novo bispo auxiliar da arquidiocese de S\u00e3o Sebasti\u00e3o do Rio de Janeiro (RJ). O presb\u00edtero atualmente \u00e9 p\u00e1roco da par\u00f3quia Nossa Senhora de F\u00e1tima, na mesma arquidiocese. A nomea\u00e7\u00e3o de um novo auxiliar foi solicitada pelo arcebispo, cardeal [&hellip;]<\/p>\n","protected":false},"author":1,"featured_media":59511,"comment_status":"open","ping_status":"closed","sticky":false,"template":"","format":"standard","meta":{"footnotes":""},"categories":[7],"tags":[],"class_list":["post-59510","post","type-post","status-publish","format-standard","has-post-thumbnail","hentry","category-cnbb"],"_links":{"self":[{"href":"https:\/\/catolicanet.net\/wp-cnet\/wp-json\/wp\/v2\/posts\/59510","targetHints":{"allow":["GET"]}}],"collection":[{"href":"https:\/\/catolicanet.net\/wp-cnet\/wp-json\/wp\/v2\/posts"}],"about":[{"href":"https:\/\/catolicanet.net\/wp-cnet\/wp-json\/wp\/v2\/types\/post"}],"author":[{"embeddable":true,"href":"https:\/\/catolicanet.net\/wp-cnet\/wp-json\/wp\/v2\/users\/1"}],"replies":[{"embeddable":true,"href":"https:\/\/catolicanet.net\/wp-cnet\/wp-json\/wp\/v2\/comments?post=59510"}],"version-history":[{"count":1,"href":"https:\/\/catolicanet.net\/wp-cnet\/wp-json\/wp\/v2\/posts\/59510\/revisions"}],"predecessor-version":[{"id":59512,"href":"https:\/\/catolicanet.net\/wp-cnet\/wp-json\/wp\/v2\/posts\/59510\/revisions\/59512"}],"wp:featuredmedia":[{"embeddable":true,"href":"https:\/\/catolicanet.net\/wp-cnet\/wp-json\/wp\/v2\/media\/59511"}],"wp:attachment":[{"href":"https:\/\/catolicanet.net\/wp-cnet\/wp-json\/wp\/v2\/media?parent=59510"}],"wp:term":[{"taxonomy":"category","embeddable":true,"href":"https:\/\/catolicanet.net\/wp-cnet\/wp-json\/wp\/v2\/categories?post=59510"},{"taxonomy":"post_tag","embeddable":true,"href":"https:\/\/catolicanet.net\/wp-cnet\/wp-json\/wp\/v2\/tags?post=59510"}],"curies":[{"name":"wp","href":"https:\/\/api.w.org\/{rel}","templated":true}]}}