{"id":59507,"date":"2020-05-27T10:35:58","date_gmt":"2020-05-27T13:35:58","guid":{"rendered":"https:\/\/catolicanet.net\/wp-cnet\/?p=59507"},"modified":"2020-05-27T12:37:10","modified_gmt":"2020-05-27T15:37:10","slug":"papa-acolhe-renuncia-de-dom-eugenio-rixen-e-nomeia-padre-jeova-elias-ferreira-para-diocese-de-goias-go","status":"publish","type":"post","link":"https:\/\/catolicanet.net\/wp-cnet\/papa-acolhe-renuncia-de-dom-eugenio-rixen-e-nomeia-padre-jeova-elias-ferreira-para-diocese-de-goias-go\/","title":{"rendered":"Papa acolhe ren\u00fancia de dom Eug\u00eanio Rixen e nomeia padre Jeov\u00e1 Elias Ferreira para diocese de Goi\u00e1s (GO)"},"content":{"rendered":"<p style=\"text-align: justify;\">O Papa Francisco acolheu, nesta quarta-feira, 27 de maio, o pedido de ren\u00fancia apresentado por dom Eug\u00e8ne (Eug\u00eanio) Lambert Adrian Rixen ao governo pastoral da diocese de Goi\u00e1s (GO). No mesmo ato, o Santo Padre nomeou como bispo titular da mesma diocese o padre Jeov\u00e1 Elias Ferreira, atualmente vig\u00e1rio-geral na arquidiocese de Bras\u00edlia (DF). A Confer\u00eancia Nacional dos Bispos do Brasil (CNBB) enviou agradecimento a dom Eug\u00eanio Rixen e sauda\u00e7\u00e3o ao padre Jeov\u00e1 Elias. Confira abaixo as biografias, o agradecimento a dom Eug\u00eanio Rixen e\u00a0 a sauda\u00e7\u00e3o ao novo membro do episcopado brasileiro.<\/p>\n<h4 style=\"text-align: justify;\">Novo bispo da diocese de Goi\u00e1s (GO)<\/h4>\n<p style=\"text-align: justify;\">Padre Jeov\u00e1 Elias Ferreira nasceu em 24 de agosto de 1961, em Sobral (CE). Estudou Filosofia no Semin\u00e1rio Nossa Senhora de F\u00e1tima, em Bras\u00edlia, de 1985 a 1987, sendo licenciado pela Universidade Estadual do Cear\u00e1, em 2000. Estudou Teologia no mesmo semin\u00e1rio, tornando-se bacharel, com reconhecimento pela Universidade Pontif\u00edcia Bolivariana, Medell\u00edn, em 2017.<\/p>\n<p style=\"text-align: justify;\">Foi ordenado padre em 30 de novembro de 1991, na catedral metropolitana de Bras\u00edlia (DF). Na arquidiocese de Bras\u00edlia, exerceu a fun\u00e7\u00e3o de p\u00e1roco nas seguintes par\u00f3quias: Sant\u00edssima Trindade, em Ceil\u00e2ndia, Nossa Senhora do Ros\u00e1rio de F\u00e1tima, em Sobradinho, e Nossa Senhora de Nazar\u00e9, em Planaltina.<\/p>\n<p style=\"text-align: justify;\">O padre aprofundou seus estudos em teologia pastoral e tamb\u00e9m foi professor de Doutrina Social da Igreja no Semin\u00e1rio Nossa Senhora de F\u00e1tima, da arquidiocese de Bras\u00edlia, de 2004 a 2005. Tamb\u00e9m foi membro do Col\u00e9gio de Consultores, do Conselho Econ\u00f4mico, vig\u00e1rio episcopal do Vicariato Norte. Atualmente exerce a fun\u00e7\u00e3o de vig\u00e1rio-geral na arquidiocese de Bras\u00edlia (DF).<\/p>\n<h6 style=\"text-align: justify;\">Novo bispo em\u00e9rito<\/h6>\n<p style=\"text-align: justify;\">Com a decis\u00e3o do Papa, dom Eug\u00eanio Rixen torna-se agora bispo em\u00e9rito. O procedimento est\u00e1 previsto no C\u00f3digo de Direito Can\u00f4nico e define que \u201cao bispo diocesano que tiver completado 75 anos de idade, \u00e9 solicitado apresentar a ren\u00fancia do of\u00edcio ao Sumo Pont\u00edfice que, ponderando todas as circunst\u00e2ncias, tomar\u00e1 provid\u00eancias\u201d. Com a aceita\u00e7\u00e3o da ren\u00fancia pelo Papa, o bispo em\u00e9rito fica, ent\u00e3o, desobrigado das fun\u00e7\u00f5es concernentes ao governo de sua diocese, mas permanece no exerc\u00edcio de seu minist\u00e9rio durante toda a vida.<\/p>\n<p style=\"text-align: justify;\">Dom Eug\u00eanio completou 75 anos no dia 3 de julho de 2019. Ele nasceu em Kelmis na B\u00e9lgica, em 1944. \u00c9 o quarto bispo da diocese de Goi\u00e1s (GO), criada pela bula\u00a0<em>\u201cQuo gaudio\u201d<\/em>\u00a0(Com Alegria) do Papa Pio XII, em 26 de mar\u00e7o de 1956.<\/p>\n<p style=\"text-align: justify;\">Sua ordena\u00e7\u00e3o presbiteral foi em 1970. Depois disso, ele veio ao Brasil como mission\u00e1rio\u00a0<em>\u201cFidei Donum\u201d.<\/em>\u00a0Foi eleito bispo auxiliar de Assis em 30 de novembro 1995, foi consagrado em 25 de fevereiro 1996. Foi nomeado bispo de Goi\u00e1s em 2 de dezembro 1998. Seu lema episcopal \u00e9:\u00a0<em>\u201cMaranatha, vem senhor\u201d.<\/em><\/p>\n<p style=\"text-align: justify;\">Por dois mandatos, de 2003 a 2011, foi presidente da Comiss\u00e3o Episcopal de Anima\u00e7\u00e3o B\u00edblico-Catequ\u00e9tica da CNBB. Atualmente \u00e9 bispo referencial da Pastoral da AIDS.<\/p>\n<h3 style=\"text-align: justify;\"><a href=\"https:\/\/www.cnbb.org.br\/wp-content\/uploads\/sites\/32\/2020\/05\/Agradecimento-Dom-Eug%C3%AAnio-Rixen.png\"><img loading=\"lazy\" decoding=\"async\" class=\"alignnone size-full wp-image-239533\" src=\"https:\/\/www.cnbb.org.br\/wp-content\/uploads\/sites\/32\/2020\/05\/Agradecimento-Dom-Eug%C3%AAnio-Rixen.png\" srcset=\"https:\/\/www.cnbb.org.br\/wp-content\/uploads\/sites\/32\/2020\/05\/Agradecimento-Dom-Eug\u00eanio-Rixen.png 1200w, https:\/\/www.cnbb.org.br\/wp-content\/uploads\/sites\/32\/2020\/05\/Agradecimento-Dom-Eug\u00eanio-Rixen-300x191.png 300w, https:\/\/www.cnbb.org.br\/wp-content\/uploads\/sites\/32\/2020\/05\/Agradecimento-Dom-Eug\u00eanio-Rixen-1024x650.png 1024w, https:\/\/www.cnbb.org.br\/wp-content\/uploads\/sites\/32\/2020\/05\/Agradecimento-Dom-Eug\u00eanio-Rixen-768x488.png 768w\" alt=\"\" width=\"1200\" height=\"762\" \/><\/a><\/h3>\n<h3 style=\"text-align: justify;\">Agradecimento da CNBB a dom Eug\u00eanio Rixen<\/h3>\n<p style=\"text-align: justify;\">Bras\u00edlia-DF, 27 de maio de 2020<\/p>\n<p style=\"text-align: justify;\">Estimado irm\u00e3o, Eug\u00eanio Rixen, sa\u00fade e paz!<\/p>\n<p style=\"text-align: justify;\">A Confer\u00eancia Nacional dos Bispos do Brasil (CNBB) manifesta agradecimento a Deus por sua trajet\u00f3ria episcopal, especialmente aos 50 anos dedicados \u00e0 sua a\u00e7\u00e3o pastoral e mission\u00e1ria ao Brasil, a maior parte do tempo como bispo da diocese de Goi\u00e1s (GO), uma Igreja comprometida com as realidades sociais e na defesa dos mais pobres.<\/p>\n<p style=\"text-align: justify;\">Agradecemos tamb\u00e9m a sua contribui\u00e7\u00e3o \u00e0 caminhada da catequese no Brasil, especialmente a sua atua\u00e7\u00e3o como presidente da Comiss\u00e3o Episcopal Pastoral de Anima\u00e7\u00e3o B\u00edblico-Catequ\u00e9tica da CNBB. Sabemos que o senhor tem grande contribui\u00e7\u00e3o na reflex\u00e3o e sistematiza\u00e7\u00e3o do processo de \u201cinicia\u00e7\u00e3o \u00e0 vida crist\u00e3\u201d, tendo coordenado o processo de aprova\u00e7\u00e3o do tema central na 55\u00aa Assembleia Geral do episcopado brasileiro, em 2017.<\/p>\n<p style=\"text-align: justify;\">Desejamos que esse tempo de emeritude seja um tempo de renascer diante da Igreja \u00e0 qual continua sendo chamado a sempre servir com sua experi\u00eancia e sabedoria.<\/p>\n<p style=\"text-align: justify;\">Certos da Ressurrei\u00e7\u00e3o de Jesus Cristo, que celebramos neste tempo lit\u00fargico, enviamos ao senhor nosso afetuoso abra\u00e7o e rogamos \u00e0 Nossa Senhora de Sant\u2019Ana, padroeira da diocese de Goi\u00e1s, que lhe cubra de b\u00ean\u00e7\u00e3os e prote\u00e7\u00e3o.<\/p>\n<p style=\"text-align: justify;\">Em Cristo,<\/p>\n<p style=\"text-align: justify;\"><strong>Dom Walmor Oliveira de Azevedo<\/strong><br \/>\nArcebispo de Belo Horizonte (MG)<br \/>\nPresidente da CNBB<\/p>\n<p style=\"text-align: justify;\"><strong>Dom Jaime Spengler<\/strong><br \/>\nArcebispo de Porto Alegre (RS)<br \/>\nPrimeiro Vice-Presidente da CNBB<\/p>\n<p style=\"text-align: justify;\"><strong>Dom M\u00e1rio Ant\u00f4nio da Silva<\/strong><br \/>\nBispo de Roraima (RR)<br \/>\nSegundo Vice-Presidente da CNBB<\/p>\n<p style=\"text-align: justify;\"><strong>Dom Joel Portella Amado<\/strong><br \/>\nBispo auxiliar da arquidiocese de S\u00e3o Sebasti\u00e3o do Rio de Janeiro (RJ)<br \/>\nSecret\u00e1rio-geral da CNBB<\/p>\n<h5 style=\"text-align: justify;\">Sauda\u00e7\u00e3o da CNBB ao padre Jeov\u00e1 Elias Ferreira<\/h5>\n<p style=\"text-align: justify;\">Bras\u00edlia-DF, 27 de maio de 2020<\/p>\n<p style=\"text-align: justify;\">Prezado irm\u00e3o, Jeov\u00e1 Elias Ferreira, sa\u00fade e paz!<\/p>\n<p style=\"text-align: justify;\">A Confer\u00eancia Nacional dos Bispos do Brasil (CNBB) manifesta alegria com a sua nomea\u00e7\u00e3o para bispo da diocese de Goi\u00e1s (GO). Felizes por acolher mais um irm\u00e3o no episcopado, agradecemos, junto a dom Eug\u00eanio Rixen, o gesto do Papa Francisco, que com mais essa nomea\u00e7\u00e3o expressa seu zelo pela Igreja no Brasil.<\/p>\n<p style=\"text-align: justify;\">Abrindo as portas da CNBB ao senhor, recordamos as palavras do Santo Padre, em alocu\u00e7\u00e3o sobre a Igreja durante audi\u00eancia geral na pra\u00e7a S\u00e3o Pedro:\u00a0<em>\u201cO Bispo \u00e9 chamado a servir e n\u00e3o a ser servido. Nele \u00e9 a pr\u00f3pria pessoa de Cristo que se torna presente e continua a cuidar da Igreja\u201d.<\/em><\/p>\n<p style=\"text-align: justify;\">Receba as boas-vindas \u00e0 nossa Confer\u00eancia Episcopal, os nossos mais sinceros votos de um frutuoso minist\u00e9rio episcopal e nosso abra\u00e7o fraterno.<\/p>\n<p style=\"text-align: justify;\">Em Cristo,<\/p>\n<p style=\"text-align: justify;\"><strong>Dom Walmor Oliveira de Azevedo<\/strong><br \/>\nArcebispo de Belo Horizonte (MG)<br \/>\nPresidente da CNBB<\/p>\n<p style=\"text-align: justify;\"><strong>Dom Jaime Spengler<\/strong><br \/>\nArcebispo de Porto Alegre (RS)<br \/>\nPrimeiro Vice-Presidente da CNBB<\/p>\n<p style=\"text-align: justify;\"><strong>Dom M\u00e1rio Ant\u00f4nio da Silva<\/strong><br \/>\nBispo de Roraima (RR)<br \/>\nSegundo Vice-Presidente da CNBB<\/p>\n<p style=\"text-align: justify;\"><strong>Dom Joel Portella Amado<\/strong><br \/>\nBispo auxiliar da arquidiocese de S\u00e3o Sebasti\u00e3o do Rio de Janeiro (RJ)<br \/>\nSecret\u00e1rio-geral da CNBB<\/p>\n","protected":false},"excerpt":{"rendered":"<p>O Papa Francisco acolheu, nesta quarta-feira, 27 de maio, o pedido de ren\u00fancia apresentado por dom Eug\u00e8ne (Eug\u00eanio) Lambert Adrian Rixen ao governo pastoral da diocese de Goi\u00e1s (GO). No mesmo ato, o Santo Padre nomeou como bispo titular da mesma diocese o padre Jeov\u00e1 Elias Ferreira, atualmente vig\u00e1rio-geral na arquidiocese de Bras\u00edlia (DF). A [&hellip;]<\/p>\n","protected":false},"author":1,"featured_media":59508,"comment_status":"open","ping_status":"closed","sticky":false,"template":"","format":"standard","meta":{"footnotes":""},"categories":[7,13],"tags":[],"class_list":["post-59507","post","type-post","status-publish","format-standard","has-post-thumbnail","hentry","category-cnbb","category-featured"],"_links":{"self":[{"href":"https:\/\/catolicanet.net\/wp-cnet\/wp-json\/wp\/v2\/posts\/59507","targetHints":{"allow":["GET"]}}],"collection":[{"href":"https:\/\/catolicanet.net\/wp-cnet\/wp-json\/wp\/v2\/posts"}],"about":[{"href":"https:\/\/catolicanet.net\/wp-cnet\/wp-json\/wp\/v2\/types\/post"}],"author":[{"embeddable":true,"href":"https:\/\/catolicanet.net\/wp-cnet\/wp-json\/wp\/v2\/users\/1"}],"replies":[{"embeddable":true,"href":"https:\/\/catolicanet.net\/wp-cnet\/wp-json\/wp\/v2\/comments?post=59507"}],"version-history":[{"count":1,"href":"https:\/\/catolicanet.net\/wp-cnet\/wp-json\/wp\/v2\/posts\/59507\/revisions"}],"predecessor-version":[{"id":59509,"href":"https:\/\/catolicanet.net\/wp-cnet\/wp-json\/wp\/v2\/posts\/59507\/revisions\/59509"}],"wp:featuredmedia":[{"embeddable":true,"href":"https:\/\/catolicanet.net\/wp-cnet\/wp-json\/wp\/v2\/media\/59508"}],"wp:attachment":[{"href":"https:\/\/catolicanet.net\/wp-cnet\/wp-json\/wp\/v2\/media?parent=59507"}],"wp:term":[{"taxonomy":"category","embeddable":true,"href":"https:\/\/catolicanet.net\/wp-cnet\/wp-json\/wp\/v2\/categories?post=59507"},{"taxonomy":"post_tag","embeddable":true,"href":"https:\/\/catolicanet.net\/wp-cnet\/wp-json\/wp\/v2\/tags?post=59507"}],"curies":[{"name":"wp","href":"https:\/\/api.w.org\/{rel}","templated":true}]}}