{"id":59492,"date":"2020-05-26T10:40:07","date_gmt":"2020-05-26T13:40:07","guid":{"rendered":"https:\/\/catolicanet.net\/wp-cnet\/?p=59492"},"modified":"2020-05-26T10:40:07","modified_gmt":"2020-05-26T13:40:07","slug":"amor-gentil-e-desinteressado","status":"publish","type":"post","link":"https:\/\/catolicanet.net\/wp-cnet\/amor-gentil-e-desinteressado\/","title":{"rendered":"Amor gentil e desinteressado"},"content":{"rendered":"<p style=\"text-align: justify;\">Confiemos e inspiremo-nos na af\u00e1vel bondade de Deus, que se estende de gera\u00e7\u00e3o em gera\u00e7\u00e3o. A partir da mais acabada confian\u00e7a, que a vida seja percebida como dom e gra\u00e7a, dentro do projeto salv\u00edfico, que significa abra\u00e7ar o compromisso e miss\u00e3o de romper com o comodismo, na busca de encontrar novos caminhos, de vencer obst\u00e1culos e de ultrapassar barreiras. Devemos acolher o convite feito pelo pr\u00f3prio Deus: o de dar continuidade \u00e0 sua miss\u00e3o, obedientes \u00e0 sua irrecus\u00e1vel voz e indescrit\u00edvel mist\u00e9rio de amor. Esse amor, \u00e0 luz da esperan\u00e7a crist\u00e3, n\u00e3o \u00e9 sin\u00f4nimo de ilus\u00e3o, mas revela ideia de justi\u00e7a e vida para todos, na vinda definitiva de Deus, convencendo-nos da plenitude do homem e do mundo, no mergulho e entrega nas m\u00e3os do Senhor.<\/p>\n<p style=\"text-align: justify;\">Dentro do contexto da semana que antecede a Solenidade de Pentecostes, na Semana de Ora\u00e7\u00e3o pela Unidade dos Crist\u00e3os 2020, com o tema \u201cGentileza gera Gentileza\u201d, promovida mundialmente pelo Pontif\u00edcio Conselho para a Promo\u00e7\u00e3o da Unidade dos Crist\u00e3os e pelo Conselho Mundial de Igrejas, a Semana de Ora\u00e7\u00e3o pela Unidade Crist\u00e3 (SOUC) acontece em per\u00edodos diferentes nos dois hemisf\u00e9rios. Pensemos que a gentileza \u00e9 fruto da caridade, como nos ensina o ap\u00f3stolo Paulo, a respeito da qual, sendo paciente e benigna, n\u00e3o \u00e9 invejosa e nem se vangloria, n\u00e3o desrespeita, n\u00e3o busca seu interesse, n\u00e3o se \u00e9 raivosa e n\u00e3o leva em conta o mal recebido, n\u00e3o se alegra com a injusti\u00e7a, mas acolhe a verdade, antevendo a santidade, assimilada como dom, dentro do projeto de Deus, significando uma ruptura com o mal e com todos os seus frutos.<\/p>\n<p style=\"text-align: justify;\">Deus convida todos, em tempo de pandemia \u2013 pelo testemunho e an\u00fancio de cada seguidor de Jesus de Nazar\u00e9 \u2013, a prestar conta e dar raz\u00f5es de sua vida de esperan\u00e7a. Ele \u00e9 amor, sendo, por isso mesmo, causa e raz\u00e3o de nossa vida, mas na alegre confian\u00e7a de quem o descobriu, o reconheceu e o acolheu como seu tesouro mais precioso, capaz de satisfazer a exist\u00eancia humana. Que nossa resposta ao mist\u00e9rio da revela\u00e7\u00e3o de Deus na Hist\u00f3ria, vindo ao mundo por meio de Maria \u2013 mulher simples e humilde \u2013, nos ensine a verdadeira alegria, na doa\u00e7\u00e3o generosa e no oferecimento da pr\u00f3pria vida.<\/p>\n<p style=\"text-align: justify;\">Como \u00e9 conveniente pensar que somente atrav\u00e9s do amor \u2013 dom e gra\u00e7a \u2013, acolhido e traduzido em li\u00e7\u00f5es de vida, depois transmitido aos irm\u00e3os, \u00e9 o que \u00e9 decisivo para determinar o valor e a import\u00e2ncia de uma vida de doa\u00e7\u00e3o! Sejamos convictos de que o que realizamos na f\u00e9 e na esperan\u00e7a deixar\u00e1 sinais e marcas indel\u00e9veis. A heran\u00e7a maior que podemos deixar para as gera\u00e7\u00f5es vindouras est\u00e1 no constante esfor\u00e7o da viv\u00eancia do Evangelho, pela nossa conduta \u00e9tica, numa pr\u00e1tica, que tem por base o amor desinteressado, com \u201cgentileza gerando gentileza\u201d. Am\u00e9m!<\/p>\n","protected":false},"excerpt":{"rendered":"<p>Confiemos e inspiremo-nos na af\u00e1vel bondade de Deus, que se estende de gera\u00e7\u00e3o em gera\u00e7\u00e3o. A partir da mais acabada confian\u00e7a, que a vida seja percebida como dom e gra\u00e7a, dentro do projeto salv\u00edfico, que significa abra\u00e7ar o compromisso e miss\u00e3o de romper com o comodismo, na busca de encontrar novos caminhos, de vencer obst\u00e1culos [&hellip;]<\/p>\n","protected":false},"author":6,"featured_media":55824,"comment_status":"open","ping_status":"closed","sticky":false,"template":"","format":"standard","meta":{"footnotes":""},"categories":[9],"tags":[],"class_list":["post-59492","post","type-post","status-publish","format-standard","has-post-thumbnail","hentry","category-artigos"],"_links":{"self":[{"href":"https:\/\/catolicanet.net\/wp-cnet\/wp-json\/wp\/v2\/posts\/59492","targetHints":{"allow":["GET"]}}],"collection":[{"href":"https:\/\/catolicanet.net\/wp-cnet\/wp-json\/wp\/v2\/posts"}],"about":[{"href":"https:\/\/catolicanet.net\/wp-cnet\/wp-json\/wp\/v2\/types\/post"}],"author":[{"embeddable":true,"href":"https:\/\/catolicanet.net\/wp-cnet\/wp-json\/wp\/v2\/users\/6"}],"replies":[{"embeddable":true,"href":"https:\/\/catolicanet.net\/wp-cnet\/wp-json\/wp\/v2\/comments?post=59492"}],"version-history":[{"count":1,"href":"https:\/\/catolicanet.net\/wp-cnet\/wp-json\/wp\/v2\/posts\/59492\/revisions"}],"predecessor-version":[{"id":59493,"href":"https:\/\/catolicanet.net\/wp-cnet\/wp-json\/wp\/v2\/posts\/59492\/revisions\/59493"}],"wp:featuredmedia":[{"embeddable":true,"href":"https:\/\/catolicanet.net\/wp-cnet\/wp-json\/wp\/v2\/media\/55824"}],"wp:attachment":[{"href":"https:\/\/catolicanet.net\/wp-cnet\/wp-json\/wp\/v2\/media?parent=59492"}],"wp:term":[{"taxonomy":"category","embeddable":true,"href":"https:\/\/catolicanet.net\/wp-cnet\/wp-json\/wp\/v2\/categories?post=59492"},{"taxonomy":"post_tag","embeddable":true,"href":"https:\/\/catolicanet.net\/wp-cnet\/wp-json\/wp\/v2\/tags?post=59492"}],"curies":[{"name":"wp","href":"https:\/\/api.w.org\/{rel}","templated":true}]}}