{"id":59477,"date":"2020-05-26T10:25:31","date_gmt":"2020-05-26T13:25:31","guid":{"rendered":"https:\/\/catolicanet.net\/wp-cnet\/?p=59477"},"modified":"2020-05-26T10:25:31","modified_gmt":"2020-05-26T13:25:31","slug":"milagre-do-crucifixo-de-sao-marcelo-se-repetiu-em-roma-durante-a-pandemia","status":"publish","type":"post","link":"https:\/\/catolicanet.net\/wp-cnet\/milagre-do-crucifixo-de-sao-marcelo-se-repetiu-em-roma-durante-a-pandemia\/","title":{"rendered":"Milagre do Crucifixo de S\u00e3o Marcelo se repetiu em Roma durante a pandemia?"},"content":{"rendered":"<p style=\"text-align: justify;\">Um sacerdote da Arquidiocese de Milwaukee (Estados Unidos) chamou a aten\u00e7\u00e3o das redes neste fim de semana ao analisar o n\u00famero de mortos por coronav\u00edrus na It\u00e1lia e identificar o dia 27 de mar\u00e7o como o dia em que tudo mudou.<\/p>\n<p style=\"text-align: justify;\">Nesse dia, o Papa Francisco presidiu na Pra\u00e7a de S\u00e3o Pedro um momento extraordin\u00e1rio de ora\u00e7\u00e3o acompanhado pelo Cristo Milagroso, uma imagem do Jesus crucificado \u00e0 qual os romanos atribu\u00edram o fim da epidemia de 1522. Al\u00e9m disso, concedeu a b\u00ean\u00e7\u00e3o Urbi et Orbi e rezou diante da imagem do Senhor crucificado.<\/p>\n<div class=\"twitter-tweet twitter-tweet-rendered\" style=\"text-align: justify;\"><iframe id=\"twitter-widget-0\" class=\"\" title=\"Twitter Tweet\" src=\"https:\/\/platform.twitter.com\/embed\/index.html?creatorScreenName=acidigital&amp;dnt=false&amp;embedId=twitter-widget-0&amp;frame=false&amp;hideCard=false&amp;hideThread=false&amp;id=1264197466917933057&amp;lang=en&amp;origin=https%3A%2F%2Fwww.acidigital.com%2Fnoticias%2Fmilagre-do-crucifixo-de-sao-marcelo-se-repetiu-em-roma-durante-a-pandemia-51668&amp;siteScreenName=acidigital&amp;theme=light&amp;widgetsVersion=c4096c4b%3A1589303485003&amp;width=500px\" frameborder=\"0\" scrolling=\"no\" allowfullscreen=\"allowfullscreen\" data-tweet-id=\"1264197466917933057\" data-mce-fragment=\"1\"><\/iframe><\/div>\n<p style=\"text-align: justify;\">Em sua conta no Twitter, Pe. John LoCoco identificou, por meio do Alerta sobre a COVID-19, acess\u00edvel pelo Google, que aquela sexta-feira foi o dia no qual se registraram mais falecidos na It\u00e1lia, com 919 v\u00edtimas.<\/p>\n<p style=\"text-align: justify;\">Desde ent\u00e3o, come\u00e7ou um decl\u00ednio gradual, at\u00e9 registrar, no dia 24 de maio, 50 mortes na It\u00e1lia. Como se sabe, este foi o primeiro pa\u00eds europeu onde a pandemia causou estragos depois que o v\u00edrus deixou a China, causando, segundo a Universidade Johns Hopkins, mais de 230 mil infec\u00e7\u00f5es e 32.800 mortes.<\/p>\n<p style=\"text-align: justify;\">H\u00e1 alguns dias, v\u00e1rias medidas restritivas foram levantadas na It\u00e1lia e as Missas voltaram a ser celebradas com a presen\u00e7a dos fieis, mas mantendo as recomenda\u00e7\u00f5es sanit\u00e1rias para evitar um novo surto de coronav\u00edrus.<\/p>\n<p style=\"text-align: justify;\"><iframe loading=\"lazy\" src=\"https:\/\/www.youtube.com\/embed\/-cfKX0O40JA\" width=\"560\" height=\"315\" frameborder=\"0\" allowfullscreen=\"allowfullscreen\" data-mce-fragment=\"1\"><\/iframe><\/p>\n<p style=\"text-align: justify;\">No dia extraordin\u00e1rio da ora\u00e7\u00e3o, o Papa Francisco tamb\u00e9m rezou diante da imagem mariana da Salus Populi Romani.<\/p>\n<p style=\"text-align: justify;\">Em meio \u00e0 chuva e diante de uma pra\u00e7a de S\u00e3o Pedro vazia, o Pont\u00edfice refletiu sobre a passagem do Evangelho na qual Cristo acalma a tempestade no mar da Galileia.<\/p>\n<p style=\"text-align: justify;\">&#8220;Revemo- nos temerosos e perdidos. \u00c0 semelhan\u00e7a dos disc\u00edpulos do Evangelho, fomos surpreendidos por uma tempestade inesperada e furibunda. Demo-nos conta de estar no mesmo barco, todos fr\u00e1geis e desorientados mas ao mesmo tempo importantes e necess\u00e1rios: todos chamados a remar juntos, todos, carecidos de m\u00fatuo encorajamento&#8221;, expressou.<\/p>\n<p style=\"text-align: justify;\">No entanto, recordou que \u201co Senhor desperta, para acordar e reanimar a nossa f\u00e9 pascal. Temos uma \u00e2ncora: na sua cruz, fomos salvos. Temos um leme: na sua cruz, fomos resgatados. Temos uma esperan\u00e7a: na sua cruz, fomos curados e abra\u00e7ados, para que nada e ningu\u00e9m nos separe do seu amor redentor&#8221;.<\/p>\n<p style=\"text-align: justify;\">Por isso, alentou a abra\u00e7ar a cruz de Cristo, pois nela \u201cfomos salvos para acolher a esperan\u00e7a e deixar que seja ela a fortalecer e sustentar todas as medidas e estradas que nos possam ajudar a salvaguardar-nos e a salvaguardar. Abra\u00e7ar o Senhor, para abra\u00e7ar a esperan\u00e7a. Aqui est\u00e1 a for\u00e7a da f\u00e9, que liberta do medo e d\u00e1 esperan\u00e7a&#8221;.<\/p>\n<p style=\"text-align: justify;\">Ap\u00f3s sua reflex\u00e3o, o Santo Padre foi at\u00e9 a entrada da Bas\u00edlica de S\u00e3o Pedro, onde fez adora\u00e7\u00e3o ao Sant\u00edssimo Sacramento em sil\u00eancio por v\u00e1rios minutos, acompanhado por algumas autoridades do Vaticano, e depois presidiu algumas ora\u00e7\u00f5es, como a s\u00faplica em ladainhas.<\/p>\n<p style=\"text-align: justify;\"><em>Publicado originalmente em\u00a0<a href=\"https:\/\/www.acidigital.com\/\">ACI<\/a>\u00a0Prensa. Traduzido e adaptado por Nath\u00e1lia Queiroz.<\/em><\/p>\n","protected":false},"excerpt":{"rendered":"<p>Um sacerdote da Arquidiocese de Milwaukee (Estados Unidos) chamou a aten\u00e7\u00e3o das redes neste fim de semana ao analisar o n\u00famero de mortos por coronav\u00edrus na It\u00e1lia e identificar o dia 27 de mar\u00e7o como o dia em que tudo mudou. Nesse dia, o Papa Francisco presidiu na Pra\u00e7a de S\u00e3o Pedro um momento extraordin\u00e1rio [&hellip;]<\/p>\n","protected":false},"author":1,"featured_media":59478,"comment_status":"open","ping_status":"closed","sticky":false,"template":"","format":"standard","meta":{"footnotes":""},"categories":[4,13],"tags":[],"class_list":["post-59477","post","type-post","status-publish","format-standard","has-post-thumbnail","hentry","category-cotidiano","category-featured"],"_links":{"self":[{"href":"https:\/\/catolicanet.net\/wp-cnet\/wp-json\/wp\/v2\/posts\/59477","targetHints":{"allow":["GET"]}}],"collection":[{"href":"https:\/\/catolicanet.net\/wp-cnet\/wp-json\/wp\/v2\/posts"}],"about":[{"href":"https:\/\/catolicanet.net\/wp-cnet\/wp-json\/wp\/v2\/types\/post"}],"author":[{"embeddable":true,"href":"https:\/\/catolicanet.net\/wp-cnet\/wp-json\/wp\/v2\/users\/1"}],"replies":[{"embeddable":true,"href":"https:\/\/catolicanet.net\/wp-cnet\/wp-json\/wp\/v2\/comments?post=59477"}],"version-history":[{"count":1,"href":"https:\/\/catolicanet.net\/wp-cnet\/wp-json\/wp\/v2\/posts\/59477\/revisions"}],"predecessor-version":[{"id":59479,"href":"https:\/\/catolicanet.net\/wp-cnet\/wp-json\/wp\/v2\/posts\/59477\/revisions\/59479"}],"wp:featuredmedia":[{"embeddable":true,"href":"https:\/\/catolicanet.net\/wp-cnet\/wp-json\/wp\/v2\/media\/59478"}],"wp:attachment":[{"href":"https:\/\/catolicanet.net\/wp-cnet\/wp-json\/wp\/v2\/media?parent=59477"}],"wp:term":[{"taxonomy":"category","embeddable":true,"href":"https:\/\/catolicanet.net\/wp-cnet\/wp-json\/wp\/v2\/categories?post=59477"},{"taxonomy":"post_tag","embeddable":true,"href":"https:\/\/catolicanet.net\/wp-cnet\/wp-json\/wp\/v2\/tags?post=59477"}],"curies":[{"name":"wp","href":"https:\/\/api.w.org\/{rel}","templated":true}]}}