{"id":5943,"date":"2015-07-02T12:19:41","date_gmt":"2015-07-02T15:19:41","guid":{"rendered":"http:\/\/catolicanet.net\/wp-cnet\/papa-reza-pela-america-latina-sociedade-seja-mais-fraterna\/"},"modified":"2017-04-10T11:38:11","modified_gmt":"2017-04-10T14:38:11","slug":"papa-reza-pela-america-latina-sociedade-seja-mais-fraterna","status":"publish","type":"post","link":"https:\/\/catolicanet.net\/wp-cnet\/papa-reza-pela-america-latina-sociedade-seja-mais-fraterna\/","title":{"rendered":"Papa reza pela Am\u00e9rica Latina: sociedade seja mais fraterna"},"content":{"rendered":"<p style=\"text-align: justify;\"><img decoding=\"async\" src=\"http:\/\/catolicanet.com.br\/images\/stories\/geral\/papa reza pela america.jpg\" border=\"0\" align=\"left\" \/>Estamos a poucos dias da Viagem Apost\u00f3lica do Papa Francisco ao Equador, Bol\u00edvia e Paraguai nos dias 5 a 13 de julho e o Santo Padre dedica as suas inten\u00e7\u00f5es de ora\u00e7\u00e3o deste m\u00eas de julho aos crist\u00e3os da Am\u00e9rica Latina. Diz o Papa: \u201cPerante as desigualdades sociais possam dar testemunho do amor pelos pobres e contribuir para uma sociedade mais fraterna\u201d.<\/p>\n<p>Um dos pa\u00edses que o Papa visitar\u00e1 \u00e9 a Bol\u00edvia. D. Eugenio Scarpellini \u00e9 o bispo de El Alto e prestou declara\u00e7\u00f5es \u00e0 R\u00e1dio Vaticano sobre as expectativas dos bolivianos em rela\u00e7\u00e3o a esta visita papal:<\/p>\n<p>\u201cEstamos content\u00edssimos, temos uma alegria imensa, estamos \u00e0 espera do Santo Padre! H\u00e1 um trabalho enorme de prepara\u00e7\u00e3o, mas fazemo-lo com alegria! E esperamos que tamb\u00e9m o mundo inteiro possa colher desta visita do Santo Padre nos tr\u00eas pa\u00edses da Am\u00e9rica Latina uma mensagem grande de aten\u00e7\u00e3o para o povo crente. Um povo que ainda deve crescer na dignidade, na supera\u00e7\u00e3o dos limites, das dificuldades, das crises e das injusti\u00e7as que existem, mas um povo que olha com esperan\u00e7a o futuro.\u201d<\/p>\n<p>\u201c Ele quer vir para estar pr\u00f3ximo de n\u00f3s, para percecionar as nossas preocupa\u00e7\u00f5es mas tamb\u00e9m para trazer-nos esta alegria do Evangelho. Ler a nossa vida e sobre esta vida dar-nos a alegria, a esperan\u00e7a que o Evangelho nos anuncia. Quer ser, justamente, o pastor que vive no meio da gente, que n\u00e3o s\u00f3 conhece porque tem informa\u00e7\u00e3o, mas quer olhar na cara a gente, quer ver os olhos, as express\u00f5es e colher destes rostos a nossa vida na Bol\u00edvia e nesta vida inserir a sua palavra, a sua mensagem de esperan\u00e7a e alegria.\u201d<\/p>\n<p>Segundo o programa da Viagem do Papa Francisco \u00e0 Am\u00e9rica Latina destacamos no Equador as celebra\u00e7\u00f5es eucar\u00edsticas no Santu\u00e1rio da Divina Miseric\u00f3rdia e no Parque do Bicenten\u00e1rio.<\/p>\n<p>Na Bol\u00edvia destacamos que o Santo Padre celebrar\u00e1 Missa na Pra\u00e7a de Cristo Redentor e participar\u00e1 no II Encontro Mundial dos Movimentos Populares.<\/p>\n<p>No Paraguai o destaque vai para a Missa na Pra\u00e7a do Santu\u00e1rio Mariano de Caacup\u00e9, o encontro com a sociedade civil, incluindo as comunidades ind\u00edgenas e camponesas, e ainda a Missa no Campo Grande de \u00d1u Guaz\u00fa, que ter\u00e1 ora\u00e7\u00f5es em guarani.<\/p>\n<p style=\"text-align: justify;\">Fonte: R\u00e1dio Vaticano<\/p>\n","protected":false},"excerpt":{"rendered":"<p>Estamos a poucos dias da Viagem Apost\u00f3lica do Papa Francisco ao Equador, Bol\u00edvia e Paraguai nos dias 5 a 13 de julho e o Santo Padre dedica as suas inten\u00e7\u00f5es de ora\u00e7\u00e3o deste m\u00eas de julho aos crist\u00e3os da Am\u00e9rica Latina. Diz o Papa: \u201cPerante as desigualdades sociais possam dar testemunho do amor pelos pobres [&hellip;]<\/p>\n","protected":false},"author":1,"featured_media":0,"comment_status":"closed","ping_status":"closed","sticky":false,"template":"","format":"standard","meta":{"footnotes":""},"categories":[3],"tags":[],"class_list":["post-5943","post","type-post","status-publish","format-standard","hentry","category-vaticano"],"_links":{"self":[{"href":"https:\/\/catolicanet.net\/wp-cnet\/wp-json\/wp\/v2\/posts\/5943","targetHints":{"allow":["GET"]}}],"collection":[{"href":"https:\/\/catolicanet.net\/wp-cnet\/wp-json\/wp\/v2\/posts"}],"about":[{"href":"https:\/\/catolicanet.net\/wp-cnet\/wp-json\/wp\/v2\/types\/post"}],"author":[{"embeddable":true,"href":"https:\/\/catolicanet.net\/wp-cnet\/wp-json\/wp\/v2\/users\/1"}],"replies":[{"embeddable":true,"href":"https:\/\/catolicanet.net\/wp-cnet\/wp-json\/wp\/v2\/comments?post=5943"}],"version-history":[{"count":1,"href":"https:\/\/catolicanet.net\/wp-cnet\/wp-json\/wp\/v2\/posts\/5943\/revisions"}],"predecessor-version":[{"id":10810,"href":"https:\/\/catolicanet.net\/wp-cnet\/wp-json\/wp\/v2\/posts\/5943\/revisions\/10810"}],"wp:attachment":[{"href":"https:\/\/catolicanet.net\/wp-cnet\/wp-json\/wp\/v2\/media?parent=5943"}],"wp:term":[{"taxonomy":"category","embeddable":true,"href":"https:\/\/catolicanet.net\/wp-cnet\/wp-json\/wp\/v2\/categories?post=5943"},{"taxonomy":"post_tag","embeddable":true,"href":"https:\/\/catolicanet.net\/wp-cnet\/wp-json\/wp\/v2\/tags?post=5943"}],"curies":[{"name":"wp","href":"https:\/\/api.w.org\/{rel}","templated":true}]}}