{"id":59393,"date":"2020-05-25T08:39:59","date_gmt":"2020-05-25T11:39:59","guid":{"rendered":"https:\/\/catolicanet.net\/wp-cnet\/?p=59393"},"modified":"2020-05-25T00:47:09","modified_gmt":"2020-05-25T03:47:09","slug":"papa-no-regina-coeli-jesus-esta-ainda-e-sempre-entre-nos-os-fieis-na-praca","status":"publish","type":"post","link":"https:\/\/catolicanet.net\/wp-cnet\/papa-no-regina-coeli-jesus-esta-ainda-e-sempre-entre-nos-os-fieis-na-praca\/","title":{"rendered":"Papa no Regina Coeli: Jesus est\u00e1 ainda e sempre entre n\u00f3s. Os fi\u00e9is na Pra\u00e7a"},"content":{"rendered":"<div class=\"article__subTitle\" style=\"text-align: justify;\">O Papa Francisco rezou a ora\u00e7\u00e3o do Regina Coeli neste domingo, solenidade da Ascens\u00e3o, na Biblioteca do Pal\u00e1cio Apost\u00f3lico. Fora, centenas de fi\u00e9is se reuniram na Pra\u00e7a S\u00e3o Pedro, que reabriu depois de mais de dois meses. O Pont\u00edfice os saudou ao t\u00e9rmino da ora\u00e7\u00e3o.<\/div>\n<div class=\"title__separator\" style=\"text-align: justify;\"><\/div>\n<div class=\"article__text\">\n<p style=\"text-align: justify;\"><b>Bianca Fraccalvieri \u2013 Cidade do Vaticano<\/b><\/p>\n<p style=\"text-align: justify;\">Domingo com a Pra\u00e7a S\u00e3o Pedro finalmente aberta depois de mais de dois meses de fechamento. A \u00faltima ora\u00e7\u00e3o com a presen\u00e7a de fi\u00e9is foi no dia 8 de mar\u00e7o.<\/p>\n<p style=\"text-align: justify;\">Mantido o distanciamento, n\u00e3o se pode falar de multid\u00e3o na Pra\u00e7a, mas a possibilidade para os fi\u00e9is de estarem ali, rezando com o seu pastor, \u00e9 um sinal de esperan\u00e7a de que a vida, mais cedo ou mais tarde, poder\u00e1 retomar seu ritmo. Como previsto, o Papa rezou o Regina Coeli da Biblioteca do Pal\u00e1cio Apost\u00f3lico e somente no final assomou \u00e0 janela para saudar os presentes.<\/p>\n<div style=\"text-align: justify;\">\n<div class=\"article__embed article__embed--unwrap article__embed--dark\">\n<div class=\"embed-container\"><iframe id=\"796969977\" src=\"https:\/\/www.youtube.com\/embed\/LYm6qAmSDIQ?wmode=opaque&amp;rel=0&amp;autohide=1&amp;showinfo=0&amp;wmode=transparent&amp;modestbranding=1&amp;enablejsapi=1&amp;origin=https:\/\/www.vaticannews.va&amp;start=&amp;end=\" allowfullscreen=\"allowfullscreen\" data-gtm-yt-inspected-7781034_9=\"true\" data-mce-fragment=\"1\"><\/iframe><\/div>\n<div class=\"article__innerTitle\">Reveja o reencontro do Papa com os fi\u00e9is!<\/div>\n<\/div>\n<\/div>\n<h2 style=\"text-align: justify;\">Sem testemunho n\u00e3o h\u00e1 an\u00fancio<\/h2>\n<p style=\"text-align: justify;\">Na alocu\u00e7\u00e3o, Francisco recordou que em muitos pa\u00edses se celebra a solenidade da Ascens\u00e3o do Senhor.<\/p>\n<p style=\"text-align: justify;\">O trecho do Evangelho de Mateus mostra os Ap\u00f3stolos que se re\u00fanem na Galileia e no monte se realiza o \u00faltimo encontro do Senhor ressuscitado com os seus.<\/p>\n<p style=\"text-align: justify;\">Desta vez, no monte Jesus n\u00e3o age nem ensina, mas confia aos disc\u00edpulos a tarefa de continuar a sua obra.<\/p>\n<p style=\"text-align: justify;\">Jesus diz: \u00ab Portanto, ide e fazei disc\u00edpulos meus todos os povos, batizando-os em nome do Pai e do Filho e do Esp\u00edrito Santo, e ensinando-os a observar tudo o que vos ordenei!\u00bb ( v. 19-20).<\/p>\n<p style=\"text-align: justify;\">A miss\u00e3o confiada aos Ap\u00f3stolos \u00e9 esta, explicou o Papa: anunciar, batizar e ensinar a caminhar na via tra\u00e7ada pelo Mestre, isto \u00e9, o Evangelho.<\/p>\n<div style=\"text-align: justify;\">\n<div class=\"article__embed article__embed--border embed_style\">\n<blockquote><p>\u201cEsta mensagem de salva\u00e7\u00e3o implica antes de tudo o dever do testemunho, sem testemunho n\u00e3o se pode anunciar, ao qual tamb\u00e9m n\u00f3s, disc\u00edpulos de hoje, somos chamados para dar conta da nossa f\u00e9.\u201d<\/p><\/blockquote>\n<\/div>\n<\/div>\n<p style=\"text-align: justify;\">Diante de uma tarefa t\u00e3o dif\u00edcil, e pensando nas nossas fraquezas, nos sentimos inadequados, prosseguiu Francisco, mas n\u00e3o se deve desencorajar, recordando as palavras que Jesus dirigiu a eles antes de subir ao C\u00e9u: \u00abEis que eu estarei convosco todos os dias, at\u00e9 ao fim do mundo&#8217;.\u00bb (v. 20).<\/p>\n<p style=\"text-align: justify;\">Esta promessa, disse ainda o Papa, garante a presen\u00e7a constante e consoladora de Jesus entre n\u00f3s, que se d\u00e1 por meio do seu Esp\u00edrito. Ele conduz a Igreja a caminhar na hist\u00f3ria como companheira de cada homem.<\/p>\n<h2 style=\"text-align: justify;\">Um novo modo de estar conosco<\/h2>\n<p style=\"text-align: justify;\">Com a promessa de permanecer conosco at\u00e9 o fim dos tempos, Jesus inaugura o estilo de sua presen\u00e7a no mundo como Ressuscitado: uma presen\u00e7a revelada na Palavra, nos Sacramentos, na a\u00e7\u00e3o constante e interior do Esp\u00edrito Santo.<\/p>\n<p style=\"text-align: justify;\">\u201cA festa da Ascens\u00e3o nos diz que, embora tenha subido ao C\u00e9u para habitar gloriosamente \u00e0 direita do Pai, Jesus est\u00e1 ainda e sempre entre n\u00f3s: disso v\u00eam a nossa for\u00e7a, a nossa perseveran\u00e7a e a nossa alegria. Justamente da presen\u00e7a de Jesus entre n\u00f3s com a for\u00e7a do Esp\u00edrito Santo.&#8221;<\/p>\n<p style=\"text-align: justify;\">\u00a0O Papa concluiu pedindo a intercess\u00e3o de Nossa Senhora para que \u201cacompanhe nossa viagem com sua prote\u00e7\u00e3o materna: dela aprendemos a do\u00e7ura e a coragem de sermos testemunhas no mundo do Senhor Ressuscitado\u201d.<\/p>\n<\/div>\n","protected":false},"excerpt":{"rendered":"<p>O Papa Francisco rezou a ora\u00e7\u00e3o do Regina Coeli neste domingo, solenidade da Ascens\u00e3o, na Biblioteca do Pal\u00e1cio Apost\u00f3lico. Fora, centenas de fi\u00e9is se reuniram na Pra\u00e7a S\u00e3o Pedro, que reabriu depois de mais de dois meses. O Pont\u00edfice os saudou ao t\u00e9rmino da ora\u00e7\u00e3o. Bianca Fraccalvieri \u2013 Cidade do Vaticano Domingo com a Pra\u00e7a [&hellip;]<\/p>\n","protected":false},"author":1,"featured_media":59394,"comment_status":"open","ping_status":"closed","sticky":false,"template":"","format":"standard","meta":{"footnotes":""},"categories":[13,3],"tags":[],"class_list":["post-59393","post","type-post","status-publish","format-standard","has-post-thumbnail","hentry","category-featured","category-vaticano"],"_links":{"self":[{"href":"https:\/\/catolicanet.net\/wp-cnet\/wp-json\/wp\/v2\/posts\/59393","targetHints":{"allow":["GET"]}}],"collection":[{"href":"https:\/\/catolicanet.net\/wp-cnet\/wp-json\/wp\/v2\/posts"}],"about":[{"href":"https:\/\/catolicanet.net\/wp-cnet\/wp-json\/wp\/v2\/types\/post"}],"author":[{"embeddable":true,"href":"https:\/\/catolicanet.net\/wp-cnet\/wp-json\/wp\/v2\/users\/1"}],"replies":[{"embeddable":true,"href":"https:\/\/catolicanet.net\/wp-cnet\/wp-json\/wp\/v2\/comments?post=59393"}],"version-history":[{"count":1,"href":"https:\/\/catolicanet.net\/wp-cnet\/wp-json\/wp\/v2\/posts\/59393\/revisions"}],"predecessor-version":[{"id":59395,"href":"https:\/\/catolicanet.net\/wp-cnet\/wp-json\/wp\/v2\/posts\/59393\/revisions\/59395"}],"wp:featuredmedia":[{"embeddable":true,"href":"https:\/\/catolicanet.net\/wp-cnet\/wp-json\/wp\/v2\/media\/59394"}],"wp:attachment":[{"href":"https:\/\/catolicanet.net\/wp-cnet\/wp-json\/wp\/v2\/media?parent=59393"}],"wp:term":[{"taxonomy":"category","embeddable":true,"href":"https:\/\/catolicanet.net\/wp-cnet\/wp-json\/wp\/v2\/categories?post=59393"},{"taxonomy":"post_tag","embeddable":true,"href":"https:\/\/catolicanet.net\/wp-cnet\/wp-json\/wp\/v2\/tags?post=59393"}],"curies":[{"name":"wp","href":"https:\/\/api.w.org\/{rel}","templated":true}]}}