{"id":59389,"date":"2020-05-24T09:25:00","date_gmt":"2020-05-24T12:25:00","guid":{"rendered":"https:\/\/catolicanet.net\/wp-cnet\/?p=59389"},"modified":"2020-05-25T00:25:58","modified_gmt":"2020-05-25T03:25:58","slug":"54-dia-mundial-das-comunicacoes","status":"publish","type":"post","link":"https:\/\/catolicanet.net\/wp-cnet\/54-dia-mundial-das-comunicacoes\/","title":{"rendered":"54\u00b0 Dia Mundial das Comunica\u00e7\u00f5es"},"content":{"rendered":"<p style=\"text-align: justify;\">Neste domingo da Ascens\u00e3o do Senhor, dia 24 de maio, celebramos o 54\u00b0 dia mundial das comunica\u00e7\u00f5es. \u00c9 o \u00fanico dia que o Conc\u00edlio Vaticano II criou e isso est\u00e1 expl\u00edcito no decreto Inter Mirifica. Como \u00e9 costume, por ser muito importante esse dia, o Santo Padre, o Papa Francisco escreveu uma mensagem aprofundando o tema desse dia. A mensagem do Papa Francisco, tem como tema: \u201cPara que possas contar e fixar na mem\u00f3ria\u201d (Ex 10,2) A vida faz-se hist\u00f3ria\u201d. Ele dedica esta mensagem ao tema da narra\u00e7\u00e3o, ou seja, \u201cpara n\u00e3o nos perdermos, penso que precisamos de respirar a verdade das hist\u00f3rias boas: hist\u00f3rias que edifiquem, e n\u00e3o as que destruam; hist\u00f3rias que ajudem a reencontrar as ra\u00edzes e a for\u00e7a para prosseguirmos juntos. Na confus\u00e3o das vozes e mensagens que nos rodeiam, temos necessidade duma narra\u00e7\u00e3o humana, que nos fale de n\u00f3s mesmos e da beleza que nos habita; uma narra\u00e7\u00e3o que saiba olhar o mundo e os acontecimentos com ternura, conte a nossa participa\u00e7\u00e3o num tecido vivo, revele o entran\u00e7ado dos fios pelos quais estamos ligados uns aos outros (Retirado do site: <a href=\"http:\/\/www.vatican.va\/content\/francesco\/pt\/messages\/communications\/documents\/papa-francesco_20200124_messaggio-comunicazioni-sociali.html%20\/\">http:\/\/www.vatican.va\/content\/francesco\/pt\/messages\/communications\/documents\/papa-francesco_20200124_messaggio-comunicazioni-sociali.html \/<\/a><\/p>\n<p style=\"text-align: justify;\">\u00faltimo acesso: 21\/05\/2020).<\/p>\n<p style=\"text-align: justify;\">\u00a0\u00a0\u00a0\u00a0\u00a0\u00a0\u00a0\u00a0 O Papa Francisco, dividiu a mensagem em cinco t\u00f3picos: 1- Tecer hist\u00f3rias; 2- Nem todas as hist\u00f3rias s\u00e3o boas; 3- A Hist\u00f3ria das hist\u00f3rias; 4- Uma hist\u00f3ria que se renova e 5- Uma hist\u00f3ria que nos renova.<\/p>\n<p style=\"text-align: justify;\"><strong>1 \u2013 \u00a0Tecer hist\u00f3rias<\/strong><\/p>\n<p style=\"text-align: justify;\">\u00a0\u00a0\u00a0\u00a0\u00a0\u00a0\u00a0\u00a0 O Papa fala da rela\u00e7\u00e3o do homem com a hist\u00f3ria. \u201cO homem \u00e9 um ente narrador. Desde pequenos, temos fome de hist\u00f3rias, como a temos de alimento. Sejam elas em forma de f\u00e1bula, romance, filme, can\u00e7\u00e3o, ou simples not\u00edcia, influenciam a nossa vida, mesmo sem termos consci\u00eancia disso. Muitas vezes, decidimos aquilo que \u00e9 justo ou errado com base nos personagens e hist\u00f3rias assimiladas. As narrativas marcam-nos, plasmam as nossas convic\u00e7\u00f5es e comportamentos, podem ajudar-nos a compreender e dizer quem somos\u201d (Retirado do site: <a href=\"http:\/\/www.vatican.va\/content\/francesco\/pt\/messages\/communications\/documents\/papa-francesco_20200124_messaggio-comunicazioni-sociali.html%20\/\">http:\/\/www.vatican.va\/content\/francesco\/pt\/messages\/communications\/documents\/papa-francesco_20200124_messaggio-comunicazioni-sociali.html \/<\/a> \u00faltimo acesso: 21\/05\/2020). \u00a0\u00a0\u00a0\u00a0\u00a0\u00a0\u00a0\u00a0 O homem \u00e9 um verdadeiro narrador, porque em devir: descobre-se e enriquece-se com as tramas dos seus dias. Mas, desde o in\u00edcio, a nossa narra\u00e7\u00e3o est\u00e1 amea\u00e7ada: na hist\u00f3ria, serpeja o mal (reporta-se a queda de Ad\u00e3o e Eva).<\/p>\n<p style=\"text-align: justify;\"><strong>2 \u2013 \u00a0Nem todas as hist\u00f3rias s\u00e3o boas<\/strong><\/p>\n<p style=\"text-align: justify;\"><strong>\u00a0\u00a0\u00a0\u00a0\u00a0\u00a0\u00a0\u00a0 <\/strong>Para falar deste t\u00f3pico, O Papa Francisco lembra da queda dos nossos primeiros pais (Ad\u00e3o e Eva) e justamente ele recorda a tenta\u00e7\u00e3o em que o homem e a mulher passaram na hist\u00f3ria do G\u00eanesis. \u201cSe comeres, tornar-te-\u00e1s como Deus\u00bb (cf.\u00a0<em>Gn<\/em>\u00a03, 4): esta tenta\u00e7\u00e3o da serpente introduz, na trama da hist\u00f3ria, um n\u00f3 dif\u00edcil de desfazer. \u201cSe possu\u00edres\u2026, tornar-te-\u00e1s\u2026, conseguir\u00e1s\u2026\u201d: sussurra ainda hoje a quem se utiliza do chamado\u00a0<em>storytelling<\/em>\u00a0para fins instrumentais\u201d (Retirado do site: <a href=\"http:\/\/www.vatican.va\/content\/francesco\/pt\/messages\/communications\/documents\/papa-francesco_20200124_messaggio-comunicazioni-sociali.html%20\/\">http:\/\/www.vatican.va\/content\/francesco\/pt\/messages\/communications\/documents\/papa-francesco_20200124_messaggio-comunicazioni-sociali.html \/<\/a> \u00faltimo acesso: 21\/05\/2020). \u00a0\u00a0\u00a0\u00a0\u00a0\u00a0\u00a0\u00a0 \u201cFrequentemente, nos \u00abteares\u00bb da comunica\u00e7\u00e3o, em vez de narra\u00e7\u00f5es construtivas, que solidificam os la\u00e7os sociais e o tecido cultural, produzem-se hist\u00f3rias devastadoras e provocat\u00f3rias, que corroem e rompem os fios fr\u00e1geis da conviv\u00eancia. Quando se misturam informa\u00e7\u00f5es n\u00e3o verificadas, repetem discursos banais e falsamente persuasivos, percutem com proclama\u00e7\u00f5es de \u00f3dio, est\u00e1-se, n\u00e3o a tecer a hist\u00f3ria humana, mas a despojar o homem da sua dignidade\u201d (Retirado do site: <a href=\"http:\/\/www.vatican.va\/content\/francesco\/pt\/messages\/communications\/documents\/papa-francesco_20200124_messaggio-comunicazioni-sociali.html%20\/\">http:\/\/www.vatican.va\/content\/francesco\/pt\/messages\/communications\/documents\/papa-francesco_20200124_messaggio-comunicazioni-sociali.html \/<\/a> \u00faltimo acesso: 21\/05\/2020).<\/p>\n<p style=\"text-align: justify;\"><strong>3 \u2013 A Hist\u00f3ria das hist\u00f3rias<\/strong><\/p>\n<p style=\"text-align: justify;\"><strong>\u00a0\u00a0\u00a0\u00a0\u00a0\u00a0\u00a0\u00a0 <\/strong>O Papa aqui enfatiza a Hist\u00f3ria Sagrada que est\u00e1 contida na Sagrada Escritura. \u201cNeste sentido, a B\u00edblia \u00e9 a grande hist\u00f3ria de amor entre Deus e a humanidade. No centro, est\u00e1 Jesus: a sua hist\u00f3ria leva \u00e0 perfei\u00e7\u00e3o o amor de Deus pelo homem e, ao mesmo tempo, a hist\u00f3ria de amor do homem por Deus. Assim, o homem ser\u00e1 chamado, de gera\u00e7\u00e3o em gera\u00e7\u00e3o, a\u00a0<em>contar e fixar na mem\u00f3ria<\/em>\u00a0os epis\u00f3dios mais significativos desta\u00a0<em>Hist\u00f3ria de hist\u00f3rias<\/em>: os epis\u00f3dios capazes de comunicar o sentido daquilo que aconteceu\u201d (Retirado do site: <a href=\"http:\/\/www.vatican.va\/content\/francesco\/pt\/messages\/communications\/documents\/papa-francesco_20200124_messaggio-comunicazioni-sociali.html%20\/\">http:\/\/www.vatican.va\/content\/francesco\/pt\/messages\/communications\/documents\/papa-francesco_20200124_messaggio-comunicazioni-sociali.html \/<\/a> \u00faltimo acesso: 21\/05\/2020).<\/p>\n<p style=\"text-align: justify;\"><strong>4 \u2013 Uma hist\u00f3ria que se renova<\/strong><\/p>\n<p style=\"text-align: justify;\"><strong>\u00a0\u00a0\u00a0\u00a0\u00a0\u00a0\u00a0\u00a0 <\/strong>A\u00a0hist\u00f3ria de Cristo n\u00e3o \u00e9 um patrim\u00f3nio do passado; \u00e9 a nossa hist\u00f3ria, sempre atual. Mostra-nos que Deus tomou a peito o homem, a nossa carne, a nossa hist\u00f3ria, a ponto de Se fazer homem, carne e hist\u00f3ria. \u00a0Na hist\u00f3ria de cada homem, o Pai rev\u00ea a hist\u00f3ria do seu Filho descido \u00e0 terra. Cada hist\u00f3ria humana tem uma dignidade incancel\u00e1vel. Por isso, a humanidade merece narra\u00e7\u00f5es que estejam \u00e0 sua altura, \u00e0quela altura vertiginosa e fascinante a que Jesus a elevou. \u201cPor obra do Esp\u00edrito Santo, cada hist\u00f3ria, mesmo a mais esquecida, mesmo aquela que parece escrita em linhas mais tortas, pode tornar-se inspirada, pode renascer como obra-prima, tornando-se um ap\u00eandice de Evangelho. Assim as\u00a0<em>Confiss\u00f5es<\/em>\u00a0de Agostinho, o\u00a0<em>Relato do Peregrino<\/em>\u00a0de In\u00e1cio, a\u00a0<em>Hist\u00f3ria de uma alma<\/em>\u00a0de Teresinha do Menino Jesus, <em>Promessi sposi<\/em> de Alexandre Manzoni, o<em>s Irm\u00e3os Karamazov<\/em>\u00a0de Fi\u00f3dor Dostoevskij\u2026 e inumer\u00e1veis outras hist\u00f3rias, que t\u00eam representado admiravelmente o encontro entre a liberdade de Deus e a do homem\u201d Retirado do site: <a href=\"http:\/\/www.vatican.va\/content\/francesco\/pt\/messages\/communications\/documents\/papa-francesco_20200124_messaggio-comunicazioni-sociali.html%20\/\">http:\/\/www.vatican.va\/content\/francesco\/pt\/messages\/communications\/documents\/papa-francesco_20200124_messaggio-comunicazioni-sociali.html \/<\/a> \u00faltimo acesso: 21\/05\/2020).<\/p>\n<p style=\"text-align: justify;\"><strong>5 \u2013 \u00a0Uma hist\u00f3ria que nos renova<\/strong><\/p>\n<p style=\"text-align: justify;\"><strong>\u00a0\u00a0\u00a0\u00a0\u00a0\u00a0\u00a0\u00a0 \u201c<\/strong>Quando fazemos mem\u00f3ria do amor que nos criou e salvou, quando metemos amor nas nossas hist\u00f3rias di\u00e1rias, quando tecemos de miseric\u00f3rdia as tramas dos nossos dias, nesse momento estamos a mudar de p\u00e1gina. J\u00e1 n\u00e3o ficamos atados a lamentos e tristezas, ligados a uma mem\u00f3ria doente que nos aprisiona o cora\u00e7\u00e3o, mas, abrindo-nos aos outros, abrimo-nos \u00e0 pr\u00f3pria vis\u00e3o do Narrador\u201d (Retirado do site: <a href=\"http:\/\/www.vatican.va\/content\/francesco\/pt\/messages\/communications\/documents\/papa-francesco_20200124_messaggio-comunicazioni-sociali.html%20\/\">http:\/\/www.vatican.va\/content\/francesco\/pt\/messages\/communications\/documents\/papa-francesco_20200124_messaggio-comunicazioni-sociali.html \/<\/a> \u00faltimo acesso: 21\/05\/2020).<\/p>\n<p style=\"text-align: justify;\">\u00a0\u00a0\u00a0\u00a0\u00a0\u00a0\u00a0\u00a0 Somos chamados a ser bons narradores e, tamb\u00e9m, propagar para o mundo hist\u00f3rias que nos constroem e cooperam para a forma\u00e7\u00e3o integral do ser humano. O Papa Francisco, termina sua mensagem fazendo uma ora\u00e7\u00e3o a Virgem Maria e \u00e9 a Ela que queremos pedir sua intercess\u00e3o justamente neste dia onde celebramos Maria com o t\u00edtulo de Auxilium Cristianorum. \u201cMaria, mulher e m\u00e3e, V\u00f3s tecestes no seio a Palavra divina, V\u00f3s narrastes com a vossa vida as magn\u00edficas obras de Deus. Ouvi as nossas hist\u00f3rias, guardai-as no vosso cora\u00e7\u00e3o e fazei vossas tamb\u00e9m as hist\u00f3rias que ningu\u00e9m quer escutar. Ensinai-nos a reconhecer o fio bom que guia a hist\u00f3ria. Olhai o c\u00famulo de n\u00f3s em que se emaranhou a nossa vida, paralisando a nossa mem\u00f3ria. Pelas vossas m\u00e3os delicadas, todos os n\u00f3s podem ser desatados. Mulher do Esp\u00edrito, M\u00e3e da confian\u00e7a, inspirai-nos tamb\u00e9m a n\u00f3s. Ajudai-nos a construir hist\u00f3rias de paz, hist\u00f3rias de futuro. E indicai-nos o caminho para as percorrermos juntos\u201d (Retirado do site: <a href=\"http:\/\/www.vatican.va\/content\/francesco\/pt\/messages\/communications\/documents\/papa-francesco_20200124_messaggio-comunicazioni-sociali.html%20\/\">http:\/\/www.vatican.va\/content\/francesco\/pt\/messages\/communications\/documents\/papa-francesco_20200124_messaggio-comunicazioni-sociali.html \/<\/a> \u00faltimo acesso: 21\/05\/2020).<\/p>\n<p style=\"text-align: justify;\">\u00a0\u00a0\u00a0\u00a0\u00a0\u00a0\u00a0\u00a0 Ontem e hoje somos provocados na miss\u00e3o de testemunhar o Evangelho no tempo presente atrav\u00e9s das hist\u00f3rias contadas. Em tempos de pandemia, com as celebra\u00e7\u00f5es transmitidas pelas m\u00eddias, a Igreja precisou reinventar a sua maneira de estar pr\u00f3ximo das pessoas com os aconselhamentos, catequeses, evangeliza\u00e7\u00e3o e missas. Os fi\u00e9is est\u00e3o ansiosos para voltar a participar presencialmente das celebra\u00e7\u00f5es dos sacramentos, particularmente de comungar o Corpo e o Sangue de Cristo. Quando nossas igrejas forem reabertas e nossas celebra\u00e7\u00f5es com a presen\u00e7a do povo retomarem, n\u00e3o poderemos esquecer os fi\u00e9is que, de sua Igreja de origem, permanecer\u00e3o ligados a ela. Por isso, este dia \u00e9 um momento prop\u00edcio para caminharmos de m\u00e3os dadas com o Magist\u00e9rio da Igreja, com reflex\u00f5es teol\u00f3gicas e tecnol\u00f3gicas para valorizar ainda mais a nossa presen\u00e7a neste ambiente. \u00c9 preciso que as pessoas que vivem a experi\u00eancia da igreja dom\u00e9stica continuem a sentir a presen\u00e7a da Igreja.<\/p>\n<p style=\"text-align: justify;\">O Esp\u00edrito Santo continua a escrever em nosso cora\u00e7\u00e3o, renovando em n\u00f3s a mem\u00f3ria daquilo que somos aos olhos de Deus. Quando fazemos mem\u00f3ria do amor que nos criou e salvou, quando colocamos amor nas nossas hist\u00f3rias di\u00e1rias, quando tecemos de miseric\u00f3rdia as tramas dos nossos dias, nesse momento estamos mudando de p\u00e1gina. Com o olhar do Narrador, o \u00fanico que tem o ponto de vista final, aproximamo-nos depois dos protagonistas, dos nossos irm\u00e3os e irm\u00e3s, atores juntamente conosco da hist\u00f3ria de hoje. Sim, porque ningu\u00e9m \u00e9 mero figurante no palco do mundo; a hist\u00f3ria de cada um est\u00e1 aberta a possibilidades de mudan\u00e7a. Que Nossa Senhora que tudo guardou e meditou no seu cora\u00e7\u00e3o as hist\u00f3rias de Deus nos ajude a tecer tudo o que acontece em nossa vida com a luz divina!<\/p>\n","protected":false},"excerpt":{"rendered":"<p>Neste domingo da Ascens\u00e3o do Senhor, dia 24 de maio, celebramos o 54\u00b0 dia mundial das comunica\u00e7\u00f5es. \u00c9 o \u00fanico dia que o Conc\u00edlio Vaticano II criou e isso est\u00e1 expl\u00edcito no decreto Inter Mirifica. Como \u00e9 costume, por ser muito importante esse dia, o Santo Padre, o Papa Francisco escreveu uma mensagem aprofundando o [&hellip;]<\/p>\n","protected":false},"author":5,"featured_media":55819,"comment_status":"open","ping_status":"closed","sticky":false,"template":"","format":"standard","meta":{"footnotes":""},"categories":[9],"tags":[],"class_list":["post-59389","post","type-post","status-publish","format-standard","has-post-thumbnail","hentry","category-artigos"],"_links":{"self":[{"href":"https:\/\/catolicanet.net\/wp-cnet\/wp-json\/wp\/v2\/posts\/59389","targetHints":{"allow":["GET"]}}],"collection":[{"href":"https:\/\/catolicanet.net\/wp-cnet\/wp-json\/wp\/v2\/posts"}],"about":[{"href":"https:\/\/catolicanet.net\/wp-cnet\/wp-json\/wp\/v2\/types\/post"}],"author":[{"embeddable":true,"href":"https:\/\/catolicanet.net\/wp-cnet\/wp-json\/wp\/v2\/users\/5"}],"replies":[{"embeddable":true,"href":"https:\/\/catolicanet.net\/wp-cnet\/wp-json\/wp\/v2\/comments?post=59389"}],"version-history":[{"count":1,"href":"https:\/\/catolicanet.net\/wp-cnet\/wp-json\/wp\/v2\/posts\/59389\/revisions"}],"predecessor-version":[{"id":59390,"href":"https:\/\/catolicanet.net\/wp-cnet\/wp-json\/wp\/v2\/posts\/59389\/revisions\/59390"}],"wp:featuredmedia":[{"embeddable":true,"href":"https:\/\/catolicanet.net\/wp-cnet\/wp-json\/wp\/v2\/media\/55819"}],"wp:attachment":[{"href":"https:\/\/catolicanet.net\/wp-cnet\/wp-json\/wp\/v2\/media?parent=59389"}],"wp:term":[{"taxonomy":"category","embeddable":true,"href":"https:\/\/catolicanet.net\/wp-cnet\/wp-json\/wp\/v2\/categories?post=59389"},{"taxonomy":"post_tag","embeddable":true,"href":"https:\/\/catolicanet.net\/wp-cnet\/wp-json\/wp\/v2\/tags?post=59389"}],"curies":[{"name":"wp","href":"https:\/\/api.w.org\/{rel}","templated":true}]}}