{"id":59379,"date":"2020-05-24T09:15:33","date_gmt":"2020-05-24T12:15:33","guid":{"rendered":"https:\/\/catolicanet.net\/wp-cnet\/?p=59379"},"modified":"2020-05-25T00:16:36","modified_gmt":"2020-05-25T03:16:36","slug":"ide-e-fazei-discipulos","status":"publish","type":"post","link":"https:\/\/catolicanet.net\/wp-cnet\/ide-e-fazei-discipulos\/","title":{"rendered":"IDE E FAZEI DISC\u00cdPULOS"},"content":{"rendered":"<p style=\"text-align: justify;\">Temos a gra\u00e7a de celebrar neste domingo a Solenidade da Ascens\u00e3o do Senhor. A liturgia j\u00e1 vem preparando nossos cora\u00e7\u00f5es e nossas mentes atrav\u00e9s das leituras que nestes dias passados tem sido proposta para a nossa reflex\u00e3o.\u00a0 Com esta solenidade, a Igreja convida-nos a ter os olhos postos no C\u00e9u, a P\u00e1tria definitiva a que o Senhor nos chama. No Credo, encontramos a afirma\u00e7\u00e3o de que Jesus \u201csubiu aos c\u00e9us e est\u00e1 sentado \u00e0 direita do Pai\u201d. A vida terrena de Jesus culmina no evento da Ascens\u00e3o, quando Ele passa deste mundo ao Pai, e \u00e9 elevado \u00e0 sua direita. \u00c9 o \u00faltimo mist\u00e9rio da vida do Senhor aqui na terra. \u00c9 um mist\u00e9rio redentor, que constitui, com a Paix\u00e3o, a Morte e a Ressurrei\u00e7\u00e3o, o mist\u00e9rio pascal. Convinha que os que tinham visto Cristo morrer na Cruz, entre os insultos, desprezos e esc\u00e1rnios, fossem testemunhas da sua exalta\u00e7\u00e3o suprema.<\/p>\n<p style=\"text-align: justify;\">A primeira leitura, (At 1,1-11), descreve de maneira detalhada o que estamos hoje celebrando, o dia em que Jesus se re\u00fane com os seus e \u00e0 vista deles volta para a Gl\u00f3ria do Pai, com a descri\u00e7\u00e3o da nuvem que o encobre e a apari\u00e7\u00e3o dos anjos que questionam os que ali permanecem contemplando o fen\u00f4meno: \u201c<em>Homens da Galileia, por que ficais aqui, parados, olhando para o c\u00e9u? Esse Jesus que vos foi levado para o c\u00e9u, vir\u00e1 do mesmo modo como o vistes partir para o c\u00e9u\u201d<\/em>. (At. 1, 11). A contempla\u00e7\u00e3o de Cristo que vai aos c\u00e9us \u00e9 mais uma vez mostrada como sinal de tudo aquilo que Ele havia prometido e ensinado: Jesus Cristo \u00e9 Senhor para Gl\u00f3ria de Deus Pai. Mas ao mesmo tempo, essa realidade deve se transformar em vida na vida daqueles que foram testemunhas do Senhor em todos os momentos, continuando agora a miss\u00e3o de Cristo no mundo, edificando seu reino e anunciando a Convers\u00e3o.<\/p>\n<p style=\"text-align: justify;\">O salmo de resposta (Sl 46), \u00e9 um salmo de aclama\u00e7\u00e3o de entrada no Senhor em seu Templo Definitivo: a gl\u00f3ria celeste. Este salmo \u00e9 conhecido como um dos salmos que proclama e reconhece a realeza do Senhor. Nele vemos um convite a uma aclama\u00e7\u00e3o universal ao Senhor que manifesta sua gl\u00f3ria em meio a seu povo. A Liturgia deste domingo nos convida e ler este salmo a partir de Cristo, centro de todas as Escrituras e v\u00ea nele uma figura da solenidade que estamos celebrando.<\/p>\n<p style=\"text-align: justify;\">Na Carta aos Ef\u00e9sios, que \u00e9 proclamada na segunda leitura de hoje (Ef 1,17-23), lemos um dos hinos cristol\u00f3gicos mais ricos de significado no contexto do novo testamento: Cristo apresentado como plenitude de todas as coisas e como cabe\u00e7a da Igreja, que \u00e9 apresentada como seu corpo. Tal imagem nos ajuda, no contexto desta celebra\u00e7\u00e3o, a renovar nossa busca pelas coisas do alto e nunca esquecer nossa vincula\u00e7\u00e3o com Cristo. A Igreja, embora caminhe no tempo e carregue as marcas do tempo, tem como Princ\u00edpio e Fim de sua a\u00e7\u00e3o Cristo. Ser Igreja \u00e9 ser cada vez mais Cristo que passa em meio aos homens.<\/p>\n<p style=\"text-align: justify;\">O Evangelho (Mt 28,16-20) \u00e9 rico nos detalhes que apresenta:\u00a0 <em>\u201cNaquele tempo, os onze disc\u00edpulos foram para a Galileia, ao monte que Jesus lhes tinha indicado. Quando viram Jesus, prostraram-se diante dele. Ainda assim alguns duvidaram. Ent\u00e3o Jesus aproximou-se e falou: \u201cToda a autoridade me foi dada no c\u00e9u e sobre a terra. Portanto, ide e fazei disc\u00edpulos meus todos os povos, batizando-os em nome do Pai e do Filho e do Esp\u00edrito Santo, e ensinando-os a observar tudo o que vos ordenei! Eis que eu estarei convosco todos os dias, at\u00e9 ao fim do mundo\u201d. <\/em><\/p>\n<p style=\"text-align: justify;\">Tr\u00eas aspectos ficam iluminados logo ao entrarmos em contato com esse texto: os disc\u00edpulos que obedecem ao pedido do Senhor, os disc\u00edpulos que contemplam e adoram Cristo e os disc\u00edpulos que s\u00e3o enviados em miss\u00e3o. Contempla\u00e7\u00e3o, obedi\u00eancia e miss\u00e3o! \u00c9 como que um itiner\u00e1rio de vida de f\u00e9 que nos \u00e9 apresentado na celebra\u00e7\u00e3o e contempla\u00e7\u00e3o do mist\u00e9rio da Ascens\u00e3o do Senhor.<\/p>\n<p style=\"text-align: justify;\">Comentando sobre a Ascens\u00e3o do Senhor, ensina S\u00e3o Le\u00e3o Magno: \u201c<em>Hoje n\u00e3o s\u00f3 fomos constitu\u00eddos possuidores do para\u00edso, mas com Cristo ascendemos, m\u00edstica mas realmente, ao mais alto dos c\u00e9us, e conseguimos por Cristo uma gra\u00e7a mais inef\u00e1vel que a que hav\u00edamos perdido<\/em>\u201d.<\/p>\n<p style=\"text-align: justify;\">\u00a0\u00a0\u00a0\u00a0\u00a0\u00a0\u00a0\u00a0 \u00a0A Ascens\u00e3o fortalece e estimula a nossa esperan\u00e7a e nos convida constantemente a levantar o cora\u00e7\u00e3o a fim de procurarmos as coisas que s\u00e3o do alto. Agora a nossa esperan\u00e7a \u00e9 muito grande, pois o pr\u00f3prio Cristo foi preparar-nos uma morada. A esperan\u00e7a do c\u00e9u encher\u00e1 de sentido o nosso caminhar di\u00e1rio, mesmo passando por tantas lutas e contradi\u00e7\u00f5es. A festa de hoje nos recorda que n\u00e3o temos aqui morada permanente. Imitaremos os ap\u00f3stolos que, segundo S\u00e3o Le\u00e3o Magno, \u201ctiraram tanto proveito da Ascens\u00e3o do Senhor que tudo quanto antes lhes causava medo, depois se converteu em alegria. A partir daquele momento, elevaram toda a contempla\u00e7\u00e3o das suas almas \u00e0 divindade que est\u00e1 \u00e0 direita do Pai; a perda da vis\u00e3o do corpo do Senhor n\u00e3o foi obst\u00e1culo para que a intelig\u00eancia, iluminada pela f\u00e9 acreditasse que Cristo, mesmo descendo at\u00e9 n\u00f3s, n\u00e3o se tinha afastado do Pai e, com a sua Ascens\u00e3o, n\u00e3o se separou dos seus disc\u00edpulos\u201d.<\/p>\n<p style=\"text-align: justify;\">\u00a0\u00a0\u00a0\u00a0\u00a0\u00a0\u00a0\u00a0 Neste m\u00eas de maio e na semana de prepara\u00e7\u00e3o para a Solenidade de Pentecostes, que Maria Sant\u00edssima, que neste domingo \u00e9 comemorada em alguns locais como Nossa Senhora Aux\u00edlio dos crist\u00e3os, nos ajude a estar com o cora\u00e7\u00e3o e com o olhar votados para o alto. Que como Igreja, Corpo de Cristo, sejamos sinais de esperan\u00e7a para os homens em suas dores, seja em nosso modo de agir, seja em nossas palavras. Que a mensagem final do evangelho: ide e fazei disc\u00edpulos nos impulsione ainda mais em nossa miss\u00e3o evangelizadora, especialmente no dia em que comemoramos o 54\u00ba Dia Mundial das Comunica\u00e7\u00f5es Sociais. Est\u00e1 em nossa responsabilidade essa miss\u00e3o!<\/p>\n","protected":false},"excerpt":{"rendered":"<p>Temos a gra\u00e7a de celebrar neste domingo a Solenidade da Ascens\u00e3o do Senhor. A liturgia j\u00e1 vem preparando nossos cora\u00e7\u00f5es e nossas mentes atrav\u00e9s das leituras que nestes dias passados tem sido proposta para a nossa reflex\u00e3o.\u00a0 Com esta solenidade, a Igreja convida-nos a ter os olhos postos no C\u00e9u, a P\u00e1tria definitiva a que [&hellip;]<\/p>\n","protected":false},"author":5,"featured_media":55819,"comment_status":"open","ping_status":"closed","sticky":false,"template":"","format":"standard","meta":{"footnotes":""},"categories":[9],"tags":[],"class_list":["post-59379","post","type-post","status-publish","format-standard","has-post-thumbnail","hentry","category-artigos"],"_links":{"self":[{"href":"https:\/\/catolicanet.net\/wp-cnet\/wp-json\/wp\/v2\/posts\/59379","targetHints":{"allow":["GET"]}}],"collection":[{"href":"https:\/\/catolicanet.net\/wp-cnet\/wp-json\/wp\/v2\/posts"}],"about":[{"href":"https:\/\/catolicanet.net\/wp-cnet\/wp-json\/wp\/v2\/types\/post"}],"author":[{"embeddable":true,"href":"https:\/\/catolicanet.net\/wp-cnet\/wp-json\/wp\/v2\/users\/5"}],"replies":[{"embeddable":true,"href":"https:\/\/catolicanet.net\/wp-cnet\/wp-json\/wp\/v2\/comments?post=59379"}],"version-history":[{"count":1,"href":"https:\/\/catolicanet.net\/wp-cnet\/wp-json\/wp\/v2\/posts\/59379\/revisions"}],"predecessor-version":[{"id":59380,"href":"https:\/\/catolicanet.net\/wp-cnet\/wp-json\/wp\/v2\/posts\/59379\/revisions\/59380"}],"wp:featuredmedia":[{"embeddable":true,"href":"https:\/\/catolicanet.net\/wp-cnet\/wp-json\/wp\/v2\/media\/55819"}],"wp:attachment":[{"href":"https:\/\/catolicanet.net\/wp-cnet\/wp-json\/wp\/v2\/media?parent=59379"}],"wp:term":[{"taxonomy":"category","embeddable":true,"href":"https:\/\/catolicanet.net\/wp-cnet\/wp-json\/wp\/v2\/categories?post=59379"},{"taxonomy":"post_tag","embeddable":true,"href":"https:\/\/catolicanet.net\/wp-cnet\/wp-json\/wp\/v2\/tags?post=59379"}],"curies":[{"name":"wp","href":"https:\/\/api.w.org\/{rel}","templated":true}]}}