{"id":59370,"date":"2020-05-22T10:20:43","date_gmt":"2020-05-22T13:20:43","guid":{"rendered":"https:\/\/catolicanet.net\/wp-cnet\/?p=59370"},"modified":"2020-05-22T16:21:50","modified_gmt":"2020-05-22T19:21:50","slug":"comunidades-quilombolas-carecem-de-atencao-frente-ao-avanco-do-coronavirus","status":"publish","type":"post","link":"https:\/\/catolicanet.net\/wp-cnet\/comunidades-quilombolas-carecem-de-atencao-frente-ao-avanco-do-coronavirus\/","title":{"rendered":"Comunidades quilombolas carecem de aten\u00e7\u00e3o frente ao avan\u00e7o do coronav\u00edrus"},"content":{"rendered":"<p style=\"text-align: justify;\">O avan\u00e7o da pandemia do\u00a0novo coronav\u00edrus\u00a0pelo interior do Brasil chegou \u00e0s\u00a0comunidades quilombolas\u00a0e j\u00e1 provocou a morte de pelo menos 26 moradores desses territ\u00f3rios. Ao todo, 150 quilombolas testaram positivo para a doen\u00e7a. Os n\u00fameros fazem parte de um levantamento independente realizado pela Coordena\u00e7\u00e3o Nacional de Articula\u00e7\u00e3o das Comunidades Negras Rurais Quilombolas (Conaq).<\/p>\n<p style=\"text-align: justify;\">O boletim epidemiol\u00f3gico desenvolvido pela Conaq junto aos territ\u00f3rios, de 18 de maio, aponta que al\u00e9m dos 150 casos confirmados da doen\u00e7a, h\u00e1 pelo menos 36 casos que est\u00e3o sendo monitorados. At\u00e9 a data divulgada foram registrados 26 \u00f3bitos e 02 \u00f3bitos sem confirma\u00e7\u00e3o de diagn\u00f3stico nos estados da Bahia e Minas Gerais.<\/p>\n<p style=\"text-align: justify;\">Segundo a Conaq, a invisibilidade do alastramento da doen\u00e7a em territ\u00f3rios quilombolas revela uma situa\u00e7\u00e3o potencialmente dr\u00e1stica, que n\u00e3o tem recebido a aten\u00e7\u00e3o devida das autoridades p\u00fablicas e dos meios de comunica\u00e7\u00e3o dominantes. \u201cDados da transmiss\u00e3o da doen\u00e7a em territ\u00f3rios quilombolas s\u00e3o sub-notificados, pois muitas secretarias municipais deixam de informar quando a transmiss\u00e3o da doen\u00e7a e morte ocorre entre pessoas quilombolas\u201d, chama aten\u00e7\u00e3o.<\/p>\n<div id=\"attachment_239268\" class=\"wp-caption aligncenter\" style=\"text-align: justify;\"><a href=\"https:\/\/www.cnbb.org.br\/wp-content\/uploads\/sites\/32\/2020\/05\/pau-preto-m%C3%A1rcia-guena.jpg\"><img loading=\"lazy\" decoding=\"async\" class=\"wp-image-239268 \" src=\"https:\/\/www.cnbb.org.br\/wp-content\/uploads\/sites\/32\/2020\/05\/pau-preto-m%C3%A1rcia-guena.jpg\" srcset=\"https:\/\/www.cnbb.org.br\/wp-content\/uploads\/sites\/32\/2020\/05\/pau-preto-m\u00e1rcia-guena.jpg 1600w, https:\/\/www.cnbb.org.br\/wp-content\/uploads\/sites\/32\/2020\/05\/pau-preto-m\u00e1rcia-guena-300x199.jpg 300w, https:\/\/www.cnbb.org.br\/wp-content\/uploads\/sites\/32\/2020\/05\/pau-preto-m\u00e1rcia-guena-1024x678.jpg 1024w, https:\/\/www.cnbb.org.br\/wp-content\/uploads\/sites\/32\/2020\/05\/pau-preto-m\u00e1rcia-guena-768x508.jpg 768w, https:\/\/www.cnbb.org.br\/wp-content\/uploads\/sites\/32\/2020\/05\/pau-preto-m\u00e1rcia-guena-1536x1017.jpg 1536w\" alt=\"Al\u00edpio Soares da Silva, morador de Pau Preto. Foto: M\u00e1rcia Guena\" width=\"717\" height=\"474\" aria-describedby=\"caption-attachment-239268\" \/><\/a><\/p>\n<p id=\"caption-attachment-239268\" class=\"wp-caption-text\">Al\u00edpio Soares da Silva, morador de Pau Preto. Foto: M\u00e1rcia Guena<\/p>\n<\/div>\n<p style=\"text-align: justify;\">O aumento dos casos preocupa o arcebispo de Feira de Santana, na Bahia, dom Zanoni Demettino Castro, que tamb\u00e9m \u00e9 referencial da Pastoral Afro-Brasileira. \u201cN\u00e3o s\u00e3o apenas n\u00fameros. S\u00e3o pessoas, homens e mulheres, que vivem nas nossas comunidades quilombolas e que tem suas vidas ceifadas\u201d, diz o bispo.<\/p>\n<p style=\"text-align: justify;\">Conforme o boletim, a maioria das mortes ocorreu no estado do Amap\u00e1 (08) e Par\u00e1 (08), seguidos dos estados de Pernambuco (04), Goi\u00e1s (02), Bahia (01), Cear\u00e1 (01), Maranh\u00e3o (01) e Rio de Janeiro (01). \u201cOs dados revelam uma alta taxa de letalidade da COVID-19 entre os quilombolas e uma grande subnotifica\u00e7\u00e3o de casos. Situa\u00e7\u00f5es de dificuldades no acesso a exames e denega\u00e7\u00e3o de exames a pessoas com sintomas t\u00eam sido relatadas pelas pessoas dos quilombos\u201d, informou a Conaq.<\/p>\n<blockquote><p>\u201cA regi\u00e3o amaz\u00f4nica contabiliza muitos casos, ent\u00e3o como n\u00e3o h\u00e1 uma pol\u00edtica p\u00fablica definida, uma defesa, uma organiza\u00e7\u00e3o desses povos, as pr\u00f3prias comunidades v\u00e3o se organizando para elas mesmas criarem as barreiras sanit\u00e1rias, mesmo que n\u00e3o haja uma determina\u00e7\u00e3o legal para isso\u201d, afirmou dom Zanoni.<\/p><\/blockquote>\n<p style=\"text-align: justify;\">O arcebispo criticou a falta de aten\u00e7\u00e3o do governo com rela\u00e7\u00e3o \u00e0s popula\u00e7\u00f5es mais vulner\u00e1veis. \u00a0\u201cN\u00f3s que estamos nessa crise sanit\u00e1ria n\u00e3o temos secret\u00e1rio de sa\u00fade em muitos lugares ou pol\u00edticos que prestem aten\u00e7\u00e3o no nosso povo que est\u00e1 sendo abandonado e, enquanto isso, esse v\u00edrus vai adentrando nas comunidades, vai chegando nos territ\u00f3rios quilombolas, sobretudo, aqueles que ficam situados na zona rural, nos pequenos munic\u00edpios e esses lugares tem uma defici\u00eancia grande de infraestrutura, de servi\u00e7o de sa\u00fade\u201d, apontou.<\/p>\n<p style=\"text-align: justify;\">Ainda segundo o arcebispo, a falta de pol\u00edticas p\u00fablicas para essas comunidades j\u00e1 vem de longas datas e, de acordo com ele, essa realidade \u00e9 consequ\u00eancia dos 300 anos de escravid\u00e3o, crime que segundo ele lesa a humanidade e que n\u00e3o foi suficientemente reparado. \u201c\u00c9 por essa raz\u00e3o que vamos percebendo essa preocupa\u00e7\u00e3o em defender e dar visibilidade a essas comunidades. Precisamos nos empenhar seriamente com esse povo, porque s\u00e3o eles os mais atingidos!\u201d, refor\u00e7ou dom Zanoni.<\/p>\n<p style=\"text-align: justify;\">\n<p style=\"text-align: justify;\"><strong>Foto de capa: DGM\/FIP Brasil<\/strong><\/p>\n","protected":false},"excerpt":{"rendered":"<p>O avan\u00e7o da pandemia do\u00a0novo coronav\u00edrus\u00a0pelo interior do Brasil chegou \u00e0s\u00a0comunidades quilombolas\u00a0e j\u00e1 provocou a morte de pelo menos 26 moradores desses territ\u00f3rios. Ao todo, 150 quilombolas testaram positivo para a doen\u00e7a. Os n\u00fameros fazem parte de um levantamento independente realizado pela Coordena\u00e7\u00e3o Nacional de Articula\u00e7\u00e3o das Comunidades Negras Rurais Quilombolas (Conaq). O boletim epidemiol\u00f3gico [&hellip;]<\/p>\n","protected":false},"author":1,"featured_media":59371,"comment_status":"open","ping_status":"closed","sticky":false,"template":"","format":"standard","meta":{"footnotes":""},"categories":[7],"tags":[],"class_list":["post-59370","post","type-post","status-publish","format-standard","has-post-thumbnail","hentry","category-cnbb"],"_links":{"self":[{"href":"https:\/\/catolicanet.net\/wp-cnet\/wp-json\/wp\/v2\/posts\/59370","targetHints":{"allow":["GET"]}}],"collection":[{"href":"https:\/\/catolicanet.net\/wp-cnet\/wp-json\/wp\/v2\/posts"}],"about":[{"href":"https:\/\/catolicanet.net\/wp-cnet\/wp-json\/wp\/v2\/types\/post"}],"author":[{"embeddable":true,"href":"https:\/\/catolicanet.net\/wp-cnet\/wp-json\/wp\/v2\/users\/1"}],"replies":[{"embeddable":true,"href":"https:\/\/catolicanet.net\/wp-cnet\/wp-json\/wp\/v2\/comments?post=59370"}],"version-history":[{"count":1,"href":"https:\/\/catolicanet.net\/wp-cnet\/wp-json\/wp\/v2\/posts\/59370\/revisions"}],"predecessor-version":[{"id":59372,"href":"https:\/\/catolicanet.net\/wp-cnet\/wp-json\/wp\/v2\/posts\/59370\/revisions\/59372"}],"wp:featuredmedia":[{"embeddable":true,"href":"https:\/\/catolicanet.net\/wp-cnet\/wp-json\/wp\/v2\/media\/59371"}],"wp:attachment":[{"href":"https:\/\/catolicanet.net\/wp-cnet\/wp-json\/wp\/v2\/media?parent=59370"}],"wp:term":[{"taxonomy":"category","embeddable":true,"href":"https:\/\/catolicanet.net\/wp-cnet\/wp-json\/wp\/v2\/categories?post=59370"},{"taxonomy":"post_tag","embeddable":true,"href":"https:\/\/catolicanet.net\/wp-cnet\/wp-json\/wp\/v2\/tags?post=59370"}],"curies":[{"name":"wp","href":"https:\/\/api.w.org\/{rel}","templated":true}]}}