{"id":59361,"date":"2020-05-22T10:15:20","date_gmt":"2020-05-22T13:15:20","guid":{"rendered":"https:\/\/catolicanet.net\/wp-cnet\/?p=59361"},"modified":"2020-05-22T16:16:13","modified_gmt":"2020-05-22T19:16:13","slug":"narracao-palavra-do-ano-para-o-losservatore-romano","status":"publish","type":"post","link":"https:\/\/catolicanet.net\/wp-cnet\/narracao-palavra-do-ano-para-o-losservatore-romano\/","title":{"rendered":"\u201cNarra\u00e7\u00e3o\u201d, palavra do ano para o L\u2019Osservatore Romano"},"content":{"rendered":"<div class=\"article__subTitle\" style=\"text-align: justify;\">Por ocasi\u00e3o do 54\u00ba Dia Mundial das Comunica\u00e7\u00f5es Sociais, ser\u00e1 lan\u00e7ada uma colet\u00e2nea de artigos do jornal L\u2019Osservatore Romano com a tem\u00e1tica \u201cnarra\u00e7\u00e3o\u201d que \u00e9 o centro da mensagem de Francisco<\/div>\n<div class=\"title__separator\" style=\"text-align: justify;\"><\/div>\n<div class=\"article__text\">\n<p style=\"text-align: justify;\"><b>VATICAN NEWS<\/b><\/p>\n<p style=\"text-align: justify;\">Neste ano, a Mensagem do Papa Francisco para o Dia Mundial das Comunica\u00e7\u00f5es Sociais\u00a0 tem como t\u00edtulo,\u00a0\u00a0<a href=\"http:\/\/w2.vatican.va\/content\/francesco\/pt\/messages\/communications\/documents\/papa-francesco_20200124_messaggio-comunicazioni-sociali.html\" target=\"_blank\" rel=\"external noopener noreferrer\">&#8220;Para que possas contar e fixar na<\/a>\u00a0<a href=\"http:\/\/w2.vatican.va\/content\/francesco\/pt\/messages\/communications\/documents\/papa-francesco_20200124_messaggio-comunicazioni-sociali.html\" target=\"_blank\" rel=\"external noopener noreferrer\">mem\u00f3ria&#8221; (Ex 10,2). A vida faz-se hist\u00f3ria&#8221;<\/a>, est\u00e1 centrada no tema da\u00a0narra\u00e7\u00e3o, na necessidade pr\u00f3pria do homem de contar hist\u00f3rias.<\/p>\n<p style=\"text-align: justify;\">Inspirado nas palavras do Papa, o jornal\u00a0<i>\u00a0L&#8217;Osservatore Romano<\/i>\u00a0escolheu &#8220;narra\u00e7\u00e3o&#8221; como a palavra do ano e, desde de fevereiro passado, pediu a v\u00e1rias personalidades culturais envolvidas em seu trabalho criativo para tornar o mundo mais belo e humano.<\/p>\n<p style=\"text-align: justify;\">Os artigos est\u00e3o reunidos e publicados no\u00a0<a href=\"http:\/\/www.comunicazione.va\/it\/giornata-mondiale-comunicazioni-sociali\/gmcs-2020\/il-racconto-gmcs.html\" target=\"_blank\" rel=\"external noopener noreferrer\">site do Dicast\u00e9rio da Comunica\u00e7\u00e3o da Santa S\u00e9<\/a>, na p\u00e1gina dedicada ao Dia da Comunica\u00e7\u00e3o Social. \u00c9 uma oportunidade de sublinhar a import\u00e2ncia de contar boas hist\u00f3rias que, como salientou o diretor do\u00a0<i>Osservatore Romano<\/i>, Andrea Monda, &#8220;permite respirar mais livremente em um mundo sufocado por fofocas e fake news&#8221;.<\/p>\n<\/div>\n","protected":false},"excerpt":{"rendered":"<p>Por ocasi\u00e3o do 54\u00ba Dia Mundial das Comunica\u00e7\u00f5es Sociais, ser\u00e1 lan\u00e7ada uma colet\u00e2nea de artigos do jornal L\u2019Osservatore Romano com a tem\u00e1tica \u201cnarra\u00e7\u00e3o\u201d que \u00e9 o centro da mensagem de Francisco VATICAN NEWS Neste ano, a Mensagem do Papa Francisco para o Dia Mundial das Comunica\u00e7\u00f5es Sociais\u00a0 tem como t\u00edtulo,\u00a0\u00a0&#8220;Para que possas contar e fixar [&hellip;]<\/p>\n","protected":false},"author":1,"featured_media":59362,"comment_status":"open","ping_status":"closed","sticky":false,"template":"","format":"standard","meta":{"footnotes":""},"categories":[3],"tags":[],"class_list":["post-59361","post","type-post","status-publish","format-standard","has-post-thumbnail","hentry","category-vaticano"],"_links":{"self":[{"href":"https:\/\/catolicanet.net\/wp-cnet\/wp-json\/wp\/v2\/posts\/59361","targetHints":{"allow":["GET"]}}],"collection":[{"href":"https:\/\/catolicanet.net\/wp-cnet\/wp-json\/wp\/v2\/posts"}],"about":[{"href":"https:\/\/catolicanet.net\/wp-cnet\/wp-json\/wp\/v2\/types\/post"}],"author":[{"embeddable":true,"href":"https:\/\/catolicanet.net\/wp-cnet\/wp-json\/wp\/v2\/users\/1"}],"replies":[{"embeddable":true,"href":"https:\/\/catolicanet.net\/wp-cnet\/wp-json\/wp\/v2\/comments?post=59361"}],"version-history":[{"count":1,"href":"https:\/\/catolicanet.net\/wp-cnet\/wp-json\/wp\/v2\/posts\/59361\/revisions"}],"predecessor-version":[{"id":59363,"href":"https:\/\/catolicanet.net\/wp-cnet\/wp-json\/wp\/v2\/posts\/59361\/revisions\/59363"}],"wp:featuredmedia":[{"embeddable":true,"href":"https:\/\/catolicanet.net\/wp-cnet\/wp-json\/wp\/v2\/media\/59362"}],"wp:attachment":[{"href":"https:\/\/catolicanet.net\/wp-cnet\/wp-json\/wp\/v2\/media?parent=59361"}],"wp:term":[{"taxonomy":"category","embeddable":true,"href":"https:\/\/catolicanet.net\/wp-cnet\/wp-json\/wp\/v2\/categories?post=59361"},{"taxonomy":"post_tag","embeddable":true,"href":"https:\/\/catolicanet.net\/wp-cnet\/wp-json\/wp\/v2\/tags?post=59361"}],"curies":[{"name":"wp","href":"https:\/\/api.w.org\/{rel}","templated":true}]}}