{"id":59355,"date":"2020-05-22T10:10:14","date_gmt":"2020-05-22T13:10:14","guid":{"rendered":"https:\/\/catolicanet.net\/wp-cnet\/?p=59355"},"modified":"2020-05-22T16:11:48","modified_gmt":"2020-05-22T19:11:48","slug":"fim-do-ramada-juntos-para-ajudar-os-pobres-na-pandemia","status":"publish","type":"post","link":"https:\/\/catolicanet.net\/wp-cnet\/fim-do-ramada-juntos-para-ajudar-os-pobres-na-pandemia\/","title":{"rendered":"Fim do Ramad\u00e3: juntos para ajudar os pobres na pandemia"},"content":{"rendered":"<div class=\"article__subTitle\" style=\"text-align: justify;\">&#8220;As diferentes l\u00ednguas da ora\u00e7\u00e3o tornam-se palavras comuns, quando se traduzem em amor pelos outros&#8221;.. Palavras do Arcebispo de Mil\u00e3o, Dom Mario Delpini em uma mensagem aos mu\u00e7ulmanos<\/div>\n<div class=\"title__separator\" style=\"text-align: justify;\"><\/div>\n<div class=\"article__text\">\n<p style=\"text-align: justify;\"><b>Cidade do Vaticano<\/b><\/p>\n<p style=\"text-align: justify;\">O arcebispo de Mil\u00e3o, Dom Mario Enrico Delpini, enviou uma mensagem aos mu\u00e7ulmanos, por ocasi\u00e3o do fim do Ramad\u00e3.<\/p>\n<p style=\"text-align: justify;\">Desde o dia 23 de abril, os Mu\u00e7ulmanos come\u00e7aram o Ramad\u00e3: o m\u00eas do calend\u00e1rio isl\u00e2mico, no qual a maioria dos mu\u00e7ulmanos pratica seu jejum ritual, o quarto dos cinco pilares do Islamismo.<\/p>\n<p style=\"text-align: justify;\">Trata-se de um tempo de renova\u00e7\u00e3o da f\u00e9, da pr\u00e1tica mais intensa da caridade e de uma profunda viv\u00eancia da fraternidade e dos valores da vida familiar mu\u00e7ulmana.<\/p>\n<p style=\"text-align: justify;\">Neste per\u00edodo do Ramad\u00e3, que se conclui, depois de um m\u00eas, neste s\u00e1bado (23\/5), o fiel \u00e9 convidado a se aproximar mais dos valores sagrados, a ler com assiduidade o Alcor\u00e3o e a rezar na mesquita.<\/p>\n<p style=\"text-align: justify;\">Durante o m\u00eas do Ramad\u00e3, foi revelado o Alcor\u00e3o, o livro sagrado do Islamismo, revelado ao profeta Maom\u00e9.<\/p>\n<h2 style=\"text-align: justify;\"><b>Mensagem de Dom Delpini<\/b><\/h2>\n<p style=\"text-align: justify;\">Em sua mensagem, por ocasi\u00e3o do fim do Ramad\u00e3, o arcebispo de Mil\u00e3o convida as comunidades isl\u00e2micas, presentes na sua arquidiocese, \u201ca caminhar juntos, para ajudar os pobres que enfrentam a pandemia do Coronav\u00edrus\u201d.<\/p>\n<p style=\"text-align: justify;\">&#8220;A pandemia \u2013 diz o Arcebispo \u2013 fez-nos entender, concretamente, que toda a terra e as pessoas que a habitam est\u00e3o no mesmo barco&#8221;. Da\u00ed a exorta\u00e7\u00e3o a &#8220;continuar trabalhando juntos para difundir a redescoberta da centralidade de Deus em nossas vidas&#8221;.<\/p>\n<p style=\"text-align: justify;\">O arcebispo de Mil\u00e3o recorda em sua mensagem, escrita e em v\u00eddeo, o compromisso comum de crist\u00e3os e mu\u00e7ulmanos com &#8220;as muitas pessoas indigentes, que est\u00e3o enfrentando esta emerg\u00eancia&#8221;. \u201cAs diferentes l\u00ednguas da ora\u00e7\u00e3o tornam-se palavras comuns, quando se traduzem em amor pelos outros&#8221;.<\/p>\n<p style=\"text-align: justify;\">Recordamos que, na It\u00e1lia, o Covid-19 afetou, de modo particular, a cidade de Mil\u00e3o e toda a regi\u00e3o da Lombardia, impedindo os crist\u00e3os e mu\u00e7ulmanos de celebrarem seu ritos e cultos em suas comunidades.<\/p>\n<\/div>\n","protected":false},"excerpt":{"rendered":"<p>&#8220;As diferentes l\u00ednguas da ora\u00e7\u00e3o tornam-se palavras comuns, quando se traduzem em amor pelos outros&#8221;.. Palavras do Arcebispo de Mil\u00e3o, Dom Mario Delpini em uma mensagem aos mu\u00e7ulmanos Cidade do Vaticano O arcebispo de Mil\u00e3o, Dom Mario Enrico Delpini, enviou uma mensagem aos mu\u00e7ulmanos, por ocasi\u00e3o do fim do Ramad\u00e3. Desde o dia 23 de [&hellip;]<\/p>\n","protected":false},"author":1,"featured_media":59356,"comment_status":"open","ping_status":"closed","sticky":false,"template":"","format":"standard","meta":{"footnotes":""},"categories":[3],"tags":[],"class_list":["post-59355","post","type-post","status-publish","format-standard","has-post-thumbnail","hentry","category-vaticano"],"_links":{"self":[{"href":"https:\/\/catolicanet.net\/wp-cnet\/wp-json\/wp\/v2\/posts\/59355","targetHints":{"allow":["GET"]}}],"collection":[{"href":"https:\/\/catolicanet.net\/wp-cnet\/wp-json\/wp\/v2\/posts"}],"about":[{"href":"https:\/\/catolicanet.net\/wp-cnet\/wp-json\/wp\/v2\/types\/post"}],"author":[{"embeddable":true,"href":"https:\/\/catolicanet.net\/wp-cnet\/wp-json\/wp\/v2\/users\/1"}],"replies":[{"embeddable":true,"href":"https:\/\/catolicanet.net\/wp-cnet\/wp-json\/wp\/v2\/comments?post=59355"}],"version-history":[{"count":1,"href":"https:\/\/catolicanet.net\/wp-cnet\/wp-json\/wp\/v2\/posts\/59355\/revisions"}],"predecessor-version":[{"id":59357,"href":"https:\/\/catolicanet.net\/wp-cnet\/wp-json\/wp\/v2\/posts\/59355\/revisions\/59357"}],"wp:featuredmedia":[{"embeddable":true,"href":"https:\/\/catolicanet.net\/wp-cnet\/wp-json\/wp\/v2\/media\/59356"}],"wp:attachment":[{"href":"https:\/\/catolicanet.net\/wp-cnet\/wp-json\/wp\/v2\/media?parent=59355"}],"wp:term":[{"taxonomy":"category","embeddable":true,"href":"https:\/\/catolicanet.net\/wp-cnet\/wp-json\/wp\/v2\/categories?post=59355"},{"taxonomy":"post_tag","embeddable":true,"href":"https:\/\/catolicanet.net\/wp-cnet\/wp-json\/wp\/v2\/tags?post=59355"}],"curies":[{"name":"wp","href":"https:\/\/api.w.org\/{rel}","templated":true}]}}