{"id":59280,"date":"2020-05-19T09:50:13","date_gmt":"2020-05-19T12:50:13","guid":{"rendered":"https:\/\/catolicanet.net\/wp-cnet\/?p=59280"},"modified":"2020-05-19T11:51:47","modified_gmt":"2020-05-19T14:51:47","slug":"coronavirus-santa-se-resposta-global-e-transparencia-para-garantir-assistencia-a-todos","status":"publish","type":"post","link":"https:\/\/catolicanet.net\/wp-cnet\/coronavirus-santa-se-resposta-global-e-transparencia-para-garantir-assistencia-a-todos\/","title":{"rendered":"Coronav\u00edrus, Santa S\u00e9: resposta global e transpar\u00eancia para garantir assist\u00eancia a todos"},"content":{"rendered":"<div class=\"article__subTitle\" style=\"text-align: justify;\">Pandemia, Igreja e solidariedade no pronunciamento do observador permanente da Santa s\u00e9 na ONU, em Genebra, na Su\u00ed\u00e7a, dom Ivan Jurkovi\u010d, na 73\u00aa Assembleia Mundial da Sa\u00fade. A atual crise de sa\u00fade p\u00f5e em quest\u00e3o a nossa interdepend\u00eancia: o caminho \u00e9 aquele indicado pelo Papa Francisco a n\u00e3o deixar ningu\u00e9m para tr\u00e1s.<\/div>\n<div class=\"title__separator\" style=\"text-align: justify;\"><\/div>\n<div class=\"article__text\">\n<p style=\"text-align: justify;\"><b>Paolo Ondarza\/Mariangela Jaguraba &#8211; Cidade do Vaticano<\/b><\/p>\n<p style=\"text-align: justify;\">A emerg\u00eancia internacional ligada ao coronav\u00edrus coloca a humanidade diante de uma situa\u00e7\u00e3o que n\u00e3o tem precedentes na hist\u00f3ria. Agora, mais do que nunca, se sente a necessidade de interdepend\u00eancia entre as na\u00e7\u00f5es e a considera\u00e7\u00e3o da sa\u00fade como um bem prim\u00e1rio a ser protegido atrav\u00e9s de a\u00e7\u00f5es e solidariedade coordenadas no \u00e2mbito global.<\/p>\n<p style=\"text-align: justify;\">Esta \u00e9 a convic\u00e7\u00e3o expressa pelo observador permanente da Santa s\u00e9 na ONU, em Genebra, dom Ivan Jurkovi\u010d, durante a 73\u00aa Assembleia Mundial da Sa\u00fade, \u00f3rg\u00e3o diretivo da Organiza\u00e7\u00e3o Mundial da Sa\u00fade (OMS), cujos trabalhos, pela primeira vez, este ano, se realizam por videoconfer\u00eancia.<\/p>\n<h2 style=\"text-align: justify;\">A contribui\u00e7\u00e3o da Igreja<\/h2>\n<p style=\"text-align: justify;\">O prelado recordou de maneira firme a solicita\u00e7\u00e3o muitas vezes feita pelo Papa de n\u00e3o abandonar as pessoas mais vulner\u00e1veis \u200b\u200bque vivem nas periferias do mundo. A pandemia atual pode piorar as regi\u00f5es \u201cj\u00e1 afetadas por situa\u00e7\u00f5es de emerg\u00eancia\u201d, fome e instabilidade.<\/p>\n<p style=\"text-align: justify;\">Jurkovi\u010d destacou a contribui\u00e7\u00e3o oferecida pela Igreja a essa \u201cresposta global\u201d necess\u00e1ria para enfrentar a pandemia: os 5 mil hospitais de inspira\u00e7\u00e3o cat\u00f3lica e os mais de 16 mil dispens\u00e1rios pertencentes \u00e0 Igreja cat\u00f3lica que est\u00e3o oferecendo incansavelmente \u201ccuidados de sa\u00fade a todos, especialmente \u00e0s pessoas pobres e marginalizadas, o acesso a cuidados m\u00e9dicos e medicamentos\u201d.<\/p>\n<p style=\"text-align: justify;\">Um pensamento tamb\u00e9m \u00e0s \u201cmuitas ordens religiosas, par\u00f3quias e sacerdotes\u201d na linha de frente do enfrentamento da pandemia da Covid19. O arcebispo destacou o compromisso da Santa S\u00e9 de contribuir com o Fundo de Emerg\u00eancia da OMS \u201cpara o fornecimento de equipamentos de prote\u00e7\u00e3o individual aos agentes de sa\u00fade envolvidos na linha de frente\u201d.<\/p>\n<h2 style=\"text-align: justify;\">Cessar-fogo e vacinas<\/h2>\n<p style=\"text-align: justify;\">A Santa S\u00e9 tamb\u00e9m expressou seu apre\u00e7o pelo compromisso da OMS em dialogar com os l\u00edderes religiosos, a fim de \u201cgarantir que as celebra\u00e7\u00f5es e reuni\u00f5es sejam realizadas respeitando as medidas de sa\u00fade necess\u00e1rias\u201d.<\/p>\n<p style=\"text-align: justify;\">H\u00e1 total apoio ao apelo do secret\u00e1rio-geral da ONU por um \u201ccessar-fogo global imediato em todos os cantos do mundo\u201d a fim de facilitar o acesso \u00e0 ajuda humanit\u00e1ria, com especial aten\u00e7\u00e3o aos que est\u00e3o em condi\u00e7\u00f5es vulner\u00e1veis. Nesse sentido, o observador permanente da Santa S\u00e9 lembrou o apelo do Papa Francisco para facilitar as san\u00e7\u00f5es internacionais, reduzindo, se n\u00e3o at\u00e9 mesmo perdoando, a d\u00edvida p\u00fablica, para que cada Estado esteja em condi\u00e7\u00e3o de enfrentar a emerg\u00eancia e curar seus cidad\u00e3os.<\/p>\n<p style=\"text-align: justify;\">Por fim, recordando as palavras do Santo Padre, dom Jurkovi\u010d exortou a unir as capacidades cient\u00edficas, para que de maneira transparente e desinteressada, sejam encontradas vacinas e tratamentos necess\u00e1rios para tratar os doentes em todas as partes do mundo.<\/p>\n<\/div>\n","protected":false},"excerpt":{"rendered":"<p>Pandemia, Igreja e solidariedade no pronunciamento do observador permanente da Santa s\u00e9 na ONU, em Genebra, na Su\u00ed\u00e7a, dom Ivan Jurkovi\u010d, na 73\u00aa Assembleia Mundial da Sa\u00fade. A atual crise de sa\u00fade p\u00f5e em quest\u00e3o a nossa interdepend\u00eancia: o caminho \u00e9 aquele indicado pelo Papa Francisco a n\u00e3o deixar ningu\u00e9m para tr\u00e1s. Paolo Ondarza\/Mariangela Jaguraba [&hellip;]<\/p>\n","protected":false},"author":1,"featured_media":59281,"comment_status":"open","ping_status":"closed","sticky":false,"template":"","format":"standard","meta":{"footnotes":""},"categories":[3],"tags":[],"class_list":["post-59280","post","type-post","status-publish","format-standard","has-post-thumbnail","hentry","category-vaticano"],"_links":{"self":[{"href":"https:\/\/catolicanet.net\/wp-cnet\/wp-json\/wp\/v2\/posts\/59280","targetHints":{"allow":["GET"]}}],"collection":[{"href":"https:\/\/catolicanet.net\/wp-cnet\/wp-json\/wp\/v2\/posts"}],"about":[{"href":"https:\/\/catolicanet.net\/wp-cnet\/wp-json\/wp\/v2\/types\/post"}],"author":[{"embeddable":true,"href":"https:\/\/catolicanet.net\/wp-cnet\/wp-json\/wp\/v2\/users\/1"}],"replies":[{"embeddable":true,"href":"https:\/\/catolicanet.net\/wp-cnet\/wp-json\/wp\/v2\/comments?post=59280"}],"version-history":[{"count":1,"href":"https:\/\/catolicanet.net\/wp-cnet\/wp-json\/wp\/v2\/posts\/59280\/revisions"}],"predecessor-version":[{"id":59282,"href":"https:\/\/catolicanet.net\/wp-cnet\/wp-json\/wp\/v2\/posts\/59280\/revisions\/59282"}],"wp:featuredmedia":[{"embeddable":true,"href":"https:\/\/catolicanet.net\/wp-cnet\/wp-json\/wp\/v2\/media\/59281"}],"wp:attachment":[{"href":"https:\/\/catolicanet.net\/wp-cnet\/wp-json\/wp\/v2\/media?parent=59280"}],"wp:term":[{"taxonomy":"category","embeddable":true,"href":"https:\/\/catolicanet.net\/wp-cnet\/wp-json\/wp\/v2\/categories?post=59280"},{"taxonomy":"post_tag","embeddable":true,"href":"https:\/\/catolicanet.net\/wp-cnet\/wp-json\/wp\/v2\/tags?post=59280"}],"curies":[{"name":"wp","href":"https:\/\/api.w.org\/{rel}","templated":true}]}}