{"id":59274,"date":"2020-05-18T13:55:19","date_gmt":"2020-05-18T16:55:19","guid":{"rendered":"https:\/\/catolicanet.net\/wp-cnet\/?p=59274"},"modified":"2020-05-18T13:55:19","modified_gmt":"2020-05-18T16:55:19","slug":"a-bela-oracao-que-sao-joao-paulo-ii-deixou-as-familias","status":"publish","type":"post","link":"https:\/\/catolicanet.net\/wp-cnet\/a-bela-oracao-que-sao-joao-paulo-ii-deixou-as-familias\/","title":{"rendered":"A bela ora\u00e7\u00e3o que S\u00e3o Jo\u00e3o Paulo II deixou \u00e0s fam\u00edlias"},"content":{"rendered":"<h2 class=\"subtitle\" style=\"text-align: justify;\">Todos n\u00f3s conhecemos o amor profundo que S\u00e3o Jo\u00e3o Paulo II tinha pela Virgem Maria. Essa devo\u00e7\u00e3o pessoal foi um dos segredos do seu pontificado. O cent\u00e9simo anivers\u00e1rio de seu nascimento \u00e9 em maio, m\u00eas consagrado \u00e0 M\u00e3e de Deus e, por essa ocasi\u00e3o, somos chamados a fazer nossa a ora\u00e7\u00e3o que o santo adere\u00e7ava a todas as fam\u00edlias<\/h2>\n<div class=\"base-post-content\">\n<p class=\"p4\" style=\"text-align: justify;\"><span class=\"s1\">Desde a inf\u00e2ncia e at\u00e9 os seus \u00faltimos dias, S\u00e3o Jo\u00e3o Paulo II estabeleceu um relacionamento especial com a Virgem Maria. A M\u00e3e de Deus, de fato, desempenhou um grande papel na vida de Karol, durante a sua vida sacerdotal e tamb\u00e9m em sua vida como cardeal.<\/span><\/p>\n<p class=\"p4\" style=\"text-align: justify;\"><span class=\"s1\">Ap\u00f3s ser eleito Papa, ele decidiu colocar seu pontificado sob a prote\u00e7\u00e3o da M\u00e3e de Deus. \u201c<i>A essa hora, n\u00e3o podemos deixar de voltar nosso esp\u00edrito \u00e0 Virgem Maria, que ainda vive e age, como M\u00e3e, no mist\u00e9rio de Cristo. Devemos repetir as seguintes palavras: Totus Tuus, inteiramente teu!<\/i>\u201d, ele proclamou na Pra\u00e7a de S\u00e3o Pedro, em Roma, no dia de sua entroniza\u00e7\u00e3o, em 16 de outubro de 1978.<\/span><\/p>\n<p class=\"p4\" style=\"text-align: justify;\"><span class=\"s1\">Em 13 de maio de 1981, o papa foi milagrosamente salvo ap\u00f3s um atentado. S\u00e3o Jo\u00e3o Paulo II atribuiu esse milagre \u00e0 Virgem de F\u00e1tima. Durante sua vida, ele comp\u00f4s muitas ora\u00e7\u00f5es \u00e0 M\u00e3e de Deus, incluindo esta, que as fam\u00edlias podem adotar para a ora\u00e7\u00e3o da noite, durante o m\u00eas de maio (e mesmo depois):<\/span><\/p>\n<blockquote>\n<p class=\"p4\"><span class=\"s1\">Virgem Maria, M\u00e3e da Igreja, sede tamb\u00e9m a M\u00e3e de nossas fam\u00edlias.<\/span><\/p>\n<p class=\"p4\"><span class=\"s1\">Que gra\u00e7as \u00e0 sua ajuda materna, toda fam\u00edlia crist\u00e3<\/span><\/p>\n<p class=\"p4\"><span class=\"s1\">possa realmente se tornar uma \u201cpequena Igreja\u201d,<\/span><\/p>\n<p class=\"p4\"><span class=\"s1\">na qual o mist\u00e9rio da Igreja de Cristo \u00e9 refletido e revivido!<\/span><\/p>\n<p class=\"p4\"><span class=\"s1\">V\u00f3s que \u00e9s a serva do Senhor, sede para n\u00f3s exemplo<\/span><\/p>\n<p class=\"p4\"><span class=\"s1\">de humilde e generosa acolhida da vontade de Deus!<\/span><\/p>\n<p class=\"p4\"><span class=\"s1\">V\u00f3s que sofrestes a dor da M\u00e3e aos p\u00e9s da Cruz, fiques conosco para aliviar os sofrimentos<\/span><\/p>\n<p class=\"p4\"><span class=\"s1\">e enxugar as l\u00e1grimas dos afligidos pelas dificuldades de suas fam\u00edlias!<\/span><\/p>\n<p class=\"p4\"><span class=\"s1\">Que Cristo, o Senhor, rei do universo, rei das fam\u00edlias,<\/span><\/p>\n<p class=\"p4\"><span class=\"s1\">esteja presente, como em Can\u00e1, em todo lar crist\u00e3o,<\/span><\/p>\n<p class=\"p4\"><span class=\"s1\">comunicando luz, alegria, serenidade e for\u00e7a.<\/span><\/p>\n<p class=\"p4\"><span class=\"s1\">Que toda fam\u00edlia saiba dar generosamente<\/span><\/p>\n<p class=\"p4\"><span class=\"s1\">sua contribui\u00e7\u00e3o para o advento do Reino de Deus no mundo.<\/span><\/p>\n<p class=\"p4\"><span class=\"s1\">A Cristo e a v\u00f3s, Maria, confiamos nossas fam\u00edlias.<\/span><\/p>\n<p class=\"p4\"><span class=\"s1\">Am\u00e9m<\/span><\/p>\n<\/blockquote>\n<p class=\"p6\"><span class=\"s1\">Anna Ashkova<\/span><\/p>\n<\/div>\n","protected":false},"excerpt":{"rendered":"<p>Todos n\u00f3s conhecemos o amor profundo que S\u00e3o Jo\u00e3o Paulo II tinha pela Virgem Maria. Essa devo\u00e7\u00e3o pessoal foi um dos segredos do seu pontificado. O cent\u00e9simo anivers\u00e1rio de seu nascimento \u00e9 em maio, m\u00eas consagrado \u00e0 M\u00e3e de Deus e, por essa ocasi\u00e3o, somos chamados a fazer nossa a ora\u00e7\u00e3o que o santo adere\u00e7ava [&hellip;]<\/p>\n","protected":false},"author":1,"featured_media":59275,"comment_status":"open","ping_status":"closed","sticky":false,"template":"","format":"standard","meta":{"footnotes":""},"categories":[4],"tags":[],"class_list":["post-59274","post","type-post","status-publish","format-standard","has-post-thumbnail","hentry","category-cotidiano"],"_links":{"self":[{"href":"https:\/\/catolicanet.net\/wp-cnet\/wp-json\/wp\/v2\/posts\/59274","targetHints":{"allow":["GET"]}}],"collection":[{"href":"https:\/\/catolicanet.net\/wp-cnet\/wp-json\/wp\/v2\/posts"}],"about":[{"href":"https:\/\/catolicanet.net\/wp-cnet\/wp-json\/wp\/v2\/types\/post"}],"author":[{"embeddable":true,"href":"https:\/\/catolicanet.net\/wp-cnet\/wp-json\/wp\/v2\/users\/1"}],"replies":[{"embeddable":true,"href":"https:\/\/catolicanet.net\/wp-cnet\/wp-json\/wp\/v2\/comments?post=59274"}],"version-history":[{"count":1,"href":"https:\/\/catolicanet.net\/wp-cnet\/wp-json\/wp\/v2\/posts\/59274\/revisions"}],"predecessor-version":[{"id":59276,"href":"https:\/\/catolicanet.net\/wp-cnet\/wp-json\/wp\/v2\/posts\/59274\/revisions\/59276"}],"wp:featuredmedia":[{"embeddable":true,"href":"https:\/\/catolicanet.net\/wp-cnet\/wp-json\/wp\/v2\/media\/59275"}],"wp:attachment":[{"href":"https:\/\/catolicanet.net\/wp-cnet\/wp-json\/wp\/v2\/media?parent=59274"}],"wp:term":[{"taxonomy":"category","embeddable":true,"href":"https:\/\/catolicanet.net\/wp-cnet\/wp-json\/wp\/v2\/categories?post=59274"},{"taxonomy":"post_tag","embeddable":true,"href":"https:\/\/catolicanet.net\/wp-cnet\/wp-json\/wp\/v2\/tags?post=59274"}],"curies":[{"name":"wp","href":"https:\/\/api.w.org\/{rel}","templated":true}]}}