{"id":59227,"date":"2020-05-15T11:38:56","date_gmt":"2020-05-15T14:38:56","guid":{"rendered":"https:\/\/catolicanet.net\/wp-cnet\/?p=59227"},"modified":"2020-05-15T18:39:55","modified_gmt":"2020-05-15T21:39:55","slug":"conselhos-praticos-para-viver-o-novo-normal","status":"publish","type":"post","link":"https:\/\/catolicanet.net\/wp-cnet\/conselhos-praticos-para-viver-o-novo-normal\/","title":{"rendered":"Conselhos pr\u00e1ticos para viver o \u2018novo normal\u2019"},"content":{"rendered":"<div class=\"io-div\" data-io-article-url=\"https:\/\/pt.aleteia.org\/2020\/05\/15\/conselhos-praticos-para-viver-o-novo-normal\/\">\n<h2 class=\"subtitle\" style=\"text-align: justify;\">As mudan\u00e7as causadas pela pandemia de coronav\u00edrus n\u00e3o desaparecer\u00e3o t\u00e3o cedo. H\u00e1 uma lista de a\u00e7\u00f5es que teremos que incorporar ao nosso dia-a-dia<\/h2>\n<div class=\"slideshow-cta\" style=\"text-align: justify;\">Clique aqui para abrir a galeria de fotos<\/div>\n<div class=\"base-post-content\">ACovid-19 causou mudan\u00e7as que afetar\u00e3o nosso estilo de vida no futuro. Pelo menos at\u00e9 que a vacina contra o coronav\u00edrus esteja dispon\u00edvel, nosso comportamento ser\u00e1 diferente, porque a prote\u00e7\u00e3o sanit\u00e1ria foi incorporada \u00e0 agenda social e pessoal.<\/p>\n<p style=\"text-align: justify;\">Que aspectos devo levar em considera\u00e7\u00e3o para me adaptar ao que foi chamado de \u201cnovo normal\u201d ou \u201cnova normalidade\u201d? Veja abaixo na galeria de fotos:<\/p>\n<div class=\"aleteia-slideshow-cta\"><img decoding=\"async\" src=\"https:\/\/aleteiaportuguese.files.wordpress.com\/2020\/05\/web3-coronavirus-line-shopping-masks-people-covid-shutterstock_1708843849.jpg?quality=100&amp;strip=all&amp;w=720\" data-lazy-loaded=\"true\" \/><a class=\"open-gallery\" href=\"https:\/\/pt.aleteia.org\/slideshow\/conselhos-praticos-para-viver-o-novo-normal\/?from_post=329174\">Abrir a galeria de fotos\u00a0<\/a><\/div>\n<\/div>\n<\/div>\n<div id=\"pagination-article\" class=\"row\"><\/div>\n","protected":false},"excerpt":{"rendered":"<p>As mudan\u00e7as causadas pela pandemia de coronav\u00edrus n\u00e3o desaparecer\u00e3o t\u00e3o cedo. H\u00e1 uma lista de a\u00e7\u00f5es que teremos que incorporar ao nosso dia-a-dia Clique aqui para abrir a galeria de fotos ACovid-19 causou mudan\u00e7as que afetar\u00e3o nosso estilo de vida no futuro. Pelo menos at\u00e9 que a vacina contra o coronav\u00edrus esteja dispon\u00edvel, nosso comportamento [&hellip;]<\/p>\n","protected":false},"author":1,"featured_media":59228,"comment_status":"open","ping_status":"closed","sticky":false,"template":"","format":"standard","meta":{"footnotes":""},"categories":[4],"tags":[],"class_list":["post-59227","post","type-post","status-publish","format-standard","has-post-thumbnail","hentry","category-cotidiano"],"_links":{"self":[{"href":"https:\/\/catolicanet.net\/wp-cnet\/wp-json\/wp\/v2\/posts\/59227","targetHints":{"allow":["GET"]}}],"collection":[{"href":"https:\/\/catolicanet.net\/wp-cnet\/wp-json\/wp\/v2\/posts"}],"about":[{"href":"https:\/\/catolicanet.net\/wp-cnet\/wp-json\/wp\/v2\/types\/post"}],"author":[{"embeddable":true,"href":"https:\/\/catolicanet.net\/wp-cnet\/wp-json\/wp\/v2\/users\/1"}],"replies":[{"embeddable":true,"href":"https:\/\/catolicanet.net\/wp-cnet\/wp-json\/wp\/v2\/comments?post=59227"}],"version-history":[{"count":1,"href":"https:\/\/catolicanet.net\/wp-cnet\/wp-json\/wp\/v2\/posts\/59227\/revisions"}],"predecessor-version":[{"id":59229,"href":"https:\/\/catolicanet.net\/wp-cnet\/wp-json\/wp\/v2\/posts\/59227\/revisions\/59229"}],"wp:featuredmedia":[{"embeddable":true,"href":"https:\/\/catolicanet.net\/wp-cnet\/wp-json\/wp\/v2\/media\/59228"}],"wp:attachment":[{"href":"https:\/\/catolicanet.net\/wp-cnet\/wp-json\/wp\/v2\/media?parent=59227"}],"wp:term":[{"taxonomy":"category","embeddable":true,"href":"https:\/\/catolicanet.net\/wp-cnet\/wp-json\/wp\/v2\/categories?post=59227"},{"taxonomy":"post_tag","embeddable":true,"href":"https:\/\/catolicanet.net\/wp-cnet\/wp-json\/wp\/v2\/tags?post=59227"}],"curies":[{"name":"wp","href":"https:\/\/api.w.org\/{rel}","templated":true}]}}