{"id":59221,"date":"2020-05-15T11:33:48","date_gmt":"2020-05-15T14:33:48","guid":{"rendered":"https:\/\/catolicanet.net\/wp-cnet\/?p=59221"},"modified":"2020-05-15T18:34:41","modified_gmt":"2020-05-15T21:34:41","slug":"faleceu-dom-czeslaw-stanula-bispo-emerito-de-itabuna-ba-aos-80-anos","status":"publish","type":"post","link":"https:\/\/catolicanet.net\/wp-cnet\/faleceu-dom-czeslaw-stanula-bispo-emerito-de-itabuna-ba-aos-80-anos\/","title":{"rendered":"Faleceu dom Czeslaw Stanula, bispo em\u00e9rito de Itabuna (BA), aos 80 anos"},"content":{"rendered":"<p style=\"text-align: justify;\">Faleceu na noite desta quinta-feira, 14 de maio, o bispo em\u00e9rito de Itabuna (BA), dom Czeslaw Stanula, aos 80 anos. O prelado estava internado no Hospital Jorge Valente, em Salvador (BA), desde o \u00faltimo dia 6, v\u00edtima de choque s\u00e9ptico, pneumonia, chicungunha e neoplasia da pr\u00f3stata. O velo\u0301rio e sepultamento ocorrerem hoje, 15, de forma restrita, a\u0300s 15h, no Cemite\u0301rio Jardim da Saudade, no Bairro de Brotas, na capital baiana.<\/p>\n<h3 style=\"text-align: justify;\"><strong>Biografia<\/strong><\/h3>\n<div class=\"wp-caption alignleft\" style=\"text-align: justify;\"><img loading=\"lazy\" decoding=\"async\" class=\"mfp-img\" src=\"http:\/\/diocesedeitabuna.com.br\/wp-content\/uploads\/2017\/06\/DOMCESLAU.jpg\" alt=\"\" width=\"257\" height=\"171\" \/><\/p>\n<p class=\"wp-caption-text\"><em>Dom Czeslaw Stanula | Foto: diocese de Itabuna<\/em><\/p>\n<\/div>\n<p style=\"text-align: justify;\">Mission\u00e1rio Redentorista, dom Czeslaw Stanula nasceu em 7 de mar\u00e7o de 1940, Szerzyny, na Pol\u00f4nia. Chegou ao Brasil no dia 12 de abril de 1972. Em Bom Jesus da Lapa (BA), ocupou as fun\u00e7\u00f5es de Superior da Miss\u00e3o Redentorista da Bahia por nove anos. Foi reitor do Santu\u00e1rio de Bom Jesus da Lapa, p\u00e1roco, vig\u00e1rio geral da diocese, professor do Col\u00e9gio de S\u00e3o Vicente, diretor da Gr\u00e1fica \u201cBom Jesus\u201d, assistente eclesi\u00e1stico e orientador da Congrega\u00e7\u00e3o das Filhas de F\u00e1tima e pregador das Santas Miss\u00f5es Populares. Neste per\u00edodo, escreveu um pequeno \u201cCatecismo Popular\u201d.<\/p>\n<p style=\"text-align: justify;\">Em Salvador, atuou na comunidade de S\u00e3o L\u00e1zaro e par\u00f3quia da Ressurrei\u00e7\u00e3o, no bairro Ondina. Teve atua\u00e7\u00f5es como vig\u00e1rio paroquial e diretor espiritual do Encontro dos Casais com Cristo (ECC) e do \u201cGrupo Repartir\u201d. Tamb\u00e9m dedicou-se \u00e0 Pastoral Familiar, trabalhou como professor na Escola Superior de F\u00e9 e Catequese \u201cLumen Christi\u201d, superior da Comunidade Redentorista de S\u00e3o L\u00e1zaro e p\u00e1roco da par\u00f3quia de Ondina.<\/p>\n<p style=\"text-align: justify;\">Foi nomeado bispo diocesano de Floresta (PE), pelo Papa Jo\u00e3o Paulo II, no dia 23 de agosto de 1989. Escolheu como lema\u00a0<em>\u201cVox Clamantis in Deserto\u201d<\/em>\u00a0(Voz que Clama no Deserto).\u00a0Atuou como animador da Vida Consagrada no Regional Nordeste 2 da CNBB e foi membro da Comiss\u00e3o Episcopal de Pastoral no regional, onde tamb\u00e9m foi o respons\u00e1vel pela Fam\u00edlia e pela Comunica\u00e7\u00e3o. Em 1997, foi nomeado bispo da diocese de Itabuna (BA), tomou posse no dia 26 de outubro daquele ano. Ali, exerceu seu minist\u00e9rio episcopal por 20 anos, at\u00e9 que se tornou bispo em\u00e9rito, em 2017. No regional Nordeste 3 da CNBB, foi bispo referencial da Pastoral Familiar, dos Leigos e da Renova\u00e7\u00e3o Carism\u00e1tica, e tamb\u00e9m presidente.<\/p>\n<p style=\"text-align: justify;\">Desde que tornou-se em\u00e9rito, retornou para a Congrega\u00e7\u00e3o Redentorista, residindo na Comunidade Redentorista Santo Afonso, em Salvador (BA), e colaborado com as celebra\u00e7\u00f5es na par\u00f3quia da Ressurrei\u00e7\u00e3o do Senhor e no Carmelo da Bahia.<\/p>\n","protected":false},"excerpt":{"rendered":"<p>Faleceu na noite desta quinta-feira, 14 de maio, o bispo em\u00e9rito de Itabuna (BA), dom Czeslaw Stanula, aos 80 anos. O prelado estava internado no Hospital Jorge Valente, em Salvador (BA), desde o \u00faltimo dia 6, v\u00edtima de choque s\u00e9ptico, pneumonia, chicungunha e neoplasia da pr\u00f3stata. O velo\u0301rio e sepultamento ocorrerem hoje, 15, de forma [&hellip;]<\/p>\n","protected":false},"author":1,"featured_media":59222,"comment_status":"open","ping_status":"closed","sticky":false,"template":"","format":"standard","meta":{"footnotes":""},"categories":[7],"tags":[],"class_list":["post-59221","post","type-post","status-publish","format-standard","has-post-thumbnail","hentry","category-cnbb"],"_links":{"self":[{"href":"https:\/\/catolicanet.net\/wp-cnet\/wp-json\/wp\/v2\/posts\/59221","targetHints":{"allow":["GET"]}}],"collection":[{"href":"https:\/\/catolicanet.net\/wp-cnet\/wp-json\/wp\/v2\/posts"}],"about":[{"href":"https:\/\/catolicanet.net\/wp-cnet\/wp-json\/wp\/v2\/types\/post"}],"author":[{"embeddable":true,"href":"https:\/\/catolicanet.net\/wp-cnet\/wp-json\/wp\/v2\/users\/1"}],"replies":[{"embeddable":true,"href":"https:\/\/catolicanet.net\/wp-cnet\/wp-json\/wp\/v2\/comments?post=59221"}],"version-history":[{"count":1,"href":"https:\/\/catolicanet.net\/wp-cnet\/wp-json\/wp\/v2\/posts\/59221\/revisions"}],"predecessor-version":[{"id":59223,"href":"https:\/\/catolicanet.net\/wp-cnet\/wp-json\/wp\/v2\/posts\/59221\/revisions\/59223"}],"wp:featuredmedia":[{"embeddable":true,"href":"https:\/\/catolicanet.net\/wp-cnet\/wp-json\/wp\/v2\/media\/59222"}],"wp:attachment":[{"href":"https:\/\/catolicanet.net\/wp-cnet\/wp-json\/wp\/v2\/media?parent=59221"}],"wp:term":[{"taxonomy":"category","embeddable":true,"href":"https:\/\/catolicanet.net\/wp-cnet\/wp-json\/wp\/v2\/categories?post=59221"},{"taxonomy":"post_tag","embeddable":true,"href":"https:\/\/catolicanet.net\/wp-cnet\/wp-json\/wp\/v2\/tags?post=59221"}],"curies":[{"name":"wp","href":"https:\/\/api.w.org\/{rel}","templated":true}]}}