{"id":59204,"date":"2020-05-14T13:00:15","date_gmt":"2020-05-14T16:00:15","guid":{"rendered":"https:\/\/catolicanet.net\/wp-cnet\/?p=59204"},"modified":"2020-05-14T13:00:15","modified_gmt":"2020-05-14T16:00:15","slug":"o-que-dizem-em-silencio-os-olhos-puros-dos-tres-pastorinhos-de-fatima","status":"publish","type":"post","link":"https:\/\/catolicanet.net\/wp-cnet\/o-que-dizem-em-silencio-os-olhos-puros-dos-tres-pastorinhos-de-fatima\/","title":{"rendered":"O que dizem, em sil\u00eancio, os olhos puros dos tr\u00eas pastorinhos de F\u00e1tima?"},"content":{"rendered":"<h2 class=\"subtitle\">S\u00e3o olhos que contemplaram a Sant\u00edssima Virgem Maria. O que esses olhares dizem \u00e0 sua alma?<\/h2>\n<div class=\"base-post-content\">O<strong>pe. Gabriel Vila Verde<\/strong>\u00a0compartilhou em seu\u00a0<a href=\"https:\/\/web.facebook.com\/gabriel.vilaverde\/posts\/2948188451968413\" target=\"_blank\" rel=\"noopener noreferrer\">Facebook<\/a>\u00a0as fotos dos tr\u00eas\u00a0<strong>pastorinhos de F\u00e1tima<\/strong>\u00a0com uma \u00fanica frase como legenda. Mas \u00e9 uma frase que diz muito:<\/p>\n<blockquote><p><em>\u201cBenditos sejam os olhos destas crian\u00e7as!!!\u201d<\/em><\/p><\/blockquote>\n<p>Os coment\u00e1rios dos leitores complementam:<\/p>\n<blockquote><p><em>\u201cAm\u00e9m, am\u00e9m! Pois contemplaram a Sant\u00edssima Virgem Maria\u201d<\/em><\/p>\n<p><em>\u201cOlhos que viram nossa M\u00e3ezinha do C\u00e9u\u2026Salve Maria!!!\u201d<\/em><\/p>\n<p><em>\u201cQueria ter tido a gra\u00e7a de ser pelo menos Francisco q s\u00f3 via a Virgem Maria! Santos pastorinhos de F\u00e1tima, rogai por n\u00f3s. Nossa Senhora do Ros\u00e1rio de F\u00e1tima, rogai por n\u00f3s\u201d<\/em><\/p>\n<p><em>\u201cOs olhos de Santa Jacinta parecem entrar em nossa alma e nos fazer chorar de vergonha de nossos pecados!\u201d<\/em><\/p><\/blockquote>\n<\/div>\n","protected":false},"excerpt":{"rendered":"<p>S\u00e3o olhos que contemplaram a Sant\u00edssima Virgem Maria. O que esses olhares dizem \u00e0 sua alma? Ope. Gabriel Vila Verde\u00a0compartilhou em seu\u00a0Facebook\u00a0as fotos dos tr\u00eas\u00a0pastorinhos de F\u00e1tima\u00a0com uma \u00fanica frase como legenda. Mas \u00e9 uma frase que diz muito: \u201cBenditos sejam os olhos destas crian\u00e7as!!!\u201d Os coment\u00e1rios dos leitores complementam: \u201cAm\u00e9m, am\u00e9m! Pois contemplaram a [&hellip;]<\/p>\n","protected":false},"author":1,"featured_media":59205,"comment_status":"open","ping_status":"closed","sticky":false,"template":"","format":"standard","meta":{"footnotes":""},"categories":[4],"tags":[],"class_list":["post-59204","post","type-post","status-publish","format-standard","has-post-thumbnail","hentry","category-cotidiano"],"_links":{"self":[{"href":"https:\/\/catolicanet.net\/wp-cnet\/wp-json\/wp\/v2\/posts\/59204","targetHints":{"allow":["GET"]}}],"collection":[{"href":"https:\/\/catolicanet.net\/wp-cnet\/wp-json\/wp\/v2\/posts"}],"about":[{"href":"https:\/\/catolicanet.net\/wp-cnet\/wp-json\/wp\/v2\/types\/post"}],"author":[{"embeddable":true,"href":"https:\/\/catolicanet.net\/wp-cnet\/wp-json\/wp\/v2\/users\/1"}],"replies":[{"embeddable":true,"href":"https:\/\/catolicanet.net\/wp-cnet\/wp-json\/wp\/v2\/comments?post=59204"}],"version-history":[{"count":1,"href":"https:\/\/catolicanet.net\/wp-cnet\/wp-json\/wp\/v2\/posts\/59204\/revisions"}],"predecessor-version":[{"id":59206,"href":"https:\/\/catolicanet.net\/wp-cnet\/wp-json\/wp\/v2\/posts\/59204\/revisions\/59206"}],"wp:featuredmedia":[{"embeddable":true,"href":"https:\/\/catolicanet.net\/wp-cnet\/wp-json\/wp\/v2\/media\/59205"}],"wp:attachment":[{"href":"https:\/\/catolicanet.net\/wp-cnet\/wp-json\/wp\/v2\/media?parent=59204"}],"wp:term":[{"taxonomy":"category","embeddable":true,"href":"https:\/\/catolicanet.net\/wp-cnet\/wp-json\/wp\/v2\/categories?post=59204"},{"taxonomy":"post_tag","embeddable":true,"href":"https:\/\/catolicanet.net\/wp-cnet\/wp-json\/wp\/v2\/tags?post=59204"}],"curies":[{"name":"wp","href":"https:\/\/api.w.org\/{rel}","templated":true}]}}