{"id":5918,"date":"2015-06-29T14:10:41","date_gmt":"2015-06-29T17:10:41","guid":{"rendered":"http:\/\/catolicanet.net\/wp-cnet\/papa-pedro-e-paulo-companheiros-de-viagem-na-busca-de-deus\/"},"modified":"2017-04-10T11:25:22","modified_gmt":"2017-04-10T14:25:22","slug":"papa-pedro-e-paulo-companheiros-de-viagem-na-busca-de-deus","status":"publish","type":"post","link":"https:\/\/catolicanet.net\/wp-cnet\/papa-pedro-e-paulo-companheiros-de-viagem-na-busca-de-deus\/","title":{"rendered":"Papa: Pedro e Paulo companheiros de viagem na busca de Deus"},"content":{"rendered":"<p style=\"text-align: justify;\"><img decoding=\"async\" src=\"http:\/\/catolicanet.com.br\/images\/stories\/geral\/papapedroepaulo.jpg\" border=\"0\" align=\"left\" \/>Na alocu\u00e7\u00e3o do meio-dia, falando \u00e0 multid\u00e3o congregada na Pra\u00e7a de S\u00e3o Pedro para a ora\u00e7\u00e3o mariana do Angelus, o Santo Padre recordou antes de tudo que a solenidade dos santos Pedro e Paulo que hoje \u00e9 celebrada pela Igreja universal \u00e9 vivida com particular alegria pela Igreja de Roma porque no testemunho destes ap\u00f3stolos, selado pelo sangue, essa tem os seus pr\u00f3prios fundamentos:<\/p>\n<p>\u201cRoma nutre um carinho especial e gratid\u00e3o por estes homens de Deus, vindos de uma terra distante para anunciar, pagando com a vida, aquele Evangelho de Cristo ao qual se tinham dedicado inteiramente. A gloriosa heran\u00e7a destes dois Ap\u00f3stolos \u00e9 motivo de orgulho espiritual para Roma e, ao mesmo tempo, um chamamento a viver as virtudes crist\u00e3s, especialmente a f\u00e9 e a caridade: a f\u00e9 em Jesus Messias e Filho de Deus, que Pedro professou em primeiro lugar e Paulo anunciou aos gentios; e a caridade que esta igreja \u00e9 chamada a servir com horizonte universal\u201d.<\/p>\n<p>Na ora\u00e7\u00e3o do Angelus, continuou o Papa Francisco, \u00e0 mem\u00f3ria dos santos Pedro e Paulo associamos a da Virgem Maria, imagem viva da Igreja, que os dois Ap\u00f3stolos fecundaram com o seu sangue:<\/p>\n<p>\u201cNa evangeliza\u00e7\u00e3o dos dois Ap\u00f3stolos aqui em Roma, est\u00e3o tamb\u00e9m as ra\u00edzes da profunda e multisecular devo\u00e7\u00e3o dos romanos \u00e0 Virgem, invocada especialmente como Salus Populi Romani. Maria, Pedro e Paulo: s\u00e3o os nossos companheiros de viagem na busca de Deus; s\u00e3o os nossos guias no caminho da f\u00e9 e da santidade. Invoquemos a sua ajuda, para que o nosso cora\u00e7\u00e3o seja sempre aberto \u00e0s sugest\u00f5es do Esp\u00edrito Santo e ao encontro com os irm\u00e3os\u201d.<\/p>\n<p>Em seguida Francisco recordou a b\u00ean\u00e7\u00e3o dos P\u00e1lios (durante a celebra\u00e7\u00e3o eucar\u00edstica na Bas\u00edlica de S\u00e3o Pedro), destinados aos Arcebispos metropolitas nomeados durante o ano, e provenientes de v\u00e1rias partes do mundo. O Papa renovou as suas sauda\u00e7\u00f5es e melhores votos a eles, aos familiares e aqueles que os acompanham nesta significativa circunst\u00e2ncia, com a esperan\u00e7a de que o p\u00e1lio, para al\u00e9m aumentar os v\u00ednculos de comunh\u00e3o com a S\u00e9 de Pedro, seja tamb\u00e9m est\u00edmulo para um servi\u00e7o cada vez mais generoso \u00e0s pessoas confiadas a seu zelo pastoral.<\/p>\n<p>Na mesma liturgia o Papa tamb\u00e9m saudou os membros da delega\u00e7\u00e3o de Constantinopla vinda a Roma em nome do Patriarca Ecum\u00e9nico Bartolomeu I e para participar, como todos os anos, na festa dos santos Pedro e Paulo. Tamb\u00e9m esta presen\u00e7a \u00e9 sinal dos v\u00ednculos fraternos existentes entre as nossas Igrejas, rezemos para que se reforce entre n\u00f3s o caminho da unidade \u2013 disse o Papa Francisco, que acrescentou:<\/p>\n<p>\u201cA nossa ora\u00e7\u00e3o hoje \u00e9 sobretudo para a cidade de Roma, para o seu bem estar espiritual e material: a gra\u00e7a divina ampare todo o povo romano, para que viva em plenitude a f\u00e9 crist\u00e3, testemunhada com zelo intr\u00e9pido pelos santos Pedro e Paulo. Interceda por n\u00f3s a Sant\u00edssima Virgem, Rainha dos Ap\u00f3stolos\u201d.<\/p>\n<p>Depois do Angelus o Papa dirigiu uma cordial sauda\u00e7\u00e3o a todos: fam\u00edlias, par\u00f3quias, associa\u00e7\u00f5es e outros fi\u00e9is e peregrinos vindos da It\u00e1lia e das v\u00e1rias partes do mundo; mas particularmente o Papa saudou os fi\u00e9is de Roma, na festa dos santos padroeiros da cidade!<\/p>\n<p>E felicitou os artistas que fizeram uma grande e bela exibi\u00e7\u00e3o floral, e agradeceu a &#8220;Pro Loco&#8221; de Roma que a promoveu. E por \u00faltimo o Papa tamb\u00e9m dirigiu os melhores votos para o tradicional espect\u00e1culo pirot\u00e9cnico que tem lugar esta noite no Castel Sant&#8217;Angelo, aqui em Roma, e cujos rendimentos servir\u00e3o para apoiar uma iniciativa de caridade na Terra Santa e no M\u00e9dio Oriente. E a prop\u00f3sito da pr\u00f3xima Viagem Apost\u00f3lica \u00e0 Am\u00e9rica Latina, o Papa acrescentou:<\/p>\n<p>&#8220;Na pr\u00f3xima semana, de 5 a 13 de julho, parto para o Equador, Bol\u00edvia e Paraguai. Pe\u00e7o-vos a todos para me acompanhardes com a ora\u00e7\u00e3o, para que o Senhor aben\u00e7oe esta minha viagem no Continente da Am\u00e9rica Latina, para mim t\u00e3o querido, como podeis imaginar. Exprimo ao querido povo do Equador, da Bol\u00edvia e do Paraguai a minha alegria de me encontrar entre eles. E pe\u00e7o a v\u00f3s, de modo particular, para rezardes para mim e para esta viagem, para que a Virgem Maria nos d\u00ea a gra\u00e7a de acompanhar-nos a todos com a sua materna protec\u00e7\u00e3o&#8221;.<\/p>\n<p>A terminar o Papa Francisco desejou boas festas a todos. E pediu por favor para n\u00e3o nos esquecermos de rezar por ele, e concluiu com o habitual \u201cBom almo\u00e7o e at\u00e9 logo!\u201d<\/p>\n<p style=\"text-align: justify;\">\u00a0<\/p>\n<p style=\"text-align: justify;\">Fonte: R\u00e1dio Vaticano<\/p>\n","protected":false},"excerpt":{"rendered":"<p>Na alocu\u00e7\u00e3o do meio-dia, falando \u00e0 multid\u00e3o congregada na Pra\u00e7a de S\u00e3o Pedro para a ora\u00e7\u00e3o mariana do Angelus, o Santo Padre recordou antes de tudo que a solenidade dos santos Pedro e Paulo que hoje \u00e9 celebrada pela Igreja universal \u00e9 vivida com particular alegria pela Igreja de Roma porque no testemunho destes ap\u00f3stolos, [&hellip;]<\/p>\n","protected":false},"author":1,"featured_media":0,"comment_status":"closed","ping_status":"closed","sticky":false,"template":"","format":"standard","meta":{"footnotes":""},"categories":[3],"tags":[],"class_list":["post-5918","post","type-post","status-publish","format-standard","hentry","category-vaticano"],"_links":{"self":[{"href":"https:\/\/catolicanet.net\/wp-cnet\/wp-json\/wp\/v2\/posts\/5918","targetHints":{"allow":["GET"]}}],"collection":[{"href":"https:\/\/catolicanet.net\/wp-cnet\/wp-json\/wp\/v2\/posts"}],"about":[{"href":"https:\/\/catolicanet.net\/wp-cnet\/wp-json\/wp\/v2\/types\/post"}],"author":[{"embeddable":true,"href":"https:\/\/catolicanet.net\/wp-cnet\/wp-json\/wp\/v2\/users\/1"}],"replies":[{"embeddable":true,"href":"https:\/\/catolicanet.net\/wp-cnet\/wp-json\/wp\/v2\/comments?post=5918"}],"version-history":[{"count":1,"href":"https:\/\/catolicanet.net\/wp-cnet\/wp-json\/wp\/v2\/posts\/5918\/revisions"}],"predecessor-version":[{"id":10790,"href":"https:\/\/catolicanet.net\/wp-cnet\/wp-json\/wp\/v2\/posts\/5918\/revisions\/10790"}],"wp:attachment":[{"href":"https:\/\/catolicanet.net\/wp-cnet\/wp-json\/wp\/v2\/media?parent=5918"}],"wp:term":[{"taxonomy":"category","embeddable":true,"href":"https:\/\/catolicanet.net\/wp-cnet\/wp-json\/wp\/v2\/categories?post=5918"},{"taxonomy":"post_tag","embeddable":true,"href":"https:\/\/catolicanet.net\/wp-cnet\/wp-json\/wp\/v2\/tags?post=5918"}],"curies":[{"name":"wp","href":"https:\/\/api.w.org\/{rel}","templated":true}]}}