{"id":59144,"date":"2020-05-12T12:11:25","date_gmt":"2020-05-12T15:11:25","guid":{"rendered":"https:\/\/catolicanet.net\/wp-cnet\/?p=59144"},"modified":"2020-05-12T12:11:25","modified_gmt":"2020-05-12T15:11:25","slug":"uma-breve-oracao-de-protecao-para-recitar-ao-sair-de-casa","status":"publish","type":"post","link":"https:\/\/catolicanet.net\/wp-cnet\/uma-breve-oracao-de-protecao-para-recitar-ao-sair-de-casa\/","title":{"rendered":"Uma breve ora\u00e7\u00e3o de prote\u00e7\u00e3o para recitar ao sair de casa"},"content":{"rendered":"<h2 class=\"subtitle\" style=\"text-align: justify;\">O desconfinamento ainda n\u00e3o come\u00e7ou, mas nos pr\u00f3ximos meses as pessoas ir\u00e3o pouco a pouco retornar a sua vida ativa. Infelizmente o Covid-19 ainda n\u00e3o desapareceu e o perigo ainda \u00e9 eminente. Para se armar espiritualmente, aqui est\u00e1 uma pequena ora\u00e7\u00e3o vinda da tradi\u00e7\u00e3o ortodoxa a qual podemos rezar antes de sair de casa<\/h2>\n<div class=\"base-post-content\">\n<p class=\"p6\" style=\"text-align: justify;\"><span class=\"s1\">Ap\u00f3s v\u00e1rias semanas de confinamento, sentimos uma forte sensa\u00e7\u00e3o de ansiedade e incerteza. Nesta situa\u00e7\u00e3o fr\u00e1gil, apenas a ora\u00e7\u00e3o pode nos ajudar. Durante a Sexta-feira Santa os crist\u00e3os revivem a crucifica\u00e7\u00e3o, a paix\u00e3o e a morte de Jesus na cruz. Recordamos tamb\u00e9m do bom ladr\u00e3o, que clamou a Jesus das profundezas de sua mis\u00e9ria e colocou toda a sua esperan\u00e7a unicamente na cruz de Jesus. E \u00e9 isso que \u00e9 pedido a todo aquele que tem f\u00e9: deposite sua esperan\u00e7a na cruz de Jesus. Por isso, a fim de se proteger de todo mal, podemos rezar \u00e0 Cruz de Cristo.<\/span><\/p>\n<p class=\"p6\" style=\"text-align: justify;\"><span class=\"s1\">Na tradi\u00e7\u00e3o lit\u00fargica ortodoxa, quatro of\u00edcios s\u00e3o dedicados \u00e0 Cruz do Senhor durante o ano lit\u00fargico. H\u00e1 tamb\u00e9m uma longa ora\u00e7\u00e3o \u00e0 Cruz \u2013 \u201cQue Deus se levante\u201d \u2013 cujas origens s\u00e3o derivadas dos salmos do rei Davi e da hinografia pascal da Igreja Oriental. O livro de ora\u00e7\u00f5es ortodoxas aconselha a recitar essa ora\u00e7\u00e3o durante os ataques de inimigos vis\u00edveis e invis\u00edveis, mas tamb\u00e9m em situa\u00e7\u00f5es de ang\u00fastia (epidemias, desastres naturais, inc\u00eandios, inunda\u00e7\u00f5es, etc). Alguns fi\u00e9is costumavam fixar uma breve vers\u00e3o dessa ora\u00e7\u00e3o na entrada de suas casas e recit\u00e1-la antes de sair para se protegerem de todo o mal:<\/span><\/p>\n<blockquote>\n<p class=\"p6\" style=\"text-align: justify;\"><span class=\"s1\"><i>Guarda-me, Senhor,<\/i><\/span><\/p>\n<p class=\"p6\" style=\"text-align: justify;\"><span class=\"s1\"><i>pela for\u00e7a da tua preciosa<\/i><\/span><\/p>\n<p class=\"p6\" style=\"text-align: justify;\"><span class=\"s1\"><i>e revigorante Cruz<\/i><\/span><\/p>\n<p class=\"p6\" style=\"text-align: justify;\"><span class=\"s1\"><i>e salva-me de todo mal.<\/i><\/span><\/p>\n<p class=\"p6\" style=\"text-align: justify;\"><span class=\"s1\"><i>Am\u00e9m<\/i><\/span><\/p>\n<\/blockquote>\n<\/div>\n","protected":false},"excerpt":{"rendered":"<p>O desconfinamento ainda n\u00e3o come\u00e7ou, mas nos pr\u00f3ximos meses as pessoas ir\u00e3o pouco a pouco retornar a sua vida ativa. Infelizmente o Covid-19 ainda n\u00e3o desapareceu e o perigo ainda \u00e9 eminente. Para se armar espiritualmente, aqui est\u00e1 uma pequena ora\u00e7\u00e3o vinda da tradi\u00e7\u00e3o ortodoxa a qual podemos rezar antes de sair de casa Ap\u00f3s [&hellip;]<\/p>\n","protected":false},"author":1,"featured_media":59145,"comment_status":"open","ping_status":"closed","sticky":false,"template":"","format":"standard","meta":{"footnotes":""},"categories":[4],"tags":[],"class_list":["post-59144","post","type-post","status-publish","format-standard","has-post-thumbnail","hentry","category-cotidiano"],"_links":{"self":[{"href":"https:\/\/catolicanet.net\/wp-cnet\/wp-json\/wp\/v2\/posts\/59144","targetHints":{"allow":["GET"]}}],"collection":[{"href":"https:\/\/catolicanet.net\/wp-cnet\/wp-json\/wp\/v2\/posts"}],"about":[{"href":"https:\/\/catolicanet.net\/wp-cnet\/wp-json\/wp\/v2\/types\/post"}],"author":[{"embeddable":true,"href":"https:\/\/catolicanet.net\/wp-cnet\/wp-json\/wp\/v2\/users\/1"}],"replies":[{"embeddable":true,"href":"https:\/\/catolicanet.net\/wp-cnet\/wp-json\/wp\/v2\/comments?post=59144"}],"version-history":[{"count":1,"href":"https:\/\/catolicanet.net\/wp-cnet\/wp-json\/wp\/v2\/posts\/59144\/revisions"}],"predecessor-version":[{"id":59146,"href":"https:\/\/catolicanet.net\/wp-cnet\/wp-json\/wp\/v2\/posts\/59144\/revisions\/59146"}],"wp:featuredmedia":[{"embeddable":true,"href":"https:\/\/catolicanet.net\/wp-cnet\/wp-json\/wp\/v2\/media\/59145"}],"wp:attachment":[{"href":"https:\/\/catolicanet.net\/wp-cnet\/wp-json\/wp\/v2\/media?parent=59144"}],"wp:term":[{"taxonomy":"category","embeddable":true,"href":"https:\/\/catolicanet.net\/wp-cnet\/wp-json\/wp\/v2\/categories?post=59144"},{"taxonomy":"post_tag","embeddable":true,"href":"https:\/\/catolicanet.net\/wp-cnet\/wp-json\/wp\/v2\/tags?post=59144"}],"curies":[{"name":"wp","href":"https:\/\/api.w.org\/{rel}","templated":true}]}}