{"id":59138,"date":"2020-05-12T12:08:06","date_gmt":"2020-05-12T15:08:06","guid":{"rendered":"https:\/\/catolicanet.net\/wp-cnet\/?p=59138"},"modified":"2020-05-12T12:08:06","modified_gmt":"2020-05-12T15:08:06","slug":"estas-chaves-te-permitirao-compreender-o-terceiro-segredo-de-fatima","status":"publish","type":"post","link":"https:\/\/catolicanet.net\/wp-cnet\/estas-chaves-te-permitirao-compreender-o-terceiro-segredo-de-fatima\/","title":{"rendered":"Estas chaves te permitir\u00e3o compreender o \u201cterceiro segredo\u201d de F\u00e1tima"},"content":{"rendered":"<p style=\"text-align: justify;\">As apari\u00e7\u00f5es da Virgem de F\u00e1tima s\u00e3o conhecidas pelo \u201csegredo\u201d \u2013 dividido em tr\u00eas partes \u2013 que foi divulgado \u00e0 humanidade.<\/p>\n<p style=\"text-align: justify;\">Dessas tr\u00eas partes, a mais famosa \u00e9 a terceira, conhecida normalmente como o \u201cterceiro segredo\u201d e mantida de maneira confidencial no Vaticano at\u00e9 o ano 2000, quando S\u00e3o Jo\u00e3o Paulo II decidiu public\u00e1-lo ao mundo inteiro.<\/p>\n<p style=\"text-align: justify;\">A seguir, apresentamos 8 chaves para compreender este \u201cterceiro segredo\u201d:<\/p>\n<p style=\"text-align: justify;\"><strong>1. Qual \u00e9 a terceira parte do segredo ou \u201cterceiro segredo\u201d?<\/strong><\/p>\n<p style=\"text-align: justify;\">Isto \u00e9 o que Irm\u00e3 L\u00facia escreveu:<\/p>\n<p style=\"text-align: justify;\">\u201cDepois das duas partes que j\u00e1 expus, vimos ao lado esquerdo de Nossa Senhora um pouco mais alto um Anjo com uma espada de fogo em a m\u00e3o esquerda; ao cintilar, despedia chamas que parecia que iam incendiar o mundo; mas apagavam-se com o contato do brilho que da m\u00e3o direita expedia Nossa Senhora ao seu encontro: O Anjo apontando com a m\u00e3o direita para a terra, com voz forte disse: Penit\u00eancia, Penit\u00eancia, Penit\u00eancia! E vimos numa luz imensa que \u00e9 Deus: \u2018algo semelhante a como se veem as pessoas num espelho quando lhe passam por diante\u2019 um Bispo vestido de Branco \u2018tivemos o pressentimento de que era o Santo Padre\u2019. V\u00e1rios outros\u00a0<a href=\"https:\/\/www.acidigital.com\/igreja\/bispos.htm\">Bispos<\/a>, Sacerdotes, religiosos e religiosas subiam uma escabrosa montanha, no cimo da qual estava uma grande Cruz de troncos toscos como se fora de sobreiro com a casca; o Santo Padre, antes de chegar a\u00ed, atravessou uma grande cidade meia em ru\u00ednas, e meio tr\u00eamulo com andar vacilante, acabrunhado de dor e pena, ia orando pelas almas dos cad\u00e1veres que encontrava pelo caminho; chegado ao cimo do monte, prostrado de joelhos aos p\u00e9s da grande Cruz foi morto por um grupo de soldados que lhe dispararam v\u00e1rios tiros e setas, e assim mesmo foram morrendo uns ap\u00f3s outro os Bispos Sacerdotes, religiosos e religiosas e v\u00e1rias pessoas seculares, cavalheiros e senhoras de v\u00e1rias classes e posi\u00e7\u00f5es. Sob os dois bra\u00e7os da Cruz estavam dois Anjos cada um com um regador de cristal em m\u00e3o, neles recolhiam o sangue dos M\u00e1rtires e com ele regavam as almas que se aproximavam de Deus\u201d.<\/p>\n<p style=\"text-align: justify;\"><strong>2. A que se refere o segredo?<\/strong><\/p>\n<p style=\"text-align: justify;\">Em uma carta escrita no dia 12 maio de 1982 dirigida a S\u00e3o Jo\u00e3o Paulo II, Irm\u00e3 L\u00facia escreveu:<\/p>\n<p style=\"text-align: justify;\">\u201cA terceira parte do segredo \u00e9 uma revela\u00e7\u00e3o simb\u00f3lica, que se refere a este trecho da Mensagem, condicionada ao facto de aceitarmos ou n\u00e3o o que a Mensagem nos pede: \u2018Se atenderem a meus pedidos, a R\u00fassia converter-se-\u00e1 e ter\u00e3o paz; se n\u00e3o, espalhar\u00e1 os seus erros pelo mundo, causando guerras e persegui\u00e7\u00f5es \u00e0\u00a0<a href=\"https:\/\/www.acidigital.com\/igreja\/index.html\">Igreja<\/a>. Os bons ser\u00e3o martirizados, o Santo Padre ter\u00e1 que sofrer muito, v\u00e1rias na\u00e7\u00f5es ser\u00e3o aniquiladas\u2019\u201d.<\/p>\n<p style=\"text-align: justify;\">Em termos gerais, a terceira parte do segredo se refere ao conflito do s\u00e9culo XX entre a Igreja e a R\u00fassia comunista.<\/p>\n<p style=\"text-align: justify;\"><strong>3. O que simboliza o anjo com a espada de fogo?<\/strong><\/p>\n<p style=\"text-align: justify;\">O anjo com a espada de fogo representa o julgamento que cairia sobre o mundo se n\u00e3o fosse pela intercess\u00e3o de Maria (que irradia a luz que det\u00e9m a espada de fogo).<\/p>\n<p style=\"text-align: justify;\">Durante muitos anos houve rumores de que a terceira parte do segredo era acerca da possibilidade de uma guerra nuclear. Se h\u00e1 algo no texto que sugere isto, \u00e9 o fogo da espada que a Irm\u00e3 L\u00facia descreveu como algo que \u201cdeixaria o mundo em chamas\u201d.<\/p>\n<p style=\"text-align: justify;\">Na Escritura, o fogo pode ser uma imagem de julgamento ou de conflito em geral. Em seu coment\u00e1rio sobre a espada de fogo sustentada pelo anjo, o Cardeal Ratzinger parece fazer men\u00e7\u00e3o a uma guerra nuclear:<\/p>\n<p style=\"text-align: justify;\">\u201cA possibilidade que este acabe reduzido a cinzas num mar de chamas, hoje j\u00e1 n\u00e3o aparece de forma alguma como pura fantasia: o pr\u00f3prio homem preparou, com suas inven\u00e7\u00f5es, a espada de fogo\u201d. (Coment\u00e1rio Teol\u00f3gico)<\/p>\n<p style=\"text-align: justify;\">Durante a consagra\u00e7\u00e3o do mundo ao Imaculado Cora\u00e7\u00e3o de Maria em 1984, a segunda prece de S\u00e3o Jo\u00e3o Paulo II foi:<\/p>\n<p style=\"text-align: justify;\">\u201cDa incalcul\u00e1vel autodestrui\u00e7\u00e3o, de todo tipo de guerra, livrai-nos\u201d. (Cardeal Angelo Sodano)<\/p>\n<p style=\"text-align: justify;\"><strong>4. O que representa o bispo vestido de branco e sua viagem?<\/strong><\/p>\n<p style=\"text-align: justify;\">O terceiro segredo revela que os videntes, logo depois de ver uma imensa luz proveniente de Deus, tiveram \u201co pressentimento de ver o Papa\u201d. Al\u00e9m disso, o Santo Padre junto a outras pessoas subiu uma montanha elevada \u201cem cuja c\u00fapula havia uma grande Cruz de troncos toscos\u201d.<\/p>\n<p style=\"text-align: justify;\">As montanhas s\u00e3o lugares tradicionais onde o homem se encontra com Deus, a dif\u00edcil escalada de uma montanha significa a perseveran\u00e7a necess\u00e1ria para seguir Deus. A robustez da cruz representada na vis\u00e3o simboliza a intensidade dos sofrimentos de Cristo e quem os compartilha.<\/p>\n<p style=\"text-align: justify;\">A viagem do Papa e seus acompanhantes \u201catrav\u00e9s da cidade em ru\u00ednas\u201d sugere que a Igreja dever\u00e1 atravessar a destrui\u00e7\u00e3o causada pela guerra e que se refere ao sofrimento do Pont\u00edfice, pois \u00e9 incapaz de det\u00ea-la. Isto reflete a experi\u00eancia de muitos Papas do s\u00e9culo XX.<\/p>\n<p style=\"text-align: justify;\"><strong>5. O que significa a aparente morte do bispo vestido de branco?<\/strong><\/p>\n<p style=\"text-align: justify;\">Isto parece fazer refer\u00eancia \u00e0 tentativa de assassinato de S\u00e3o Jo\u00e3o Paulo II, no dia 13 de maio de 1981, no anivers\u00e1rio da primeira apari\u00e7\u00e3o da Virgem da F\u00e1tima.<\/p>\n<p style=\"text-align: justify;\">Isto demonstra que ele, do mesmo modo que muitos outros membros da Igreja, deve enfrentar a possibilidade do mart\u00edrio durante o conflito entre a Igreja e o comunismo russo.<\/p>\n<p style=\"text-align: justify;\">Os cr\u00edticos da interpreta\u00e7\u00e3o dada pela Santa S\u00e9 apontam o fato de que S\u00e3o Jo\u00e3o Paulo II n\u00e3o morreu. Para isto, h\u00e1 duas respostas:<\/p>\n<p style=\"text-align: justify;\">(1) Se na vis\u00e3o de L\u00facia tinham atirado no Papa e ele caiu por terra, ela pode ter pensado que foi assassinado, mas na verdade somente tinha sido gravemente ferido.<\/p>\n<p style=\"text-align: justify;\">(2) A intercess\u00e3o de Maria mudou o que podia ter acontecido. Depois de ler o terceiro segredo, S\u00e3o Jo\u00e3o Paulo II atribuiu sua sobreviv\u00eancia \u00e0 Maria. O ent\u00e3o Cardeal Ratzinger comentou a respeito o seguinte:<\/p>\n<p style=\"text-align: justify;\">\u201cQue uma \u2018m\u00e3o materna\u2019 tenha desviado a bala mortal mostra uma vez mais que n\u00e3o existe um destino imut\u00e1vel, que a f\u00e9 e a ora\u00e7\u00e3o s\u00e3o poderosas, que podem influir na hist\u00f3ria e, que ao final, a ora\u00e7\u00e3o \u00e9 mais forte que as balas, a f\u00e9 mais potente que as divis\u00f5es\u201d.<\/p>\n<p style=\"text-align: justify;\"><strong>6. O que quer dizer que os anjos carregam uma jarra de cristal na m\u00e3o?<\/strong><\/p>\n<p style=\"text-align: justify;\">Os anjos que \u201crecolhiam o sangue dos m\u00e1rtires e regavam com ela as almas que se aproximavam de Deus\u201d s\u00e3o um poderoso s\u00edmbolo da salva\u00e7\u00e3o e ensinam a import\u00e2ncia do seu sangue. \u201cPade\u00e7o por v\u00f3s, e na minha carne cumpro o resto das afli\u00e7\u00f5es de Cristo, pelo seu corpo\u201d (Col 1,24).<\/p>\n<p style=\"text-align: justify;\">O Cardeal Ratzinger assinalou:<\/p>\n<p style=\"text-align: justify;\">\u201cA vis\u00e3o da terceira parte do \u2018segredo\u2019, t\u00e3o angustiante nesse ent\u00e3o, foi finalizada, pois, com uma imagem de esperan\u00e7a: nenhum sofrimento acontece em v\u00e3o e, precisamente, uma Igreja que sofre, uma Igreja de m\u00e1rtires, se converte em sinal orientador a fim de que o homem saia em busca de Deus\u201d.<\/p>\n<p style=\"text-align: justify;\"><strong>7. O Vaticano j\u00e1 revelou todo o segredo?<\/strong><\/p>\n<p style=\"text-align: justify;\">Apesar de alguns afirmarem o contr\u00e1rio, o Vaticano revelou todo o segredo. Em seu coment\u00e1rio teol\u00f3gico,\u00a0<a href=\"https:\/\/www.acidigital.com\/bentoxvi\/index.html\">Bento XVI<\/a>\u00a0o assinala duas vezes:<\/p>\n<p style=\"text-align: justify;\">(1) \u201cQuem l\u00ea com aten\u00e7\u00e3o o texto do chamado terceiro \u2018segredo\u2019 de F\u00e1tima, que depois de longo tempo, por disposi\u00e7\u00e3o do Santo Padre, \u00e9 aqui publicado integralmente, ficar\u00e1 presumivelmente desiludido ou maravilhado depois de todas as especula\u00e7\u00f5es que foram feitas. N\u00e3o \u00e9 revelado nenhum grande mist\u00e9rio; o v\u00e9u do futuro n\u00e3o \u00e9 rasgado. Vemos a Igreja dos m\u00e1rtires deste s\u00e9culo que est\u00e1 para findar, representada atrav\u00e9s de uma cena descrita numa linguagem simb\u00f3lica de dif\u00edcil decifra\u00e7\u00e3o\u201d.<\/p>\n<p style=\"text-align: justify;\">(2) \u201cChegamos assim, finalmente, \u00e0 terceira parte do \u2018segredo\u2019 de F\u00e1tima publicado integralmente aqui pela primeira vez\u201d.<\/p>\n<p style=\"text-align: justify;\"><strong>8. Existem outras interpreta\u00e7\u00f5es poss\u00edveis do \u201cterceiro segredo\u201d?<\/strong><\/p>\n<p style=\"text-align: justify;\">Como a Santa S\u00e9 n\u00e3o definiu infalivelmente a mat\u00e9ria, s\u00e3o poss\u00edveis outras interpreta\u00e7\u00f5es. Mas isto n\u00e3o significa que outras interpreta\u00e7\u00f5es sejam racionais, sobretudo se forem separadas das linhas principais da interpreta\u00e7\u00e3o dada pela Santa S\u00e9.<\/p>\n<p style=\"text-align: justify;\">A pr\u00f3pria Irm\u00e3 L\u00facia indicou que estava de acordo com a interpreta\u00e7\u00e3o oferecida pelo Vaticano:<\/p>\n<p style=\"text-align: justify;\">Irm\u00e3 L\u00facia esteve de acordo na interpreta\u00e7\u00e3o segundo a qual a terceira parte do segredo consiste em uma vis\u00e3o prof\u00e9tica compar\u00e1vel \u00e0s da hist\u00f3ria sagrada. Reiterou sua convic\u00e7\u00e3o de que a vis\u00e3o de F\u00e1tima se refere especialmente \u00e0 luta do comunismo ateu contra a Igreja e os crist\u00e3os, e descreve o imenso sofrimento das v\u00edtimas da f\u00e9 no s\u00e9culo XX. (Cardeal Tarc\u00edsio Bertone)<\/p>\n<p style=\"text-align: justify;\"><em>Texto publicado originalmente no jornal cat\u00f3lico norte-americano\u00a0<a href=\"http:\/\/www.ncregister.com\/blog\/jimmy-akin\/9-things-to-know-and-share-about-the-third-secret-of-fatima\">National Catholic Register<\/a>.<\/em><\/p>\n","protected":false},"excerpt":{"rendered":"<p>As apari\u00e7\u00f5es da Virgem de F\u00e1tima s\u00e3o conhecidas pelo \u201csegredo\u201d \u2013 dividido em tr\u00eas partes \u2013 que foi divulgado \u00e0 humanidade. Dessas tr\u00eas partes, a mais famosa \u00e9 a terceira, conhecida normalmente como o \u201cterceiro segredo\u201d e mantida de maneira confidencial no Vaticano at\u00e9 o ano 2000, quando S\u00e3o Jo\u00e3o Paulo II decidiu public\u00e1-lo ao [&hellip;]<\/p>\n","protected":false},"author":1,"featured_media":59139,"comment_status":"open","ping_status":"closed","sticky":false,"template":"","format":"standard","meta":{"footnotes":""},"categories":[4,13],"tags":[],"class_list":["post-59138","post","type-post","status-publish","format-standard","has-post-thumbnail","hentry","category-cotidiano","category-featured"],"_links":{"self":[{"href":"https:\/\/catolicanet.net\/wp-cnet\/wp-json\/wp\/v2\/posts\/59138","targetHints":{"allow":["GET"]}}],"collection":[{"href":"https:\/\/catolicanet.net\/wp-cnet\/wp-json\/wp\/v2\/posts"}],"about":[{"href":"https:\/\/catolicanet.net\/wp-cnet\/wp-json\/wp\/v2\/types\/post"}],"author":[{"embeddable":true,"href":"https:\/\/catolicanet.net\/wp-cnet\/wp-json\/wp\/v2\/users\/1"}],"replies":[{"embeddable":true,"href":"https:\/\/catolicanet.net\/wp-cnet\/wp-json\/wp\/v2\/comments?post=59138"}],"version-history":[{"count":1,"href":"https:\/\/catolicanet.net\/wp-cnet\/wp-json\/wp\/v2\/posts\/59138\/revisions"}],"predecessor-version":[{"id":59140,"href":"https:\/\/catolicanet.net\/wp-cnet\/wp-json\/wp\/v2\/posts\/59138\/revisions\/59140"}],"wp:featuredmedia":[{"embeddable":true,"href":"https:\/\/catolicanet.net\/wp-cnet\/wp-json\/wp\/v2\/media\/59139"}],"wp:attachment":[{"href":"https:\/\/catolicanet.net\/wp-cnet\/wp-json\/wp\/v2\/media?parent=59138"}],"wp:term":[{"taxonomy":"category","embeddable":true,"href":"https:\/\/catolicanet.net\/wp-cnet\/wp-json\/wp\/v2\/categories?post=59138"},{"taxonomy":"post_tag","embeddable":true,"href":"https:\/\/catolicanet.net\/wp-cnet\/wp-json\/wp\/v2\/tags?post=59138"}],"curies":[{"name":"wp","href":"https:\/\/api.w.org\/{rel}","templated":true}]}}