{"id":59095,"date":"2020-05-12T11:13:42","date_gmt":"2020-05-12T14:13:42","guid":{"rendered":"https:\/\/catolicanet.net\/wp-cnet\/?p=59095"},"modified":"2020-05-12T11:13:42","modified_gmt":"2020-05-12T14:13:42","slug":"o-espirito-da-verdade-2","status":"publish","type":"post","link":"https:\/\/catolicanet.net\/wp-cnet\/o-espirito-da-verdade-2\/","title":{"rendered":"O ESP\u00cdRITO DA VERDADE"},"content":{"rendered":"<p style=\"text-align: justify;\">Antes de sua Ascens\u00e3o ao c\u00e9u Jesus deixou aos ap\u00f3stolos palavras consoladoras, garantindo-lhes que Ele rogaria ao Pai e Ele lhes daria outro Consolador, o Esp\u00edrito da Verdade (Jo 14,15-21). O Par\u00e1clito confirmaria tudo que Ele ensinou e convenceria o mundo de seus erros. \u00c9 que o Confortador revelaria sua presen\u00e7a e comunicaria total fidelidade \u00e0 sua palavra. Podia ent\u00e3o afian\u00e7ar que n\u00e3o os deixaria \u00f3rf\u00e3os. Um adeus assim repleto de consoladoras promessas, enchendo o cora\u00e7\u00e3o de seus disc\u00edpulos de confian\u00e7a e esperan\u00e7a. O crit\u00e9rio, por\u00e9m, do amor que a Ele \u00e9 devido seria sempre a observ\u00e2ncia radical dos seus mandamentos, cuja guarda seria a prova da dile\u00e7\u00e3o a Ele e disto resultaria o amor do Pai. Admir\u00e1vel, de fato, a presen\u00e7a e a obra do Esp\u00edrito Santo na comunidade de seus seguidores. Estes seriam criaturas novas atrav\u00e9s da renova\u00e7\u00e3o interior operada pelo Esp\u00edrito da Verdade. Este levaria os crist\u00e3os \u00e0 plena comunh\u00e3o com o Amor trinit\u00e1rio, estando presente em cada um de seus fi\u00e9is. Este Esp\u00edrito da Verdade seria sempre o protetor da f\u00e9 e o pedagogo da vida espiritual do crist\u00e3o. A grande mensagem, portanto, que Jesus deseja que recebamos \u00e9 acolher este h\u00f3spede interior que n\u00e3o nos deixa jamais sozinhos. \u00c9 preciso se refugiar nele, nos entreter com Ele como nosso mestre espiritual. Cumpre sempre criar um espa\u00e7o que permita o Esp\u00edrito da Verdade agir dentro de cada um de n\u00f3s. \u00c9 o que deve acontecer n\u00e3o apenas nos col\u00f3quios das ora\u00e7\u00f5es individuais, mas, sobretudo, atrav\u00e9s da participa\u00e7\u00e3o ativa nas Missas dominicais, que comunicam mensagens consoladoras para cada semana. Com efeito, o Esp\u00edrito da Verdade deseja transformar para melhor a vida de cada crist\u00e3o. \u00c9 uma sabedoria celestial saber escut\u00e1-lo e agir por Ele. \u00c9 deste modo que as palavras de Jesus se tornam atuais e sempre novas para cada um e para toda a Igreja. Todas estas considera\u00e7\u00f5es j\u00e1 preparam cada um para daqui a quinze dias no glorioso 31 de maio pr\u00f3ximo receber nova efus\u00e3o do Esp\u00edrito Santo por ocasi\u00e3o da solenidade de Pentecostes. O Esp\u00edrito da Verdade vir\u00e1 para sanar nossas vulnerabilidades, nossas limita\u00e7\u00f5es, os obst\u00e1culos que impe\u00e7am de ser verdadeiros disc\u00edpulos de Jesus por meio de um combate corajosos contra toda mediocridade. A luta entre o bem e o mal, entre a fidelidade ou a infidelidade para com Deus depender\u00e1 sempre da ajuda continua do Par\u00e1clito, do Defensor, do Esp\u00edrito da Verdade. Ter disto consci\u00eancia \u00e9 o que Cristo pede ao anunciar que sobre seus seguidores viria esta for\u00e7a divina. \u00c9 ela que permitir\u00e1 caminhar vencendo todas as artimanhas do maligno com coragem, perseveran\u00e7a e continuas vit\u00f3rias nas veredas do bem e das virtudes. O crit\u00e9rio para estar de acordo com o Esp\u00edrito da Verdade n\u00e3o vem da intelig\u00eancia, mas da pr\u00f3pria consci\u00eancia atrav\u00e9s da qual nos fala o Par\u00e1clito. A consci\u00eancia \u00e9 mais do que um mero saber, \u00e9 uma luz que leva a crer e esperar.\u00a0 Da\u00ed surge a fidelidade que leva a um progresso interior, a um dinamismo maravilhoso, a um estilo de vida realmente crist\u00e3o. Este ent\u00e3o trabalha continuamente para crescer na pr\u00f3pria perfei\u00e7\u00e3o, contribuindo para o bem comum, para a felicidade de todos. \u00c9 a misteriosa comunh\u00e3o dos santos que se d\u00e1. Compreende-se desta forma que \u201cuma alma que se eleva, eleva o mundo inteiro\u201d, como bem se expressou Elisabeth Leseur. O Esp\u00edrito da Verdade lembra continuamente que Jesus veio para a salva\u00e7\u00e3o de todos. Cada vez que o crist\u00e3o se esfor\u00e7a para se tornar mais humano est\u00e1 melhorando toda a humanidade, pois se torna mais pr\u00f3ximo de Deus, mais se assemelha a Cristo. Eis a\u00ed a obra maravilhosa do Esp\u00edrito da Verdade. Grande \u00e9, portanto, a responsabilidade do crist\u00e3o. Este dever\u00e1 ter sempre uma intui\u00e7\u00e3o sobrenatural, um olhar novo e positivo a envolver todas as suas atividades, iluminando a todos que se acham em seu derredor. \u00c9 a realiza\u00e7\u00e3o concreta do que preceituou Jesus: \u201cAssim, brilhe vossa luz diante dos homens, para que vejam as vossas boas obras e glorifiquem vosso Pai que est\u00e1 nos c\u00e9us\u201d (Mt 5,16). Portanto, \u00e9 atrav\u00e9s dos acontecimentos de cada hora que os crist\u00e3os podem impregnar o mundo com a presen\u00e7a de Deus. \u00c9 uma resposta aos apelos da f\u00e9, permitindo que o Esp\u00edrito da Verdade trabalhe dentro do cora\u00e7\u00e3o do disc\u00edpulo de Jesus.\u00a0 Nunca plenamente sabemos o bem que fazermos quando fazemos o bem.<\/p>\n","protected":false},"excerpt":{"rendered":"<p>Antes de sua Ascens\u00e3o ao c\u00e9u Jesus deixou aos ap\u00f3stolos palavras consoladoras, garantindo-lhes que Ele rogaria ao Pai e Ele lhes daria outro Consolador, o Esp\u00edrito da Verdade (Jo 14,15-21). O Par\u00e1clito confirmaria tudo que Ele ensinou e convenceria o mundo de seus erros. \u00c9 que o Confortador revelaria sua presen\u00e7a e comunicaria total fidelidade [&hellip;]<\/p>\n","protected":false},"author":7,"featured_media":55813,"comment_status":"open","ping_status":"closed","sticky":false,"template":"","format":"standard","meta":{"footnotes":""},"categories":[9],"tags":[],"class_list":["post-59095","post","type-post","status-publish","format-standard","has-post-thumbnail","hentry","category-artigos"],"_links":{"self":[{"href":"https:\/\/catolicanet.net\/wp-cnet\/wp-json\/wp\/v2\/posts\/59095","targetHints":{"allow":["GET"]}}],"collection":[{"href":"https:\/\/catolicanet.net\/wp-cnet\/wp-json\/wp\/v2\/posts"}],"about":[{"href":"https:\/\/catolicanet.net\/wp-cnet\/wp-json\/wp\/v2\/types\/post"}],"author":[{"embeddable":true,"href":"https:\/\/catolicanet.net\/wp-cnet\/wp-json\/wp\/v2\/users\/7"}],"replies":[{"embeddable":true,"href":"https:\/\/catolicanet.net\/wp-cnet\/wp-json\/wp\/v2\/comments?post=59095"}],"version-history":[{"count":1,"href":"https:\/\/catolicanet.net\/wp-cnet\/wp-json\/wp\/v2\/posts\/59095\/revisions"}],"predecessor-version":[{"id":59096,"href":"https:\/\/catolicanet.net\/wp-cnet\/wp-json\/wp\/v2\/posts\/59095\/revisions\/59096"}],"wp:featuredmedia":[{"embeddable":true,"href":"https:\/\/catolicanet.net\/wp-cnet\/wp-json\/wp\/v2\/media\/55813"}],"wp:attachment":[{"href":"https:\/\/catolicanet.net\/wp-cnet\/wp-json\/wp\/v2\/media?parent=59095"}],"wp:term":[{"taxonomy":"category","embeddable":true,"href":"https:\/\/catolicanet.net\/wp-cnet\/wp-json\/wp\/v2\/categories?post=59095"},{"taxonomy":"post_tag","embeddable":true,"href":"https:\/\/catolicanet.net\/wp-cnet\/wp-json\/wp\/v2\/tags?post=59095"}],"curies":[{"name":"wp","href":"https:\/\/api.w.org\/{rel}","templated":true}]}}