{"id":59085,"date":"2020-05-11T09:36:38","date_gmt":"2020-05-11T12:36:38","guid":{"rendered":"https:\/\/catolicanet.net\/wp-cnet\/?p=59085"},"modified":"2020-05-11T11:37:51","modified_gmt":"2020-05-11T14:37:51","slug":"o-papa-solidario-as-populacoes-do-sahel-provadas-pela-seca","status":"publish","type":"post","link":"https:\/\/catolicanet.net\/wp-cnet\/o-papa-solidario-as-populacoes-do-sahel-provadas-pela-seca\/","title":{"rendered":"O Papa solid\u00e1rio \u00e0s popula\u00e7\u00f5es do Sahel provadas pela seca"},"content":{"rendered":"<div class=\"article__subTitle\" style=\"text-align: justify;\">Francisco recordou tamb\u00e9m o 70\u00ba anivers\u00e1rio da Declara\u00e7\u00e3o de Schuman, de 9 de maio de 1950, que &#8220;inspirou o processo de integra\u00e7\u00e3o europeia, permitindo a reconcilia\u00e7\u00e3o dos povos do continente, depois da Segunda Guerra Mundial, e o longo per\u00edodo de estabilidade e paz que desfrutamos hoje&#8221;.<\/div>\n<div class=\"title__separator\" style=\"text-align: justify;\"><\/div>\n<div class=\"article__text\">\n<p style=\"text-align: justify;\"><b>Mariangela Jaguraba &#8211; Cidade do Vaticano<\/b><\/p>\n<p style=\"text-align: justify;\">Ap\u00f3s a ora\u00e7\u00e3o do Regina Coeli, o Papa Francisco disse as seguintes palavras:<\/p>\n<p style=\"text-align: justify;\"><i>Hoje, meus pensamentos v\u00e3o para a Europa e \u00c1frica. Para a Europa, por ocasi\u00e3o do 70\u00ba anivers\u00e1rio da Declara\u00e7\u00e3o de Schuman, de 9 de maio de 1950. Ela inspirou o processo de integra\u00e7\u00e3o europeia, permitindo a reconcilia\u00e7\u00e3o dos povos do continente, depois da Segunda Guerra Mundial, e o longo per\u00edodo de estabilidade e paz que desfrutamos hoje. Que o esp\u00edrito da Declara\u00e7\u00e3o de Schuman n\u00e3o deixe de inspirar aqueles que t\u00eam responsabilidades na Uni\u00e3o Europeia, chamados a enfrentar as consequ\u00eancias sociais e econ\u00f4micas provocadas pela pandemia num \u00a0esp\u00edrito de conc\u00f3rdia e colabora\u00e7\u00e3o.<\/i><\/p>\n<div style=\"text-align: justify;\">\n<div class=\"article__embed article__embed--unwrap article__embed--dark\">\n<div class=\"article__innerTitle\">Ou\u00e7a e compartilhe<\/div>\n<div>\n<!--[if lt IE 9]><script>document.createElement('audio');<\/script><![endif]-->\n<audio class=\"wp-audio-shortcode\" id=\"audio-59085-1\" preload=\"none\" style=\"width: 100%;\" controls=\"controls\"><source type=\"audio\/mpeg\" src=\"https:\/\/media.vaticannews.va\/media\/audio\/s1\/2020\/05\/10\/13\/135590099_F135590099.mp3?_=1\" \/><a href=\"https:\/\/media.vaticannews.va\/media\/audio\/s1\/2020\/05\/10\/13\/135590099_F135590099.mp3\">https:\/\/media.vaticannews.va\/media\/audio\/s1\/2020\/05\/10\/13\/135590099_F135590099.mp3<\/a><\/audio>\n<\/div>\n<\/div>\n<\/div>\n<p style=\"text-align: justify;\">A prop\u00f3sito da \u00c1frica disse:<\/p>\n<p style=\"text-align: justify;\"><i>O olhar tamb\u00e9m se volta para a \u00c1frica, porque em 10 de maio de 1980, quarenta anos atr\u00e1s, durante sua primeira visita pastoral a esse continente, S\u00e3o Jo\u00e3o Paulo II deu voz ao grito das popula\u00e7\u00f5es do Sahel, duramente provadas pela seca.<\/i><\/p>\n<p style=\"text-align: justify;\">A seguir, o Papa congratulou-se com \u201cos jovens comprometidos com a iniciativa \u201cLaudato si&#8217; \u00c1rvores\u201d.<\/p>\n<p style=\"text-align: justify;\"><i>O objetivo \u00e9 plantar pelo menos um milh\u00e3o de \u00e1rvores na regi\u00e3o do Sahel, que far\u00e3o parte da \u201cGrande Muralha Verde da \u00c1frica\u201d. Espero que muitos possam seguir o exemplo de solidariedade desses jovens.<\/i><\/p>\n<p style=\"text-align: justify;\">O Papa recordou o Dia das M\u00e3es celebrado hoje em v\u00e1rias na\u00e7\u00f5es:<\/p>\n<p style=\"text-align: justify;\"><i>Hoje, em muitos pa\u00edses, celebra-se o Dia das M\u00e3es. Quero lembrar todas as m\u00e3es com gratid\u00e3o e afeto, confiando-as \u00e0 prote\u00e7\u00e3o de Maria, nossa M\u00e3e celestial. Recordo-me tamb\u00e9m das m\u00e3es que passaram para outra vida e nos acompanham do C\u00e9u.<\/i><\/p>\n<p style=\"text-align: justify;\">O Papa convidou todos a fazerem um pouco de sil\u00eancio para recordar cada um a pr\u00f3pria m\u00e3e, desejou a todos um bom domingo e pediu aos fi\u00e9is para n\u00e3o se esquecerem de rezar por ele.<\/p>\n<\/div>\n","protected":false},"excerpt":{"rendered":"<p>Francisco recordou tamb\u00e9m o 70\u00ba anivers\u00e1rio da Declara\u00e7\u00e3o de Schuman, de 9 de maio de 1950, que &#8220;inspirou o processo de integra\u00e7\u00e3o europeia, permitindo a reconcilia\u00e7\u00e3o dos povos do continente, depois da Segunda Guerra Mundial, e o longo per\u00edodo de estabilidade e paz que desfrutamos hoje&#8221;. Mariangela Jaguraba &#8211; Cidade do Vaticano Ap\u00f3s a ora\u00e7\u00e3o [&hellip;]<\/p>\n","protected":false},"author":1,"featured_media":59086,"comment_status":"open","ping_status":"closed","sticky":false,"template":"","format":"standard","meta":{"footnotes":""},"categories":[3],"tags":[],"class_list":["post-59085","post","type-post","status-publish","format-standard","has-post-thumbnail","hentry","category-vaticano"],"_links":{"self":[{"href":"https:\/\/catolicanet.net\/wp-cnet\/wp-json\/wp\/v2\/posts\/59085","targetHints":{"allow":["GET"]}}],"collection":[{"href":"https:\/\/catolicanet.net\/wp-cnet\/wp-json\/wp\/v2\/posts"}],"about":[{"href":"https:\/\/catolicanet.net\/wp-cnet\/wp-json\/wp\/v2\/types\/post"}],"author":[{"embeddable":true,"href":"https:\/\/catolicanet.net\/wp-cnet\/wp-json\/wp\/v2\/users\/1"}],"replies":[{"embeddable":true,"href":"https:\/\/catolicanet.net\/wp-cnet\/wp-json\/wp\/v2\/comments?post=59085"}],"version-history":[{"count":1,"href":"https:\/\/catolicanet.net\/wp-cnet\/wp-json\/wp\/v2\/posts\/59085\/revisions"}],"predecessor-version":[{"id":59087,"href":"https:\/\/catolicanet.net\/wp-cnet\/wp-json\/wp\/v2\/posts\/59085\/revisions\/59087"}],"wp:featuredmedia":[{"embeddable":true,"href":"https:\/\/catolicanet.net\/wp-cnet\/wp-json\/wp\/v2\/media\/59086"}],"wp:attachment":[{"href":"https:\/\/catolicanet.net\/wp-cnet\/wp-json\/wp\/v2\/media?parent=59085"}],"wp:term":[{"taxonomy":"category","embeddable":true,"href":"https:\/\/catolicanet.net\/wp-cnet\/wp-json\/wp\/v2\/categories?post=59085"},{"taxonomy":"post_tag","embeddable":true,"href":"https:\/\/catolicanet.net\/wp-cnet\/wp-json\/wp\/v2\/tags?post=59085"}],"curies":[{"name":"wp","href":"https:\/\/api.w.org\/{rel}","templated":true}]}}