{"id":59079,"date":"2020-05-11T09:32:27","date_gmt":"2020-05-11T12:32:27","guid":{"rendered":"https:\/\/catolicanet.net\/wp-cnet\/?p=59079"},"modified":"2020-05-11T11:33:18","modified_gmt":"2020-05-11T14:33:18","slug":"alem-da-crise-3-nao-tenham-medo","status":"publish","type":"post","link":"https:\/\/catolicanet.net\/wp-cnet\/alem-da-crise-3-nao-tenham-medo\/","title":{"rendered":"Al\u00e9m da Crise\/3: N\u00e3o tenham medo"},"content":{"rendered":"<div class=\"article__subTitle\" style=\"text-align: justify;\">O novo artigo do Padre Federico Lombardi nos convida a olhar para o futuro que nos espera: no mundo h\u00e1 tamb\u00e9m as boas not\u00edcias. \u00c9 um dever reconhec\u00ea-las e divulg\u00e1-las, porque s\u00e3o as que guiam mais longe e levam o olhar para o alto<\/div>\n<div class=\"title__separator\" style=\"text-align: justify;\"><\/div>\n<div class=\"article__text\">\n<p style=\"text-align: justify;\"><b>FEDERICO LOMBARDI<\/b><\/p>\n<p style=\"text-align: justify;\">\u201cN\u00e3o temas! Porque eu estou contigo!\u201d. S\u00e3o palavras presentes v\u00e1rias vezes nas Escrituras. S\u00e3o as palavras dirigidas pelo pr\u00f3prio Deus ou em seu nome aos que s\u00e3o chamados por ele para uma miss\u00e3o dif\u00edcil ou inesperada, por caminhos ainda desconhecidos, como Mois\u00e9s diante da sar\u00e7a ardente ou Maria diante do Anjo. \u201cN\u00e3o tenhais medo!\u201d. S\u00e3o as palavras dirigidas pelos profetas ao povo oprimido pela ang\u00fastia, como quando est\u00e1 sem sa\u00edda entre o Mar Vermelho e os carros de guerra dos Eg\u00edpcios. Jesus tamb\u00e9m as repete v\u00e1rias vezes dirigindo-se aos seus disc\u00edpulos, ao \u201cpequeno rebanho\u201d que o segue, ou aos que foram perseguidos em seu nome. Para estes Jesus insiste que n\u00e3o dever\u00e3o temer nenhuma for\u00e7a humana, porque a persegui\u00e7\u00e3o pode tirar a vida do corpo, mas n\u00e3o da alma e no tempo da prova Deus n\u00e3o os abandonar\u00e1.<\/p>\n<p style=\"text-align: justify;\">A grande palavra \u201cN\u00e3o tenhais medo!\u201d, como recordamos bem, foi retomada com insist\u00eancia em tempos mais pr\u00f3ximos por S\u00e3o Jo\u00e3o Paulo II desde o in\u00edcio do seu pontificado e dirigida ao mundo inteiro: \u201cN\u00e3o tenhais medo! Escancarais as portas a Cristo!\u201d. No fundo, a f\u00e9 em Cristo Salvador \u2013 para todos &#8211; \u00e9 exatamente a grande e definitiva liberta\u00e7\u00e3o do medo.<\/p>\n<p style=\"text-align: justify;\">A pandemia, mesmo quando for superada gra\u00e7as a uma vacina eficaz, deixar\u00e1 em n\u00f3s uma heran\u00e7a de inseguran\u00e7a, digamos at\u00e9 mesmo de medo, pronta a ressurgir. Agora sabemos que apesar de todos os esfor\u00e7os e empenhos para a redu\u00e7\u00e3o dos riscos, poder\u00e3o aparecer e escapar do controle outros v\u00edrus ou outras for\u00e7as capazes de nos pegar de surpresa e colocar em crise as nossas tranquilidades e as nossas seguran\u00e7as. Porque a seguran\u00e7a absoluta n\u00e3o existe nesta terra, n\u00e3o \u00e9 poss\u00edvel. E jamais existir\u00e1 no futuro. Certamente esperamos da ci\u00eancia e da organiza\u00e7\u00e3o social e pol\u00edtica, em geral da razoabilidade humana, uma ajuda essencial para recuperar a tranquilidade necess\u00e1ria para uma vida pessoal e social serena e \u201cnormal\u201d. Mas permanece a necessidade de algo mais profundo ao qual estas respostas n\u00e3o s\u00e3o suficientes.<\/p>\n<p style=\"text-align: justify;\">Podemos viver livres dos medos mais radicais para n\u00f3s mesmos, para os nossos familiares, para o nosso futuro? Onde est\u00e1 a chave para viver em paz e, portanto, da vida verdadeiramente boa mesmo nesta terra, apesar de todas as dificuldades que inevitavelmente se apresentam todos os dias? Sabemos bem que cada um de n\u00f3s tem a sua personalidade, o seu car\u00e1ter e a sua hist\u00f3ria, que determinam profundamente suas atitudes. H\u00e1 os mais ansiosos e fr\u00e1geis, e n\u00e3o \u00e9 culpa deles; h\u00e1 os que s\u00e3o naturalmente mais tranquilos e otimistas, e \u00e9 um dom. Mas a palavra do Senhor \u00e9 dirigida a todos e \u00e9 um convite para todos se entregarem com confian\u00e7a a um amor que nos precede, nos guarda e nos acompanha.<\/p>\n<p style=\"text-align: justify;\">Nos dias de hoje somos comedidos ao falar de \u201cprovid\u00eancia\u201d de Deus. Parece-nos uma palavra que coloca em risco o nosso necess\u00e1rio empenho crist\u00e3o no mundo, que nos torna pass\u00edveis e menos respons\u00e1veis. Mas isso \u00e9 uma armadilha. Esquecer a provid\u00eancia de Deus quer dizer perder o sentido de que o amor de Deus nos envolve e nos acompanha, mesmo se algumas vezes nossos olhos ainda s\u00e3o incapazes de reconhec\u00ea-lo. No discurso da Montanha Jesus nos convida a abrir os olhos &#8211; \u201cOlhai as aves do c\u00e9u, olhai os l\u00edrios no campo\u2026\u201d \u2013 e a n\u00e3o nos deixar levar totalmente pelas preocupa\u00e7\u00f5es imediatas para o nosso bem-estar temporal. Al\u00e9m das aves e das flores os olhos que se abrem podem ver todos os dias muitos outros sinais de amor e de esperan\u00e7a semeados ao longo do nosso caminho, nas circunst\u00e2ncias e nas pessoas que encontramos, nas suas palavras e nas suas a\u00e7\u00f5es. Cada um de n\u00f3s considera uma gra\u00e7a encontrar pessoas que sabem v\u00ea-los e que nos ajudam a v\u00ea-los com olhos penetrantes e olhar sereno. O mundo est\u00e1 cheio n\u00e3o s\u00f3 de m\u00e1s not\u00edcias, mas tamb\u00e9m de boas not\u00edcias. \u00c9 um dever reconhec\u00ea-las e divulg\u00e1-las, porque s\u00e3o as que guiam mais longe e levam o olhar para o alto, a fonte do amor, a meta da esperan\u00e7a.<\/p>\n<p style=\"text-align: justify;\">Jesus conclui suas palavras sobre a provid\u00eancia com um conselho muito s\u00e1bio: \u201cA cada dia basta o seu mal\u201d. N\u00e3o devemos deixar que as preocupa\u00e7\u00f5es de hoje e de amanh\u00e3 e de todo o futuro que nos espera se acumulem todas juntas sobre n\u00f3s: nos esmagariam. Devemos pensar que cada dia tem a sua ra\u00e7\u00e3o de mal, mas tamb\u00e9m de gra\u00e7a. Devemos crer que todos os dias nos ser\u00e1 dada a gra\u00e7a necess\u00e1ria para carregar o mal. A gra\u00e7a necess\u00e1ria para buscar o reino de Deus e a sua justi\u00e7a nesta vida e na vida eterna. Santa Teresa de \u00c1vila, nos lan\u00e7a uma palavra que alarga o nosso cora\u00e7\u00e3o e o nosso horizonte para al\u00e9m de todo o obst\u00e1culo: \u201cNada te perturbe, nada te espante. Tudo passa, Deus n\u00e3o muda. A paci\u00eancia tudo alcan\u00e7a. Quem a Deus tem, nada lhe falta: S\u00f3 Deus basta\u201d. Saber\u00e1 a nossa f\u00e9 nos inspirar no longo caminho que temos pela frente, para que seja um caminho de intelig\u00eancia e sabedoria, livre dos maus conselhos, dos medos profundos, livre na esperan\u00e7a do medo da morte?.<\/p>\n<\/div>\n","protected":false},"excerpt":{"rendered":"<p>O novo artigo do Padre Federico Lombardi nos convida a olhar para o futuro que nos espera: no mundo h\u00e1 tamb\u00e9m as boas not\u00edcias. \u00c9 um dever reconhec\u00ea-las e divulg\u00e1-las, porque s\u00e3o as que guiam mais longe e levam o olhar para o alto FEDERICO LOMBARDI \u201cN\u00e3o temas! Porque eu estou contigo!\u201d. S\u00e3o palavras presentes [&hellip;]<\/p>\n","protected":false},"author":1,"featured_media":59080,"comment_status":"open","ping_status":"closed","sticky":false,"template":"","format":"standard","meta":{"footnotes":""},"categories":[3],"tags":[],"class_list":["post-59079","post","type-post","status-publish","format-standard","has-post-thumbnail","hentry","category-vaticano"],"_links":{"self":[{"href":"https:\/\/catolicanet.net\/wp-cnet\/wp-json\/wp\/v2\/posts\/59079","targetHints":{"allow":["GET"]}}],"collection":[{"href":"https:\/\/catolicanet.net\/wp-cnet\/wp-json\/wp\/v2\/posts"}],"about":[{"href":"https:\/\/catolicanet.net\/wp-cnet\/wp-json\/wp\/v2\/types\/post"}],"author":[{"embeddable":true,"href":"https:\/\/catolicanet.net\/wp-cnet\/wp-json\/wp\/v2\/users\/1"}],"replies":[{"embeddable":true,"href":"https:\/\/catolicanet.net\/wp-cnet\/wp-json\/wp\/v2\/comments?post=59079"}],"version-history":[{"count":1,"href":"https:\/\/catolicanet.net\/wp-cnet\/wp-json\/wp\/v2\/posts\/59079\/revisions"}],"predecessor-version":[{"id":59081,"href":"https:\/\/catolicanet.net\/wp-cnet\/wp-json\/wp\/v2\/posts\/59079\/revisions\/59081"}],"wp:featuredmedia":[{"embeddable":true,"href":"https:\/\/catolicanet.net\/wp-cnet\/wp-json\/wp\/v2\/media\/59080"}],"wp:attachment":[{"href":"https:\/\/catolicanet.net\/wp-cnet\/wp-json\/wp\/v2\/media?parent=59079"}],"wp:term":[{"taxonomy":"category","embeddable":true,"href":"https:\/\/catolicanet.net\/wp-cnet\/wp-json\/wp\/v2\/categories?post=59079"},{"taxonomy":"post_tag","embeddable":true,"href":"https:\/\/catolicanet.net\/wp-cnet\/wp-json\/wp\/v2\/tags?post=59079"}],"curies":[{"name":"wp","href":"https:\/\/api.w.org\/{rel}","templated":true}]}}