{"id":59066,"date":"2020-05-10T12:01:58","date_gmt":"2020-05-10T15:01:58","guid":{"rendered":"https:\/\/catolicanet.net\/wp-cnet\/?p=59066"},"modified":"2020-05-10T12:01:58","modified_gmt":"2020-05-10T15:01:58","slug":"cnbb-realizara-missa-ao-vivo-para-celebrar-o-dia-das-maes","status":"publish","type":"post","link":"https:\/\/catolicanet.net\/wp-cnet\/cnbb-realizara-missa-ao-vivo-para-celebrar-o-dia-das-maes\/","title":{"rendered":"CNBB realizar\u00e1 missa ao vivo para celebrar o Dia das M\u00e3es"},"content":{"rendered":"<p style=\"text-align: justify;\">\u201c<em>O desafio nessa \u00e9poca de pandemia \u00e9 ter mais cuidado com a sa\u00fade de todos em casa, sempre policiando meus filhos e irm\u00e3 para que essa praga n\u00e3o nos atinja, at\u00e9 ent\u00e3o estamos todos sujeitos, por\u00e9m aqui na minha humilde resid\u00eancia temos uma pessoa do grupo de risco, minha m\u00e3e. Mas diante de tudo isso, estamos mantendo a harmonia, nos curtindo mais e valorizando nossa fam\u00edlia. Afinal, se n\u00e3o estivermos unidos nessa batalha pra vencer, n\u00e3o conseguiremos\u201d, afirma a representante do projeto social da CNBB \u201cCorrendo Atr\u00e1s de um Sonho<\/em>\u201d, Dayse de Oliveira.<\/p>\n<div id=\"attachment_238442\" class=\"wp-caption alignright\" style=\"text-align: justify;\"><a href=\"https:\/\/www.cnbb.org.br\/wp-content\/uploads\/sites\/32\/2020\/05\/WhatsApp-Image-2020-05-08-at-11.28.20.jpeg\"><img loading=\"lazy\" decoding=\"async\" class=\"wp-image-238442 size-medium\" src=\"https:\/\/www.cnbb.org.br\/wp-content\/uploads\/sites\/32\/2020\/05\/WhatsApp-Image-2020-05-08-at-11.28.20-300x225.jpeg\" srcset=\"https:\/\/www.cnbb.org.br\/wp-content\/uploads\/sites\/32\/2020\/05\/WhatsApp-Image-2020-05-08-at-11.28.20-300x225.jpeg 300w, https:\/\/www.cnbb.org.br\/wp-content\/uploads\/sites\/32\/2020\/05\/WhatsApp-Image-2020-05-08-at-11.28.20-1024x768.jpeg 1024w, https:\/\/www.cnbb.org.br\/wp-content\/uploads\/sites\/32\/2020\/05\/WhatsApp-Image-2020-05-08-at-11.28.20-768x576.jpeg 768w, https:\/\/www.cnbb.org.br\/wp-content\/uploads\/sites\/32\/2020\/05\/WhatsApp-Image-2020-05-08-at-11.28.20.jpeg 1280w\" alt=\"Dayse (de blusa laranja) com os seus filhos e familiares. Cr\u00e9dito: Acervo Pessoal.\" width=\"300\" height=\"225\" aria-describedby=\"caption-attachment-238442\" \/><\/a><\/p>\n<p id=\"caption-attachment-238442\" class=\"wp-caption-text\">Dayse (de blusa laranja) com os seus filhos e familiares. Cr\u00e9dito: Acervo Pessoal.<\/p>\n<\/div>\n<p style=\"text-align: justify;\">Foi pensando em todas as m\u00e3es do Brasil que, assim como a Dayse, celebrar\u00e3o o Dia das M\u00e3es em casa por conta da pandemia, que o secret\u00e1rio-geral da Confer\u00eancia Nacional dos Bispos do Brasil (CNBB), dom Joel Portella Amado, ir\u00e1 presidir a Santa Missa, direto da sede da entidade em Bras\u00edlia (DF), no domingo, \u00e0s 11h30. A iniciativa ser\u00e1 transmitida pelos perfis oficiais da CNBB e da Edi\u00e7\u00f5es CNBB no Facebook.<\/p>\n<p style=\"text-align: justify;\">A missa com a b\u00ean\u00e7\u00e3o para as m\u00e3es ser\u00e1 concelebrada pelo diretor-geral da Edi\u00e7\u00f5es CNBB, monsenhor Jamil Alves de Souza, e pelo subsecret\u00e1rio adjunto de pastoral da CNBB, padre Marcus Barbosa Guimar\u00e3es. Para acompanhar ao vivo, acesse os canais da CNBB (<a href=\"https:\/\/www.facebook.com\/cnbbnacional\/\">aqui<\/a>) e da Editora (<a href=\"https:\/\/pt-br.facebook.com\/edicoes.cnbb\">aqui<\/a>) no Facebook.<\/p>\n<p style=\"text-align: justify;\">N\u00e3o deixe de assistir \u2013 vamos celebrar juntos e interceder pelas m\u00e3es e pelo fim da pandemia que o mundo enfrenta!<\/p>\n<p style=\"text-align: justify;\">#CNBBNacional<\/p>\n<p style=\"text-align: justify;\">#Edi\u00e7\u00f5esCNBB<\/p>\n<p style=\"text-align: justify;\">#Livemissa<\/p>\n<p style=\"text-align: justify;\">#Diadasm\u00e3es<\/p>\n<p style=\"text-align: justify;\"><a href=\"https:\/\/www.cnbb.org.br\/wp-content\/uploads\/sites\/32\/2020\/05\/DiaDasMaes_Post.jpg\"><img loading=\"lazy\" decoding=\"async\" class=\"wp-image-238505\" src=\"https:\/\/www.cnbb.org.br\/wp-content\/uploads\/sites\/32\/2020\/05\/DiaDasMaes_Post.jpg\" srcset=\"https:\/\/www.cnbb.org.br\/wp-content\/uploads\/sites\/32\/2020\/05\/DiaDasMaes_Post.jpg 1080w, https:\/\/www.cnbb.org.br\/wp-content\/uploads\/sites\/32\/2020\/05\/DiaDasMaes_Post-300x300.png 300w, https:\/\/www.cnbb.org.br\/wp-content\/uploads\/sites\/32\/2020\/05\/DiaDasMaes_Post-1024x1024.png 1024w, https:\/\/www.cnbb.org.br\/wp-content\/uploads\/sites\/32\/2020\/05\/DiaDasMaes_Post-150x150.png 150w, https:\/\/www.cnbb.org.br\/wp-content\/uploads\/sites\/32\/2020\/05\/DiaDasMaes_Post-768x768.png 768w\" alt=\"\" width=\"506\" height=\"506\" \/><\/a><\/p>\n","protected":false},"excerpt":{"rendered":"<p>\u201cO desafio nessa \u00e9poca de pandemia \u00e9 ter mais cuidado com a sa\u00fade de todos em casa, sempre policiando meus filhos e irm\u00e3 para que essa praga n\u00e3o nos atinja, at\u00e9 ent\u00e3o estamos todos sujeitos, por\u00e9m aqui na minha humilde resid\u00eancia temos uma pessoa do grupo de risco, minha m\u00e3e. Mas diante de tudo isso, [&hellip;]<\/p>\n","protected":false},"author":1,"featured_media":59067,"comment_status":"open","ping_status":"closed","sticky":false,"template":"","format":"standard","meta":{"footnotes":""},"categories":[7],"tags":[],"class_list":["post-59066","post","type-post","status-publish","format-standard","has-post-thumbnail","hentry","category-cnbb"],"_links":{"self":[{"href":"https:\/\/catolicanet.net\/wp-cnet\/wp-json\/wp\/v2\/posts\/59066","targetHints":{"allow":["GET"]}}],"collection":[{"href":"https:\/\/catolicanet.net\/wp-cnet\/wp-json\/wp\/v2\/posts"}],"about":[{"href":"https:\/\/catolicanet.net\/wp-cnet\/wp-json\/wp\/v2\/types\/post"}],"author":[{"embeddable":true,"href":"https:\/\/catolicanet.net\/wp-cnet\/wp-json\/wp\/v2\/users\/1"}],"replies":[{"embeddable":true,"href":"https:\/\/catolicanet.net\/wp-cnet\/wp-json\/wp\/v2\/comments?post=59066"}],"version-history":[{"count":1,"href":"https:\/\/catolicanet.net\/wp-cnet\/wp-json\/wp\/v2\/posts\/59066\/revisions"}],"predecessor-version":[{"id":59068,"href":"https:\/\/catolicanet.net\/wp-cnet\/wp-json\/wp\/v2\/posts\/59066\/revisions\/59068"}],"wp:featuredmedia":[{"embeddable":true,"href":"https:\/\/catolicanet.net\/wp-cnet\/wp-json\/wp\/v2\/media\/59067"}],"wp:attachment":[{"href":"https:\/\/catolicanet.net\/wp-cnet\/wp-json\/wp\/v2\/media?parent=59066"}],"wp:term":[{"taxonomy":"category","embeddable":true,"href":"https:\/\/catolicanet.net\/wp-cnet\/wp-json\/wp\/v2\/categories?post=59066"},{"taxonomy":"post_tag","embeddable":true,"href":"https:\/\/catolicanet.net\/wp-cnet\/wp-json\/wp\/v2\/tags?post=59066"}],"curies":[{"name":"wp","href":"https:\/\/api.w.org\/{rel}","templated":true}]}}