{"id":59057,"date":"2020-05-10T11:56:55","date_gmt":"2020-05-10T14:56:55","guid":{"rendered":"https:\/\/catolicanet.net\/wp-cnet\/?p=59057"},"modified":"2020-05-10T11:56:55","modified_gmt":"2020-05-10T14:56:55","slug":"o-papa-seguir-o-caminho-de-jesus-protagonista-da-minha-vida","status":"publish","type":"post","link":"https:\/\/catolicanet.net\/wp-cnet\/o-papa-seguir-o-caminho-de-jesus-protagonista-da-minha-vida\/","title":{"rendered":"O Papa: seguir o caminho de Jesus protagonista da minha vida"},"content":{"rendered":"<div class=\"article__subTitle\" style=\"text-align: justify;\">&#8220;N\u00e3o nos esque\u00e7amos\u201d, disse Francisco: \u201cA morada que nos espera \u00e9 o Para\u00edso. Aqui estamos de passagem. Somos feitos para o C\u00e9u, para a vida eterna, para viver para sempre&#8221;.<\/div>\n<div class=\"title__separator\" style=\"text-align: justify;\"><\/div>\n<div class=\"article__text\">\n<p style=\"text-align: justify;\"><b>Mariangela Jaguraba &#8211; Cidade do Vaticano<\/b><\/p>\n<p style=\"text-align: justify;\">O Papa Francisco rezou a ora\u00e7\u00e3o mariana do Regina Coeli deste domingo (10\/05), na Biblioteca do Pal\u00e1cio Apost\u00f3lico, no Vaticano, por causa da pandemia de coronav\u00edrus ainda em andamento.<\/p>\n<p style=\"text-align: justify;\">Francisco recordou que no Evangelho deste domingo, \u201couvimos o in\u00edcio do assim chamado \u2018Discurso de despedida\u2019 de Jesus. S\u00e3o palavras que Ele dirigiu aos disc\u00edpulos no final da \u00daltima Ceia, pouco antes de enfrentar a paix\u00e3o. Num momento t\u00e3o dram\u00e1tico, Jesus come\u00e7ou dizendo: \u201cN\u00e3o fique perturbado o cora\u00e7\u00e3o de voc\u00eas\u201d. Ele diz a n\u00f3s tamb\u00e9m, nos dramas da vida. Mas como fazer para que o cora\u00e7\u00e3o n\u00e3o se perturbe?\u201d<\/p>\n<div style=\"text-align: justify;\">\n<div class=\"article__embed article__embed--unwrap article__embed--dark\">\n<div class=\"article__innerTitle\">Ou\u00e7a e compartilhe<\/div>\n<div>\n<!--[if lt IE 9]><script>document.createElement('audio');<\/script><![endif]-->\n<audio class=\"wp-audio-shortcode\" id=\"audio-59057-1\" preload=\"none\" style=\"width: 100%;\" controls=\"controls\"><source type=\"audio\/mpeg\" src=\"https:\/\/media.vaticannews.va\/media\/audio\/s1\/2020\/05\/10\/13\/135590053_F135590053.mp3?_=1\" \/><a href=\"https:\/\/media.vaticannews.va\/media\/audio\/s1\/2020\/05\/10\/13\/135590053_F135590053.mp3\">https:\/\/media.vaticannews.va\/media\/audio\/s1\/2020\/05\/10\/13\/135590053_F135590053.mp3<\/a><\/audio>\n<\/div>\n<\/div>\n<\/div>\n<p style=\"text-align: justify;\"><i>O Senhor indica dois rem\u00e9dios para a perturba\u00e7\u00e3o. O primeiro \u00e9: \u201cTenham f\u00e9 em mim\u201d. Parece um conselho um pouco te\u00f3rico, abstrato. Em vez disso, Jesus quer nos dizer uma coisa espec\u00edfica. Ele sabe que, na vida, a ansiedade pior, a perturba\u00e7\u00e3o, nasce da sensa\u00e7\u00e3o de n\u00e3o ser capaz, do sentir-se sozinho e sem pontos de refer\u00eancia diante do que acontece. Essa ang\u00fastia, em que a dificuldade acrescenta dificuldade, n\u00e3o pode ser superada sozinha. Precisamos da ajuda de Jesus.<\/i><\/p>\n<p style=\"text-align: justify;\">\u201c\u00c9 por isso que Jesus pede para ter f\u00e9 Nele, ou seja, n\u00e3o nos apoiar em n\u00f3s mesmos, mas Nele, porque a liberta\u00e7\u00e3o da perturba\u00e7\u00e3o passa atrav\u00e9s da confian\u00e7a\u201d, frisou o Papa. \u201cConfiar-se a Jesus. Dar este passo. Esta \u00e9 a liberta\u00e7\u00e3o do turbamento. Jesus ressuscitou e est\u00e1 vivo para ficar sempre ao nosso lado. Ent\u00e3o podemos dizer-lhe: \u2018Jesus, creio que voc\u00ea ressuscitou e que est\u00e1 ao meu lado. Creio que voc\u00ea me ouve. Apresento-lhe o que me perturba, as minhas preocupa\u00e7\u00f5es: tenho f\u00e9 em Ti e me confio a Ti\u2019.\u201d<\/p>\n<p style=\"text-align: justify;\">A seguir, Francisco disse que \u201ch\u00e1 um segundo rem\u00e9dio para a perturba\u00e7\u00e3o, que Jesus expressa com essas palavras: \u2018Na casa de meu Pai h\u00e1 muitas moradas. [&#8230;] vou preparar um lugar para voc\u00eas\u2019.\u201d<\/p>\n<p style=\"text-align: justify;\"><i>Eis o que Jesus fez por n\u00f3s: nos reservou um lugar no C\u00e9u. Tomou sobre si a nossa humanidade para lev\u00e1-la al\u00e9m da morte, para um novo lugar, no C\u00e9u, para que onde Ele est\u00e1, estejamos tamb\u00e9m n\u00f3s. \u00c9 a certeza que nos consola: h\u00e1 um lugar reservado para cada um. N\u00e3o vivemos sem meta e sem destino. Somos esperados, somos preciosos. Deus \u00e9 apaixonado pela beleza de seus filhos. E para n\u00f3s Ele preparou o lugar mais digno e bonito: o Para\u00edso.<\/i><\/p>\n<p style=\"text-align: justify;\">\u201cN\u00e3o nos esque\u00e7amos\u201d, disse o Pont\u00edfice: \u201cA morada que nos espera \u00e9 o Para\u00edso. Aqui estamos de passagem. Somos feitos para o C\u00e9u, para a vida eterna, para viver para sempre. Para sempre: \u00e9 algo que agora n\u00e3o conseguimos imaginar. Mas \u00e9 ainda mais bonito pensar que esse para\u00a0<i>sempre<\/i>\u00a0ser\u00e1 na alegria, na plena comunh\u00e3o com Deus e com os outros, sem mais l\u00e1grimas, rancores, divis\u00f5es e perturba\u00e7\u00f5es\u201d.<\/p>\n<p style=\"text-align: justify;\">\u201cMas como chegar ao Para\u00edso? Qual \u00e9 o caminho?\u201d, perguntou o Papa. Eis a frase decisiva de Jesus hoje: \u201cEu sou o caminho\u201d.<\/p>\n<p style=\"text-align: justify;\"><i>Para subir ao C\u00e9u o caminho \u00e9 Jesus: \u00e9 ter um rela\u00e7\u00e3o viva com Ele, \u00e9 imit\u00e1-lo no amor, \u00e9 seguir os seus passos. E eu, crist\u00e3o, posso me perguntar: \u201cQual caminho devo seguir?\u201d Existem caminhos que n\u00e3o levam ao C\u00e9u: os caminhos da mundanidade, os caminhos da autoafirma\u00e7\u00e3o, os caminhos do poder ego\u00edsta. E h\u00e1 o caminho de Jesus, o caminho do amor humilde, da ora\u00e7\u00e3o, da mansid\u00e3o, da confian\u00e7a, do servi\u00e7o aos outros. N\u00e3o \u00e9 o caminho do meu protagonismo, \u00e9 o caminho de Jesus protagonista da minha vida. \u00c9 seguir em frente todos os dias dizendo-lhe: \u201cJesus, o que voc\u00ea acha dessa minha escolha? O que voc\u00ea faria nessa situa\u00e7\u00e3o, com essas pessoas?\u201d<\/i><\/p>\n<p style=\"text-align: justify;\">Francisco concluiu, dizendo que \u201cnos far\u00e1 bem perguntar a Jesus, que \u00e9 o caminho, as indica\u00e7\u00f5es para o C\u00e9u. Que Nossa Senhora, Rainha do C\u00e9u, nos ajude a seguir Jesus, que abriu o Para\u00edso para n\u00f3s\u201d.<\/p>\n<\/div>\n","protected":false},"excerpt":{"rendered":"<p>&#8220;N\u00e3o nos esque\u00e7amos\u201d, disse Francisco: \u201cA morada que nos espera \u00e9 o Para\u00edso. Aqui estamos de passagem. Somos feitos para o C\u00e9u, para a vida eterna, para viver para sempre&#8221;. Mariangela Jaguraba &#8211; Cidade do Vaticano O Papa Francisco rezou a ora\u00e7\u00e3o mariana do Regina Coeli deste domingo (10\/05), na Biblioteca do Pal\u00e1cio Apost\u00f3lico, no [&hellip;]<\/p>\n","protected":false},"author":1,"featured_media":59058,"comment_status":"open","ping_status":"closed","sticky":false,"template":"","format":"standard","meta":{"footnotes":""},"categories":[13,3],"tags":[],"class_list":["post-59057","post","type-post","status-publish","format-standard","has-post-thumbnail","hentry","category-featured","category-vaticano"],"_links":{"self":[{"href":"https:\/\/catolicanet.net\/wp-cnet\/wp-json\/wp\/v2\/posts\/59057","targetHints":{"allow":["GET"]}}],"collection":[{"href":"https:\/\/catolicanet.net\/wp-cnet\/wp-json\/wp\/v2\/posts"}],"about":[{"href":"https:\/\/catolicanet.net\/wp-cnet\/wp-json\/wp\/v2\/types\/post"}],"author":[{"embeddable":true,"href":"https:\/\/catolicanet.net\/wp-cnet\/wp-json\/wp\/v2\/users\/1"}],"replies":[{"embeddable":true,"href":"https:\/\/catolicanet.net\/wp-cnet\/wp-json\/wp\/v2\/comments?post=59057"}],"version-history":[{"count":1,"href":"https:\/\/catolicanet.net\/wp-cnet\/wp-json\/wp\/v2\/posts\/59057\/revisions"}],"predecessor-version":[{"id":59059,"href":"https:\/\/catolicanet.net\/wp-cnet\/wp-json\/wp\/v2\/posts\/59057\/revisions\/59059"}],"wp:featuredmedia":[{"embeddable":true,"href":"https:\/\/catolicanet.net\/wp-cnet\/wp-json\/wp\/v2\/media\/59058"}],"wp:attachment":[{"href":"https:\/\/catolicanet.net\/wp-cnet\/wp-json\/wp\/v2\/media?parent=59057"}],"wp:term":[{"taxonomy":"category","embeddable":true,"href":"https:\/\/catolicanet.net\/wp-cnet\/wp-json\/wp\/v2\/categories?post=59057"},{"taxonomy":"post_tag","embeddable":true,"href":"https:\/\/catolicanet.net\/wp-cnet\/wp-json\/wp\/v2\/tags?post=59057"}],"curies":[{"name":"wp","href":"https:\/\/api.w.org\/{rel}","templated":true}]}}