{"id":59053,"date":"2020-05-10T11:49:57","date_gmt":"2020-05-10T14:49:57","guid":{"rendered":"https:\/\/catolicanet.net\/wp-cnet\/?p=59053"},"modified":"2020-05-10T11:49:57","modified_gmt":"2020-05-10T14:49:57","slug":"dia-das-maes-que-amam-maes-que-cuidam","status":"publish","type":"post","link":"https:\/\/catolicanet.net\/wp-cnet\/dia-das-maes-que-amam-maes-que-cuidam\/","title":{"rendered":"DIA DAS M\u00c3ES QUE AMAM, M\u00c3ES QUE CUIDAM!"},"content":{"rendered":"<p style=\"text-align: justify;\"><em>\u201cUma sociedade sem m\u00e3es seria uma sociedade inumana, porque as m\u00e3es sabem testemunhar sempre, mesmo nos piores momentos, a ternura, a entrega, a for\u00e7a moral\u201d (Papa Francisco)<\/em><\/p>\n<p style=\"text-align: justify;\">\u00a0\u00a0\u00a0\u00a0\u00a0\u00a0\u00a0\u00a0 Celebramos, neste 5\u00ba. Domingo da P\u00e1scoa, o Dia das M\u00e3es! S\u00e3o estas mulheres que testemunham a beleza da vida, assim <em>\u201cser m\u00e3e n\u00e3o significa somente colocar um filho no mundo, mas \u00e9 tamb\u00e9m uma escolha de vida. Qual \u00e9 a escolha de vida de uma m\u00e3e? A escolha de vida de uma m\u00e3e \u00e9 a escolha de dar a vida. E isto \u00e9 grande, \u00e9 bonito.\u201d (Francisco, 2015 &#8211; https:\/\/noticias.cancaonova.com\/mundo\/papa-francisco-manifesta-gratidao-e-afeto-a-todas-as-maes\/ &#8211; acesso em 08 de maio de 2020). <\/em><\/p>\n<p style=\"text-align: justify;\"><em>\u00a0\u00a0\u00a0\u00a0\u00a0\u00a0\u00a0\u00a0 <\/em>O \u201cdar a vida\u201d \u00e9 o doar-se sem medidas, o amor incondicional que encontramos em todas as M\u00c3ES, desde as mais humildes, que tantas vezes s\u00e3o desamparadas e desassistidas pela sociedade e o Estado; as que sofrem ao verem seus filhos nos caminhos transviados nas drogas e pris\u00f5es; at\u00e9 aquelas que assistem e sofrem o leito de morte dos seus filhos vivenciando a invers\u00e3o do curso natural, enterrando aqueles que amou por primeiro.<\/p>\n<p style=\"text-align: justify;\">\u00a0\u00a0\u00a0\u00a0\u00a0\u00a0\u00a0\u00a0 A intensidade de amor vivido por estas mulheres \u00e9 divino, afinal s\u00f3 elas s\u00e3o capazes de \u201cmostrar o rosto materno de Deus\u201d, atrav\u00e9s da ternura, compaix\u00e3o, maternidade, sendo esta \u00faltima, uma participa\u00e7\u00e3o essencial no renova\u00e7\u00e3o da gera\u00e7\u00e3o humana, mist\u00e9rio da cria\u00e7\u00e3o (Francisco). Assim, <em>\u201cQuando um filho cresce, torna-se adulto, caminha com as pr\u00f3prias pernas, faz o que quer e, \u00e0s vezes, pode at\u00e9 sair do caminho. Em todas as situa\u00e7\u00f5es, a m\u00e3e tem sempre a paci\u00eancia de continuar a acompanhar os filhos. O que a impele \u00e9 a for\u00e7a do amor; a m\u00e3e sabe acompanhar com discri\u00e7\u00e3o e ternura o caminho dos filhos e at\u00e9 quando erram procura sempre o modo de os compreender, para estar pr\u00f3xima, para ajudar\u201d (Francisco, 2013 &#8211; <\/em>https:\/\/noticias.cancaonova.com\/mundo\/papa-francisco-manifesta-gratidao-e-afeto-a-todas-as-maes\/ &#8211; acesso em 08 de maio de 2020).<\/p>\n<p style=\"text-align: justify;\">\u00a0\u00a0\u00a0\u00a0\u00a0\u00a0\u00a0\u00a0 Ora, e a M\u00e3e sente quando o seu filho sofre, sente quando ele est\u00e1 passando por algo. N\u00e3o \u00e9 \u00e0 toa que a \u201cintui\u00e7\u00e3o de m\u00e3e\u201d nunca falha. E outra coisa que nunca falha \u00e9 quando a M\u00e3e pede a Deus pelo seu filho, afinal elas sabem bater \u00e0 porta do Cora\u00e7\u00e3o de Deus: <em>\u201cAs m\u00e3es rezam muito pelos seus filhos, especialmente pelos mais fr\u00e1geis, por quantos enfrentam maiores necessidades, por aqueles que na vida empreenderam caminhos perigosos ou errados\u201d (Francisco, 2013).<\/em><\/p>\n<p style=\"text-align: justify;\">\u00a0\u00a0\u00a0\u00a0\u00a0\u00a0\u00a0\u00a0 Enfim, o Ser M\u00e3e \u00e9 essencial para uma sociedade devido a for\u00e7a, luta, amor e caridade. <em>\u201cUma sociedade sem m\u00e3es seria uma sociedade inumana, porque as m\u00e3es sabem testemunhar sempre, mesmo nos piores momentos, a ternura, a entrega, a for\u00e7a moral\u201d (Papa Francisco).<\/em><\/p>\n<p style=\"text-align: justify;\">Que Deus aben\u00e7oe todas as m\u00e3es! Que do c\u00e9u as m\u00e3es e av\u00f3s falecidas sejam nossas intercessoras junto de Deus!<\/p>\n<p style=\"text-align: justify;\">Sauda\u00e7\u00f5es em Cristo Ressuscitado!<\/p>\n","protected":false},"excerpt":{"rendered":"<p>\u201cUma sociedade sem m\u00e3es seria uma sociedade inumana, porque as m\u00e3es sabem testemunhar sempre, mesmo nos piores momentos, a ternura, a entrega, a for\u00e7a moral\u201d (Papa Francisco) \u00a0\u00a0\u00a0\u00a0\u00a0\u00a0\u00a0\u00a0 Celebramos, neste 5\u00ba. Domingo da P\u00e1scoa, o Dia das M\u00e3es! S\u00e3o estas mulheres que testemunham a beleza da vida, assim \u201cser m\u00e3e n\u00e3o significa somente colocar um [&hellip;]<\/p>\n","protected":false},"author":10,"featured_media":55817,"comment_status":"open","ping_status":"closed","sticky":false,"template":"","format":"standard","meta":{"footnotes":""},"categories":[9],"tags":[],"class_list":["post-59053","post","type-post","status-publish","format-standard","has-post-thumbnail","hentry","category-artigos"],"_links":{"self":[{"href":"https:\/\/catolicanet.net\/wp-cnet\/wp-json\/wp\/v2\/posts\/59053","targetHints":{"allow":["GET"]}}],"collection":[{"href":"https:\/\/catolicanet.net\/wp-cnet\/wp-json\/wp\/v2\/posts"}],"about":[{"href":"https:\/\/catolicanet.net\/wp-cnet\/wp-json\/wp\/v2\/types\/post"}],"author":[{"embeddable":true,"href":"https:\/\/catolicanet.net\/wp-cnet\/wp-json\/wp\/v2\/users\/10"}],"replies":[{"embeddable":true,"href":"https:\/\/catolicanet.net\/wp-cnet\/wp-json\/wp\/v2\/comments?post=59053"}],"version-history":[{"count":1,"href":"https:\/\/catolicanet.net\/wp-cnet\/wp-json\/wp\/v2\/posts\/59053\/revisions"}],"predecessor-version":[{"id":59054,"href":"https:\/\/catolicanet.net\/wp-cnet\/wp-json\/wp\/v2\/posts\/59053\/revisions\/59054"}],"wp:featuredmedia":[{"embeddable":true,"href":"https:\/\/catolicanet.net\/wp-cnet\/wp-json\/wp\/v2\/media\/55817"}],"wp:attachment":[{"href":"https:\/\/catolicanet.net\/wp-cnet\/wp-json\/wp\/v2\/media?parent=59053"}],"wp:term":[{"taxonomy":"category","embeddable":true,"href":"https:\/\/catolicanet.net\/wp-cnet\/wp-json\/wp\/v2\/categories?post=59053"},{"taxonomy":"post_tag","embeddable":true,"href":"https:\/\/catolicanet.net\/wp-cnet\/wp-json\/wp\/v2\/tags?post=59053"}],"curies":[{"name":"wp","href":"https:\/\/api.w.org\/{rel}","templated":true}]}}