{"id":59051,"date":"2020-05-10T08:47:19","date_gmt":"2020-05-10T11:47:19","guid":{"rendered":"https:\/\/catolicanet.net\/wp-cnet\/?p=59051"},"modified":"2020-05-10T11:48:49","modified_gmt":"2020-05-10T14:48:49","slug":"o-que-voce-precisa-saber-sobre-coronavirus-covid-19","status":"publish","type":"post","link":"https:\/\/catolicanet.net\/wp-cnet\/o-que-voce-precisa-saber-sobre-coronavirus-covid-19\/","title":{"rendered":"O QUE VOC\u00ca PRECISA SABER SOBRE CORONAV\u00cdRUS\/COVID-19"},"content":{"rendered":"<h2 style=\"text-align: justify;\"><strong>O que \u00e9 COVID-19<\/strong><\/h2>\n<p style=\"text-align: justify;\">A\u00a0<strong>COVID-19<\/strong>\u00a0\u00e9 uma doen\u00e7a causada pelo coronav\u00edrus\u00a0<strong>SARS-CoV-2<\/strong>, que apresenta um quadro cl\u00ednico que varia de infec\u00e7\u00f5es assintom\u00e1ticas a quadros respirat\u00f3rios graves. De acordo com a Organiza\u00e7\u00e3o Mundial de Sa\u00fade (OMS), a maioria dos pacientes com COVID-19 (cerca de 80%) podem ser assintom\u00e1ticos e cerca de 20% dos casos podem requerer atendimento hospitalar por apresentarem dificuldade respirat\u00f3ria e desses casos aproximadamente 5% podem necessitar de suporte para o tratamento de insufici\u00eancia respirat\u00f3ria (suporte ventilat\u00f3rio).<\/p>\n<h3 style=\"text-align: justify;\">O que \u00e9 o coronav\u00edrus?<\/h3>\n<p style=\"text-align: justify;\">Coronav\u00edrus \u00e9 uma fam\u00edlia de v\u00edrus que causam infec\u00e7\u00f5es respirat\u00f3rias.\u00a0<strong>O novo agente do coronav\u00edrus foi descoberto em 31\/12\/19<\/strong>\u00a0ap\u00f3s casos registrados na China. Provoca a doen\u00e7a chamada de coronav\u00edrus (COVID-19). Os primeiros coronav\u00edrus humanos foram isolados pela primeira vez em 1937. No entanto, foi em 1965 que o v\u00edrus foi descrito como coronav\u00edrus, em decorr\u00eancia do perfil na microscopia, parecendo uma coroa. A maioria das pessoas se infecta com os coronav\u00edrus comuns ao longo da vida, sendo as crian\u00e7as pequenas mais propensas a se infectarem com o tipo mais comum do v\u00edrus. Os coronav\u00edrus mais comuns que infectam humanos s\u00e3o o alpha coronav\u00edrus 229E e NL63 e beta coronav\u00edrus OC43, HKU1.<\/p>\n<h2 style=\"text-align: justify;\"><strong>Quais s\u00e3o os sintomas<\/strong><\/h2>\n<p style=\"text-align: justify;\">Os sintomas da COVID-19 podem variar de um simples resfriado at\u00e9 uma pneumonia severa. Sendo os sintomas mais comuns:<\/p>\n<ul style=\"text-align: justify;\">\n<li>Tosse<\/li>\n<li>Febre<\/li>\n<li>Coriza<\/li>\n<li>Dor de garganta<\/li>\n<li>Dificuldade para respirar<\/li>\n<\/ul>\n<p style=\"text-align: justify;\">\n<h2 style=\"text-align: justify;\"><strong>Como \u00e9 transmitido<\/strong><\/h2>\n<p style=\"text-align: justify;\">A transmiss\u00e3o acontece de uma pessoa doente para outra ou por contato pr\u00f3ximo por meio de:<br \/>\n\u2022 Toque do aperto de m\u00e3o;<br \/>\n\u2022 Got\u00edculas de saliva;<br \/>\n\u2022 Espirro;<br \/>\n\u2022 Tosse;<br \/>\n\u2022 Catarro;<br \/>\n\u2022 Objetos ou superf\u00edcies contaminadas, como celulares, mesas, ma\u00e7anetas, brinquedos, teclados de computador etc.<\/p>\n<h2 style=\"text-align: justify;\"><strong>Como se proteger<\/strong><\/h2>\n<p style=\"text-align: justify;\">As recomenda\u00e7\u00f5es de preven\u00e7\u00e3o \u00e0 COVID-19 s\u00e3o as seguintes:<\/p>\n<ul style=\"text-align: justify;\">\n<li>Lave com frequ\u00eancia as m\u00e3os at\u00e9 a altura dos punhos, com \u00e1gua e sab\u00e3o, ou ent\u00e3o higienize com \u00e1lcool em gel 70%.<\/li>\n<li>Ao tossir ou espirrar, cubra nariz e boca com len\u00e7o ou com o bra\u00e7o, e n\u00e3o com as m\u00e3os.<\/li>\n<li>Evite tocar olhos, nariz e boca com as m\u00e3os n\u00e3o lavadas.<\/li>\n<li>Ao tocar, lave sempre as m\u00e3os como j\u00e1 indicado.<\/li>\n<li>Mantenha uma dist\u00e2ncia m\u00ednima de cerca de 2 metros de qualquer pessoa tossindo ou espirrando.<\/li>\n<li>Evite abra\u00e7os, beijos e apertos de m\u00e3os. Adote um comportamento amig\u00e1vel sem contato f\u00edsico, mas sempre com um sorriso no rosto.<\/li>\n<li>Higienize com frequ\u00eancia o celular e os brinquedos das crian\u00e7as.<\/li>\n<li>N\u00e3o compartilhe objetos de uso pessoal, como talheres, toalhas, pratos e copos.<\/li>\n<li>Mantenha os ambientes limpos e bem ventilados.<\/li>\n<li>Evite circula\u00e7\u00e3o desnecess\u00e1ria nas ruas, est\u00e1dios, teatros, shoppings, shows, cinemas e igrejas. Se puder, fique em casa.<\/li>\n<li>Se estiver doente, evite contato f\u00edsico com outras pessoas, principalmente idosos e doentes cr\u00f4nicos, e fique em casa at\u00e9 melhorar.<\/li>\n<li>Durma bem e tenha uma alimenta\u00e7\u00e3o saud\u00e1vel.<\/li>\n<li>Utilize m\u00e1scaras caseiras ou artesanais feitas de tecido em situa\u00e7\u00f5es de sa\u00edda de sua resid\u00eancia.<\/li>\n<\/ul>\n<h2 style=\"text-align: justify;\"><\/h2>\n<h2 style=\"text-align: justify;\"><strong>Servi\u00e7o de Sa\u00fade<\/strong><\/h2>\n<p style=\"text-align: justify;\">Procure um servi\u00e7o de sa\u00fade apenas se apresentar falta de ar.<\/p>\n<p style=\"text-align: justify;\"><a href=\"https:\/\/portalarquivos.saude.gov.br\/images\/pdf\/2020\/April\/18\/Hospitais-estaduais-CORONAV--RUS.pdf\">Lista de hospitais\u00a0que prestam atendimento em seu estado\/munic\u00edpio.<\/a><\/p>\n<p style=\"text-align: justify;\"><a href=\"https:\/\/portalarquivos.saude.gov.br\/images\/pdf\/2020\/April\/18\/postos-de-sa--de-com-endere--o.pdf\">Lista dos postos de sa\u00fade\u00a0que prestam atendimento em seu estado\/munic\u00edpio.<\/a><\/p>\n<p style=\"text-align: justify;\"><a href=\"https:\/\/portalarquivos.saude.gov.br\/images\/pdf\/2020\/April\/18\/lista-de-laboratorio.pdf\">Laborat\u00f3rios p\u00fablicos de refer\u00eancia de testagem para coronav\u00edrus<\/a><\/p>\n<p style=\"text-align: justify;\"><strong>Consulte: <\/strong><a href=\"https:\/\/coronavirus.saude.gov.br\/\"><strong>https:\/\/coronavirus.saude.gov.br\/<\/strong><\/a><\/p>\n<p style=\"text-align: justify;\">Dr. Agricio In\u00e1cio Jos\u00e9 do Vale<\/p>\n<p style=\"text-align: justify;\">Psicanalista Cl\u00ednico, PhD, pela Escola de Psican\u00e1lise da Sociedade Brasileira de Psican\u00e1lise Contempor\u00e2nea-RJ.<\/p>\n<p style=\"text-align: justify;\">Psicologia, Educa\u00e7\u00e3o e Desenvolvimento, pela Faculdade Metropolitana do Estado de S\u00e3o Paulo-SP.<\/p>\n<p style=\"text-align: justify;\">Psicologia Social das Organiza\u00e7\u00f5es, pela Faculdade Educamais-UNIMAIS de S\u00e3o Paulo-SP.<\/p>\n<p style=\"text-align: justify;\">Psicologia Cl\u00ednica e Atendimento Psicol\u00f3gico, pela Faculdade Sul Mineira-MG.<\/p>\n<p style=\"text-align: justify;\">Curso de Manejo Cl\u00ednico COVID-19 na Aten\u00e7\u00e3o Especializada, pela Universidade Aberta do SUS (UNA-SUS) e Universidade Federal de Minas Gerais-MG<\/p>\n<p style=\"text-align: justify;\">Curso Coronav\u00edrus, pela Faculdade de Medicina de Ribeir\u00e3o Preto \u2013 USP.<\/p>\n<p style=\"text-align: justify;\">Curso COVID-19: Diretrizes de Planejamento Operacional e Plataforma de parceiros para apoiar a prepara\u00e7\u00e3o e a resposta do pa\u00eds ao COVID-19, pela Organiza\u00e7\u00e3o Mundial da sa\u00fade (OMS). World Health Organization, may, 2020.<\/p>\n<p style=\"text-align: justify;\">Qualifica\u00e7\u00e3o Profissional em Aten\u00e7\u00e3o \u00e0 Sa\u00fade Mental do Homem, pela Universidade Federal de Santa Catarina-SC.<\/p>\n","protected":false},"excerpt":{"rendered":"<p>O que \u00e9 COVID-19 A\u00a0COVID-19\u00a0\u00e9 uma doen\u00e7a causada pelo coronav\u00edrus\u00a0SARS-CoV-2, que apresenta um quadro cl\u00ednico que varia de infec\u00e7\u00f5es assintom\u00e1ticas a quadros respirat\u00f3rios graves. De acordo com a Organiza\u00e7\u00e3o Mundial de Sa\u00fade (OMS), a maioria dos pacientes com COVID-19 (cerca de 80%) podem ser assintom\u00e1ticos e cerca de 20% dos casos podem requerer atendimento hospitalar [&hellip;]<\/p>\n","protected":false},"author":16,"featured_media":55822,"comment_status":"open","ping_status":"closed","sticky":false,"template":"","format":"standard","meta":{"footnotes":""},"categories":[9],"tags":[],"class_list":["post-59051","post","type-post","status-publish","format-standard","has-post-thumbnail","hentry","category-artigos"],"_links":{"self":[{"href":"https:\/\/catolicanet.net\/wp-cnet\/wp-json\/wp\/v2\/posts\/59051","targetHints":{"allow":["GET"]}}],"collection":[{"href":"https:\/\/catolicanet.net\/wp-cnet\/wp-json\/wp\/v2\/posts"}],"about":[{"href":"https:\/\/catolicanet.net\/wp-cnet\/wp-json\/wp\/v2\/types\/post"}],"author":[{"embeddable":true,"href":"https:\/\/catolicanet.net\/wp-cnet\/wp-json\/wp\/v2\/users\/16"}],"replies":[{"embeddable":true,"href":"https:\/\/catolicanet.net\/wp-cnet\/wp-json\/wp\/v2\/comments?post=59051"}],"version-history":[{"count":1,"href":"https:\/\/catolicanet.net\/wp-cnet\/wp-json\/wp\/v2\/posts\/59051\/revisions"}],"predecessor-version":[{"id":59052,"href":"https:\/\/catolicanet.net\/wp-cnet\/wp-json\/wp\/v2\/posts\/59051\/revisions\/59052"}],"wp:featuredmedia":[{"embeddable":true,"href":"https:\/\/catolicanet.net\/wp-cnet\/wp-json\/wp\/v2\/media\/55822"}],"wp:attachment":[{"href":"https:\/\/catolicanet.net\/wp-cnet\/wp-json\/wp\/v2\/media?parent=59051"}],"wp:term":[{"taxonomy":"category","embeddable":true,"href":"https:\/\/catolicanet.net\/wp-cnet\/wp-json\/wp\/v2\/categories?post=59051"},{"taxonomy":"post_tag","embeddable":true,"href":"https:\/\/catolicanet.net\/wp-cnet\/wp-json\/wp\/v2\/tags?post=59051"}],"curies":[{"name":"wp","href":"https:\/\/api.w.org\/{rel}","templated":true}]}}