{"id":5904,"date":"2015-06-19T15:05:34","date_gmt":"2015-06-19T18:05:34","guid":{"rendered":"http:\/\/catolicanet.net\/wp-cnet\/pastoral-familiar-reune-se-em-assembleia-nacional-para-planejamento\/"},"modified":"2017-06-29T15:15:22","modified_gmt":"2017-06-29T18:15:22","slug":"pastoral-familiar-reune-se-em-assembleia-nacional-para-planejamento","status":"publish","type":"post","link":"https:\/\/catolicanet.net\/wp-cnet\/pastoral-familiar-reune-se-em-assembleia-nacional-para-planejamento\/","title":{"rendered":"Pastoral Familiar re\u00fane-se em Assembleia Nacional para planejamento"},"content":{"rendered":"<p style=\"text-align: justify;\">\n<p><img decoding=\"async\" src=\"http:\/\/catolicanet.com.br\/images\/stories\/geral\/assembleia_da_pastoral_familiar2014.jpg\" border=\"0\" align=\"left\" \/>Tem in\u00edcio nesta sexta-feira, 19, a 39\u00ba Assembleia Ordin\u00e1ria da Pastoral Familiar, no Centro Cultura de Bras\u00edlia (CCB), com apresenta\u00e7\u00e3o da nova presid\u00eancia e assessoria nacional da Comiss\u00e3o Episcopal Pastoral para a Vida e a Fam\u00edlia (CEPVF) da Confer\u00eancia Nacional dos Bispos do Brasil (CNBB). O evento prosseguir\u00e1 at\u00e9 o domingo, 21.<\/p>\n<p>A Assembleia contar\u00e1 com a presen\u00e7a dos casais coordenadores regionais da Pastoral Familiar, padres assessores, bispos referenciais, representantes de movimentos, organismos e institutos de fam\u00edlia e, membros da coordena\u00e7\u00e3o da Comiss\u00e3o Nacional, sendo o casal coordenador Roque e Ver\u00f4nica, do regional Oeste 2, e Marivone e Volnei, do regional Sul 4, vice-coordenadores. O assessor da Comiss\u00e3o Episcopal Pastoral para a Vida e a Fam\u00edlia da CNBB, padre Moacir Arantes, rec\u00e9m empossado no cargo, far\u00e1 as media\u00e7\u00f5es dos trabalhos da Assembleia.<\/p>\n<p>O bispo de Osasco (SP) e presidente da CEPFV, dom Jo\u00e3o Bosco Barbosa de Sousa, eleito para presidir esta Comiss\u00e3o, durante a 53\u00aa Assembleia Geral, no m\u00eas de abril, explica que a Assembleia \u00e9 momento oportuno para avaliar a caminhada a Pastoral Familiar na Igreja no Brasil, em sintonia com a Assembleia Ordin\u00e1ria do S\u00ednodo dos Bispos.\u00a0 <\/p>\n<p>\u201cQueremos refletir sobre os grandes desafios que a fam\u00edlia tem vivido. Esse ano, especificamente, temos novidades, como a troca dos membros da Comiss\u00e3o Nacional. Por outro lado, a preocupa\u00e7\u00e3o de trocar experi\u00eancias, em vista de organizar melhor a articula\u00e7\u00e3o da Pastoral Familiar nos regionais, dioceses e par\u00f3quias\u201d, acrescentou.<\/p>\n<p>H\u00e1 dois meses na presid\u00eancia da Comiss\u00e3o, dom Jo\u00e3o Bosco aposta no crescimento da Pastoral Familiar como um dos eixos principais da A\u00e7\u00e3o Evangelizadora da Igreja no Brasil. \u201cEsperamos aprimorar este trabalho, que deve crescer muito. Muitos ainda veem Pastoral Familiar como mais uma pastoral. Mas, precisamos pensar e agir diferente, pois a Pastoral Familiar deve um eixo transversal da a\u00e7\u00e3o evangelizadora, buscando di\u00e1logo com todas as outras pastorais, envolvendo todos os membros da Igreja em uma a\u00e7\u00e3o mission\u00e1ria que precisa crescer\u201d, pontua dom Bosco.<\/p>\n<p>Agenda de trabalhos<\/p>\n<p>A programa\u00e7\u00e3o da Assembleia Nacional inclui a avalia\u00e7\u00e3o dos trabalhos desenvolvidos em 2014, Semana Nacional da Fam\u00edlia e Semana Nacional da Vida, presta\u00e7\u00e3o de contas, defini\u00e7\u00e3o do calend\u00e1rio para este ano, entre outras atividades.<\/p>\n<p>No s\u00e1bado, 20, haver\u00e1 partilha dos regionais, como tamb\u00e9m dos movimentos, pastorais e associa\u00e7\u00f5es de fam\u00edlia que integram a Comiss\u00e3o Nacional. Est\u00e1 prevista, ainda, reflex\u00e3o sobre as novas configura\u00e7\u00f5es na composi\u00e7\u00e3o das coordena\u00e7\u00f5es regionais e elabora\u00e7\u00e3o de Plano de Diretrizes.<\/p>\n<p>O assessor nacional, padre Moacir Arantes, comenta que no encontro os participantes ir\u00e3o sugerir ideias para compor um Plano de A\u00e7\u00e3o, a partir das novas Diretrizes Gerais aprovadas pela CNBB, com propostas de parcerias com outras pastorais como catequese, juventude, pastoral da crian\u00e7a e do idoso, entre outras.<\/p>\n<p>J\u00e1 no domingo, 21, o N\u00facleo Pedag\u00f3gico da Comiss\u00e3o Nacional da Pastoral Familiar, que inclui as atividades do Instituto Nacional da Fam\u00edlia e da Pastoral Familiar (INAPAF), sendo uma escola de forma\u00e7\u00e3o de lideran\u00e7as e agentes, far\u00e1 breve exposi\u00e7\u00e3o dos trabalhos em andamento.<\/p>\n","protected":false},"excerpt":{"rendered":"<p>Tem in\u00edcio nesta sexta-feira, 19, a 39\u00ba Assembleia Ordin\u00e1ria da Pastoral Familiar, no Centro Cultura de Bras\u00edlia (CCB), com apresenta\u00e7\u00e3o da nova presid\u00eancia e assessoria nacional da Comiss\u00e3o Episcopal Pastoral para a Vida e a Fam\u00edlia (CEPVF) da Confer\u00eancia Nacional dos Bispos do Brasil (CNBB). O evento prosseguir\u00e1 at\u00e9 o domingo, 21. A Assembleia contar\u00e1 [&hellip;]<\/p>\n","protected":false},"author":1,"featured_media":0,"comment_status":"closed","ping_status":"closed","sticky":false,"template":"","format":"standard","meta":{"footnotes":""},"categories":[7],"tags":[],"class_list":["post-5904","post","type-post","status-publish","format-standard","hentry","category-cnbb"],"_links":{"self":[{"href":"https:\/\/catolicanet.net\/wp-cnet\/wp-json\/wp\/v2\/posts\/5904","targetHints":{"allow":["GET"]}}],"collection":[{"href":"https:\/\/catolicanet.net\/wp-cnet\/wp-json\/wp\/v2\/posts"}],"about":[{"href":"https:\/\/catolicanet.net\/wp-cnet\/wp-json\/wp\/v2\/types\/post"}],"author":[{"embeddable":true,"href":"https:\/\/catolicanet.net\/wp-cnet\/wp-json\/wp\/v2\/users\/1"}],"replies":[{"embeddable":true,"href":"https:\/\/catolicanet.net\/wp-cnet\/wp-json\/wp\/v2\/comments?post=5904"}],"version-history":[{"count":1,"href":"https:\/\/catolicanet.net\/wp-cnet\/wp-json\/wp\/v2\/posts\/5904\/revisions"}],"predecessor-version":[{"id":10770,"href":"https:\/\/catolicanet.net\/wp-cnet\/wp-json\/wp\/v2\/posts\/5904\/revisions\/10770"}],"wp:attachment":[{"href":"https:\/\/catolicanet.net\/wp-cnet\/wp-json\/wp\/v2\/media?parent=5904"}],"wp:term":[{"taxonomy":"category","embeddable":true,"href":"https:\/\/catolicanet.net\/wp-cnet\/wp-json\/wp\/v2\/categories?post=5904"},{"taxonomy":"post_tag","embeddable":true,"href":"https:\/\/catolicanet.net\/wp-cnet\/wp-json\/wp\/v2\/tags?post=5904"}],"curies":[{"name":"wp","href":"https:\/\/api.w.org\/{rel}","templated":true}]}}