{"id":59032,"date":"2020-05-08T09:13:17","date_gmt":"2020-05-08T12:13:17","guid":{"rendered":"https:\/\/catolicanet.net\/wp-cnet\/?p=59032"},"modified":"2020-05-08T12:14:47","modified_gmt":"2020-05-08T15:14:47","slug":"luto-pelos-pais-como-superar-a-dor","status":"publish","type":"post","link":"https:\/\/catolicanet.net\/wp-cnet\/luto-pelos-pais-como-superar-a-dor\/","title":{"rendered":"Luto pelos pais: como superar a dor?"},"content":{"rendered":"<h2 class=\"subtitle\" style=\"text-align: justify;\">Muitas pessoas viram como a COVID-19 levou seus pais. Como podemos sobreviver \u00e0 morte de um pai ou uma m\u00e3e quando, dentro de n\u00f3s, uma parte \u00edntima desapareceu com aquele ente querido?<\/h2>\n<div class=\"base-post-content\">\n<p class=\"p1\" style=\"text-align: justify;\"><span class=\"s1\">Aos 47 anos de idade, Xavier acabou de perder o seu pai. Ele conhecia o fim inevit\u00e1vel da doen\u00e7a e estava preparado para isso. No entanto, \u201cn\u00e3o pensava que seria t\u00e3o dif\u00edcil\u201d, confessa.<\/span><\/p>\n<p class=\"p1\" style=\"text-align: justify;\"><span class=\"s1\">Sophie Poupard-Bonnet, treinadora especializada em acompanhamentos de lutos, ouviu muitos casos de pessoas como o desse pai de uma fam\u00edlia.<\/span><\/p>\n<p class=\"p1\" style=\"text-align: justify;\"><span class=\"s1\">\u201cO processo de luto pode ser longo e ter repercuss\u00f5es na vida profissional ou familiar. Tamb\u00e9m pode ser reativado anos depois\u201d.<\/span><\/p>\n<p class=\"p1\" style=\"text-align: justify;\"><span class=\"s1\">Com a morte de um pai ou uma m\u00e3e, \u201co filho adulto seguir\u00e1 as etapas do luto cl\u00e1ssico, mas aqui se acrescentam algumas especificidades que devem ser entendidas, pois, \u00e0s vezes, o filho adulto fica confuso da intensidade que sente pela morte do seu pai ou da sua m\u00e3e\u201d, explica Christophe Faur\u00e9, psiquiatra e psicoterapeuta.<\/span><\/p>\n<p class=\"p1\" style=\"text-align: justify;\"><span class=\"s1\">Seja calmo, tumultuado ou doloroso, esse sentimento \u00e0s vezes n\u00e3o tem nada a ver com a qualidade do v\u00ednculo com esse pai. Delphine \u00e9 o mais velho dos quatro irm\u00e3os.<\/span><\/p>\n<div class=\"nativo-inread\" style=\"text-align: justify;\"><\/div>\n<p class=\"p1\" style=\"text-align: justify;\"><span class=\"s1\">\u201cEu pensava que a morte do Papai seria terr\u00edvel, porque eu sentia tanto carinho por ele porque est\u00e1vamos muito pr\u00f3ximos um do outro. Mas n\u00e3o tive a experi\u00eancia dessa maneira\u201d.<\/span><\/p>\n<p class=\"p1\" style=\"text-align: justify;\"><span class=\"s1\"><b>Tempo de l\u00e1grimas e saudade<\/b><\/span><\/p>\n<p class=\"p1\" style=\"text-align: justify;\"><span class=\"s1\">Quando perdemos um ente querido, a tristeza \u00e9 muitas vezes m\u00faltipla. Podemos sofrer por n\u00f3s mesmos, pelos outros e pela pessoa falecida. Para n\u00f3s, \u00e9 o tempo das l\u00e1grimas e da saudade.<\/span><\/p>\n<p class=\"p1\" style=\"text-align: justify;\"><span class=\"s1\">Na experi\u00eancia de Marie: \u201cDurante meses, fiquei pensando em ligar para a Mam\u00e3e pelo telefone, mas depois percebi que n\u00e3o era mais poss\u00edvel\u201d. Se houver um c\u00f4njuge vi\u00favo, o sofrimento pode ser \u201ccomplicado\u201d, pelo fato de ter que confortar e cuidar dele ou dela.<\/span><\/p>\n<p class=\"p1\" style=\"text-align: justify;\"><span class=\"s1\">Seja um acontecimento planejado ou n\u00e3o, vivido com mais ou menos paz, a morte sempre levanta quest\u00f5es.<\/span><\/p>\n<p class=\"p1\" style=\"text-align: justify;\"><span class=\"s1\">De acordo com Sophie Poupard-Bonnet: \u201cMuitas vezes perturba as cren\u00e7as, a filosofia, o relacionamento com a fam\u00edlia\u201d. Quando os pais n\u00e3o est\u00e3o mais neste mundo, aparece a sensa\u00e7\u00e3o de estar \u201cna linha de frente\u201d.<\/span><\/p>\n<p class=\"p1\" style=\"text-align: justify;\"><span class=\"s1\">Se a ordem das gera\u00e7\u00f5es \u00e9 respeitada, a pr\u00f3xima pessoa \u00e0 espera sou eu. Isso tamb\u00e9m nos torna fr\u00e1geis, porque a seguran\u00e7a emocional ou \u00e0s vezes material garantida pelos pais desapareceu.<\/span><\/p>\n<p class=\"p1\" style=\"text-align: justify;\"><span class=\"s1\">De acordo com o psic\u00f3logo Daniel Desbois, \u201ca morte revela muito sobre n\u00f3s e sobre a outra pessoa\u201d. \u201cPercebemos nossas defici\u00eancias, nossa depend\u00eancia dessa pessoa\u201d, acrescenta. A morte traz \u00e0 luz o v\u00ednculo que une o filho com o pai.<\/span><\/p>\n<p class=\"p1\" style=\"text-align: justify;\"><span class=\"s1\">\u201cMuitas vezes h\u00e1 remorso por n\u00e3o ter perdoado, de culpa, por exemplo, por n\u00e3o o ter acompanhado at\u00e9 o fim.\u201d Estar em paz com o relacionamento, tomar consci\u00eancia das defici\u00eancias, superar como adulto as frustra\u00e7\u00f5es que at\u00e9 os melhores pais do mundo fazem seus filhos sofrerem, pedir a gra\u00e7a do perd\u00e3o, lhes permitem ficar em paz e romper o v\u00ednculo.<\/span><\/p>\n<p class=\"p1\" style=\"text-align: justify;\"><span class=\"s1\"><b>Uma grande e abrupta mudan\u00e7a em toda a fam\u00edlia<\/b><\/span><\/p>\n<p class=\"p1\" style=\"text-align: justify;\"><span class=\"s1\">Marion perdeu brutalmente a m\u00e3e aos 21 anos de idade: \u201cEla era a base da fam\u00edlia. Depois da sua morte, a fam\u00edlia explodiu em peda\u00e7os\u201d.<\/span><\/p>\n<p class=\"p1\" style=\"text-align: justify;\"><span class=\"s1\">Infelizmente, esse geralmente \u00e9 o caso quando as heran\u00e7as n\u00e3o v\u00e3o bem. N\u00e3o s\u00f3 elas minam a unidade familiar, mas as tens\u00f5es entre os herdeiros atrasam o desenvolvimento do luto de cada um.<\/span><\/p>\n<p class=\"p1\" style=\"text-align: justify;\"><span class=\"s1\">Por outro lado, a morte dos pais tamb\u00e9m pode aproximar mais os irm\u00e3os e as irm\u00e3s. Alexandre perdeu os pais num intervalo de dois anos: \u201cTive a impress\u00e3o de compartilhar meu sofrimento com meus irm\u00e3os. Isso tamb\u00e9m nos colocou no caminho da convers\u00e3o. Gra\u00e7as \u00e0s leituras comuns e as conversas verdadeiramente profundas, entendemos ao mesmo tempo os elementos essenciais da f\u00e9 crist\u00e3 (o abandono \u00e0 vontade de Deus, por exemplo). Vivemos momentos de comunh\u00e3o totalmente incr\u00edveis. Considero que \u00e9 um presente que nossos pais nos deixaram \u201d.<\/span><\/p>\n<p class=\"p1\" style=\"text-align: justify;\"><span class=\"s1\">Quando os av\u00f3s est\u00e3o presentes, os la\u00e7os entre os netos s\u00e3o mantidos. Mas com a morte deles, quem cuidar\u00e1 dos netos? Quem se tornar\u00e1 o \u201cPapai Noel dos primos\u201d?<\/span><\/p>\n<p class=\"p1\" style=\"text-align: justify;\"><span class=\"s1\">De acordo com \u00c9lisabeth, que incentiva um grupo de pessoas que est\u00e3o de luto na sua par\u00f3quia, \u201cquando n\u00e3o existe esse ponto de encontro, pode ser uma falta. \u00c9 uma mudan\u00e7a, uma adapta\u00e7\u00e3o que deve ser feita.\u201d<\/span><\/p>\n<p class=\"p1\" style=\"text-align: justify;\"><span class=\"s1\">Um pai ou uma m\u00e3e que morre leva com eles a sua mem\u00f3ria. Essa tomada de consci\u00eancia dolorosa diminui se podemos continuar a trocar as lembran\u00e7as entre os irm\u00e3os. Marion frequentemente fala sobre sua m\u00e3e para seus filhos, aproveitando as ocasi\u00f5es para contar sua hist\u00f3ria.<\/span><\/p>\n<p class=\"p1\" style=\"text-align: justify;\"><span class=\"s1\"><b>Como ajudar \u00e0s almas dos pais falecidos?<\/b><\/span><\/p>\n<p class=\"p1\" style=\"text-align: justify;\"><span class=\"s1\">Do ponto de vista espiritual, a pessoa em luto tamb\u00e9m pode estar triste pelo seu pai ou m\u00e3e e se preocupar com seu destino. \u201c\u00c0s vezes \u00e9 dif\u00edcil aplicar a esperan\u00e7a crist\u00e3 com nossos falecidos\u201d, confirma \u00c9lisabeth.<\/span><\/p>\n<p class=\"p1\" style=\"text-align: justify;\"><span class=\"s1\">\u201cIsso nos for\u00e7a a refletir sobre a miseric\u00f3rdia do Senhor e confiar NELE\u201d. Em concreto, sugere Daniel Desbois, \u201cpodemos orar por eles constantemente, organizar missas e pedir ao Senhor que os aben\u00e7oe onde quer que estejam\u201d.<\/span><\/p>\n<p class=\"p1\" style=\"text-align: justify;\"><span class=\"s1\">O luto acabar\u00e1 por desaparecer. \u201cA tristeza \u00e9 uma etapa, n\u00e3o um estado\u201d, explica o psic\u00f3logo. \u201cSe vemos que n\u00e3o sa\u00edmos da\u00ed, se come\u00e7amos a ter dificuldades na vida cotidiana, \u00e9 importante estar acompanhado por algu\u00e9m em quem voc\u00ea confia\u201d.<\/span><\/p>\n<p class=\"p1\" style=\"text-align: justify;\"><span class=\"s1\">Manter o passado, os conflitos n\u00e3o resolvidos, impede a felicidade no presente. \u00c9 bom lembrar os momentos de alegria vividos com os pais, agradec\u00ea-los pela pessoa em que nos tornamos gra\u00e7as \u00e0 eles.<\/span><\/p>\n<p class=\"p1\" style=\"text-align: justify;\"><span class=\"s1\">B\u00e9n\u00e9dicte de Saint-Germain<\/span><\/p>\n<\/div>\n","protected":false},"excerpt":{"rendered":"<p>Muitas pessoas viram como a COVID-19 levou seus pais. Como podemos sobreviver \u00e0 morte de um pai ou uma m\u00e3e quando, dentro de n\u00f3s, uma parte \u00edntima desapareceu com aquele ente querido? Aos 47 anos de idade, Xavier acabou de perder o seu pai. Ele conhecia o fim inevit\u00e1vel da doen\u00e7a e estava preparado para [&hellip;]<\/p>\n","protected":false},"author":1,"featured_media":59033,"comment_status":"open","ping_status":"closed","sticky":false,"template":"","format":"standard","meta":{"footnotes":""},"categories":[4],"tags":[],"class_list":["post-59032","post","type-post","status-publish","format-standard","has-post-thumbnail","hentry","category-cotidiano"],"_links":{"self":[{"href":"https:\/\/catolicanet.net\/wp-cnet\/wp-json\/wp\/v2\/posts\/59032","targetHints":{"allow":["GET"]}}],"collection":[{"href":"https:\/\/catolicanet.net\/wp-cnet\/wp-json\/wp\/v2\/posts"}],"about":[{"href":"https:\/\/catolicanet.net\/wp-cnet\/wp-json\/wp\/v2\/types\/post"}],"author":[{"embeddable":true,"href":"https:\/\/catolicanet.net\/wp-cnet\/wp-json\/wp\/v2\/users\/1"}],"replies":[{"embeddable":true,"href":"https:\/\/catolicanet.net\/wp-cnet\/wp-json\/wp\/v2\/comments?post=59032"}],"version-history":[{"count":1,"href":"https:\/\/catolicanet.net\/wp-cnet\/wp-json\/wp\/v2\/posts\/59032\/revisions"}],"predecessor-version":[{"id":59034,"href":"https:\/\/catolicanet.net\/wp-cnet\/wp-json\/wp\/v2\/posts\/59032\/revisions\/59034"}],"wp:featuredmedia":[{"embeddable":true,"href":"https:\/\/catolicanet.net\/wp-cnet\/wp-json\/wp\/v2\/media\/59033"}],"wp:attachment":[{"href":"https:\/\/catolicanet.net\/wp-cnet\/wp-json\/wp\/v2\/media?parent=59032"}],"wp:term":[{"taxonomy":"category","embeddable":true,"href":"https:\/\/catolicanet.net\/wp-cnet\/wp-json\/wp\/v2\/categories?post=59032"},{"taxonomy":"post_tag","embeddable":true,"href":"https:\/\/catolicanet.net\/wp-cnet\/wp-json\/wp\/v2\/tags?post=59032"}],"curies":[{"name":"wp","href":"https:\/\/api.w.org\/{rel}","templated":true}]}}