{"id":59029,"date":"2020-05-08T09:11:27","date_gmt":"2020-05-08T12:11:27","guid":{"rendered":"https:\/\/catolicanet.net\/wp-cnet\/?p=59029"},"modified":"2020-05-08T12:12:41","modified_gmt":"2020-05-08T15:12:41","slug":"8-de-maio-o-papa-pede-que-hoje-elevemos-esta-suplica-a-rainha-do-santo-rosario","status":"publish","type":"post","link":"https:\/\/catolicanet.net\/wp-cnet\/8-de-maio-o-papa-pede-que-hoje-elevemos-esta-suplica-a-rainha-do-santo-rosario\/","title":{"rendered":"8 de maio: o Papa pede que hoje elevemos esta S\u00faplica \u00e0 Rainha do Santo Ros\u00e1rio"},"content":{"rendered":"<h2 class=\"subtitle\" style=\"text-align: justify;\">A s\u00faplica foi escrita em 1883 pelo beato Bartolo Longo sob o t\u00edtulo \u201cAto de Amor \u00e0 Virgem Maria\u201d<\/h2>\n<div class=\"base-post-content\">Nesta sexta, 8 de maio, ser\u00e1 elevada no Santu\u00e1rio de Pompeia, no sul da It\u00e1lia, uma \u201c<strong>intensa ora\u00e7\u00e3o da S\u00faplica \u00e0 Rainha do Santo Ros\u00e1rio<\/strong>\u201c, conforme foi recordado pelo\u00a0<strong>Papa Francisco<\/strong>\u00a0no final da Audi\u00eancia geral desta quarta-feira, 6.<\/p>\n<p style=\"text-align: justify;\">O Papa exortou todos os fi\u00e9is a se unirem espiritualmente a este \u201cpopular ato de f\u00e9 e devo\u00e7\u00e3o\u201d, realizado todos os anos em 8 de maio e tamb\u00e9m no primeiro domingo de outubro.<\/p>\n<p style=\"text-align: justify;\">A ora\u00e7\u00e3o da S\u00faplica \u00e0 Rainha do Santo Ros\u00e1rio de Pompeia foi escrita em 1883 pelo\u00a0<strong>beato Bartolo Longo<\/strong>\u00a0sob o t\u00edtulo \u201c<strong>Ato de Amor \u00e0 Virgem Maria<\/strong>\u201c, em aten\u00e7\u00e3o \u00e0 recomenda\u00e7\u00e3o do\u00a0<strong>Papa Le\u00e3o XIII<\/strong>\u00a0para que se rezasse o\u00a0<strong>ter\u00e7o<\/strong>\u00a0a fim de enfrentar os males da sociedade.<\/p>\n<p style=\"text-align: justify;\">No momento atual, Francisco convida todos a rezarem \u201c<strong>para que, pela intercess\u00e3o de Nossa Senhora, o Senhor conceda miseric\u00f3rdia e paz \u00e0 Igreja e a todo o mundo<\/strong>\u201c.<\/p>\n<p style=\"text-align: justify;\">O arcebispo de Pompeia,\u00a0<strong>dom Tommaso Caputo<\/strong>, declarou ao\u00a0<em>Vatican News<\/em>\u00a0a respeito desta devo\u00e7\u00e3o:<\/p>\n<div class=\"nativo-inread\" style=\"text-align: justify;\"><\/div>\n<blockquote><p><em>\u201cDevemos rezar com o cora\u00e7\u00e3o de filhos que se dirigem \u00e0 sua m\u00e3e. Estamos precisando realmente de tudo e tudo devemos pedir ao Senhor, sabendo que temos uma advogada no C\u00e9u. Recordemos o epis\u00f3dio das Bodas de Can\u00e1, o primeiro milagre de Jesus. Maria, referindo-se aos esposos, diz ao Filho: \u2018Eles n\u00e3o t\u00eam mais vinho\u2019. E Jesus lhe responde: \u2018Que queres de mim, mulher? Minha hora ainda n\u00e3o chegou\u2019. Depois, por\u00e9m, Ele faz o que Sua M\u00e3e pediu. Pensemos ent\u00e3o no quanto Maria \u00e9 importante, no quanto \u00e9 poderosa a sua intercess\u00e3o. \u00c9 a ela que temos que pedir, pedir, pedir. E com a S\u00faplica, a ora\u00e7\u00e3o de Pompeia, fazemos isso de modo especial, fazemos todos juntos. A S\u00faplica que nasceu da inspira\u00e7\u00e3o do beato Bartolo Longo, leigo, escrita em 1883, \u00e9 uma prece \u2018coral\u2019. Assim como no \u2018Pai Nosso\u2019 nos dirigimos a Deus n\u00e3o individualmente, mas com os outros, tamb\u00e9m o fazemos na S\u00faplica. H\u00e1 um ponto que se diz na S\u00faplica: \u2018Debru\u00e7a, \u00f3 Maria, o teu olhar piedoso sobre n\u00f3s\u2019. Ou seja, sobre todos n\u00f3s, n\u00e3o apenas a mim, mas a n\u00f3s. E a postura com que devemos entrar em ora\u00e7\u00e3o \u00e9 a de compreender tamb\u00e9m os outros, todos os irm\u00e3os\u201d.<\/em><\/p><\/blockquote>\n<h3 style=\"text-align: justify;\">A S\u00faplica \u00e0 Rainha do Santo Ros\u00e1rio de Pompeia<\/h3>\n<blockquote><p><em>\u00d3 Ros\u00e1rio bendito de Maria,<\/em><\/p>\n<p><em>doce cadeia que nos prende a Deus,<\/em><\/p>\n<p><em>v\u00ednculo de amor que nos une aos Anjos,<\/em><\/p>\n<p><em>torre de salva\u00e7\u00e3o contra os assaltos do inferno,<\/em><\/p>\n<p><em>porto seguro no naufr\u00e1gio geral,<\/em><\/p>\n<p><em>n\u00e3o te deixaremos nunca mais.<\/em><\/p>\n<p><em>Ser\u00e1s o nosso conforto na hora da agonia.<\/em><\/p>\n<p><em>Seja para ti o \u00faltimo beijo da vida que se apaga.<\/em><\/p>\n<p><em>E a \u00faltima palavra dos nossos l\u00e1bios<\/em><\/p>\n<p><em>h\u00e1 de ser o vosso nome suave,<\/em><\/p>\n<p><em>\u00f3 Rainha do Ros\u00e1rio de Pompeia,<\/em><\/p>\n<p><em>\u00f3 nossa M\u00e3e querida,<\/em><\/p>\n<p><em>\u00f3 Ref\u00fagio dos pecadores,<\/em><\/p>\n<p><em>\u00f3 Soberana consoladora dos tristes.<\/em><\/p>\n<p><em>Sede bendita em todo o lado,<\/em><\/p>\n<p><em>hoje e sempre, na terra e no c\u00e9u.<\/em><\/p><\/blockquote>\n<h3 style=\"text-align: justify;\">A hist\u00f3ria desta poderosa devo\u00e7\u00e3o<\/h3>\n<figure class=\"aligncenter\" style=\"text-align: justify;\"><img decoding=\"async\" src=\"https:\/\/aleteiaportuguese.files.wordpress.com\/2017\/05\/nsa-do-rosario-de-pompeia-2.jpg?quality=100&amp;strip=all&amp;w=720\" alt=\"\" \/><\/p>\n<footer><small><\/small><\/footer>\n<\/figure>\n<p style=\"text-align: justify;\">A S\u00faplica \u00e0 Rainha do Santo Ros\u00e1rio de Pompeia \u00e9 uma ora\u00e7\u00e3o composta em 1883 pelo beato Bartolo Longo, fundador do Santu\u00e1rio de Nossa Senhora de Pompeia e das obras de caridade que fazem parte da sua proposta.<\/p>\n<p style=\"text-align: justify;\">Pompeia, no sul da It\u00e1lia, \u00e9 a mesma cidade que, no ano 79, foi destru\u00edda pela famos\u00edssima erup\u00e7\u00e3o do vulc\u00e3o Ves\u00favio, cujas cinzas sepultaram edif\u00edcios e moradores ao mesmo tempo em que os conservaram, como que petrificados, ao longo de quase dois mil\u00eanios. Essa antiga cidade pag\u00e3, em que a aristocracia romana se entretinha entre prazeres da carne e da mesa, atravessou uma longa era de abandono at\u00e9 voltar a receber, no s\u00e9culo IX, algumas fam\u00edlias de camponeses que erigiram por ali uma capela humilde.<\/p>\n<h3 style=\"text-align: justify;\">Beato Bartolo Longo: de \u201csacerdote de Satan\u00e1s\u201d a ap\u00f3stolo do Santo Ros\u00e1rio<\/h3>\n<p style=\"text-align: justify;\">Em 1872, chegou ao Vale de Pompeia o advogado Bartolo Longo, que, na juventude, se entregara a ideias e ideais afastados de Deus. Ele pr\u00f3prio chegou a declarar que tinha sido como um \u201csacerdote de Satan\u00e1s\u201d em seus tempos de rebeldia e desespero. Ap\u00f3s atravessar uma profunda depress\u00e3o e a tenta\u00e7\u00e3o repetida do suic\u00eddio, Bartolo Longo experimentou uma intensa experi\u00eancia de convers\u00e3o \u2013 que o levaria a ser beatificado por S\u00e3o Jo\u00e3o Paulo II em 1980.<\/p>\n<p style=\"text-align: justify;\">Em seu processo de convers\u00e3o, o beato foi inspirado a propagar a devo\u00e7\u00e3o ao Santo Ros\u00e1rio, o que o motivou, junto com a esposa, a construir em Pompeia o santu\u00e1rio dedicado a Nossa Senhora do Ros\u00e1rio.<\/p>\n<p style=\"text-align: justify;\">Foi em 1883 que ele comp\u00f4s a c\u00e9lebre S\u00faplica.<\/p>\n<figure class=\"aligncenter\" style=\"text-align: justify;\"><img decoding=\"async\" src=\"https:\/\/aleteiaportuguese.files.wordpress.com\/2017\/05\/87c59-beatobartololongoleigoedevotodorosc3a1rio.jpg?quality=100&amp;strip=all&amp;w=720\" alt=\"\" \/><\/p>\n<footer><small>CC<\/small><\/footer><figcaption>Beato Bartolo Longo<\/figcaption><\/figure>\n<p style=\"text-align: justify;\">Inicialmente, a ora\u00e7\u00e3o recebeu o t\u00edtulo de \u201cAto de Amor \u00e0 Virgem Maria\u201d. Mais tarde \u00e9 que foi alterada para \u201cS\u00faplica \u00e0 Poderosa Rainha do Sant\u00edssimo Ros\u00e1rio de Pompeia\u201d. Com o passar do tempo, a ora\u00e7\u00e3o foi recebendo v\u00e1rios retoques at\u00e9 chegar \u00e0 f\u00f3rmula atual.<\/p>\n<p style=\"text-align: justify;\">A devo\u00e7\u00e3o a Nossa Senhora do Ros\u00e1rio de Pompeia se espalhou pelo mundo gra\u00e7as aos emigrantes que, antes de partirem do porto de N\u00e1poles, passavam por Pompeia e recebiam a imagem de Nossa Senhora, ter\u00e7os e livretos de ora\u00e7\u00f5es. In\u00fameras igrejas e santu\u00e1rios foram sendo dedicados a Nossa Senhora de Pompeia mundo afora.<\/p>\n<h3 style=\"text-align: justify;\">Saiba mais sobre o beato Bartolo Longo<\/h3>\n<\/div>\n","protected":false},"excerpt":{"rendered":"<p>A s\u00faplica foi escrita em 1883 pelo beato Bartolo Longo sob o t\u00edtulo \u201cAto de Amor \u00e0 Virgem Maria\u201d Nesta sexta, 8 de maio, ser\u00e1 elevada no Santu\u00e1rio de Pompeia, no sul da It\u00e1lia, uma \u201cintensa ora\u00e7\u00e3o da S\u00faplica \u00e0 Rainha do Santo Ros\u00e1rio\u201c, conforme foi recordado pelo\u00a0Papa Francisco\u00a0no final da Audi\u00eancia geral desta quarta-feira, [&hellip;]<\/p>\n","protected":false},"author":1,"featured_media":59030,"comment_status":"open","ping_status":"closed","sticky":false,"template":"","format":"standard","meta":{"footnotes":""},"categories":[4],"tags":[],"class_list":["post-59029","post","type-post","status-publish","format-standard","has-post-thumbnail","hentry","category-cotidiano"],"_links":{"self":[{"href":"https:\/\/catolicanet.net\/wp-cnet\/wp-json\/wp\/v2\/posts\/59029","targetHints":{"allow":["GET"]}}],"collection":[{"href":"https:\/\/catolicanet.net\/wp-cnet\/wp-json\/wp\/v2\/posts"}],"about":[{"href":"https:\/\/catolicanet.net\/wp-cnet\/wp-json\/wp\/v2\/types\/post"}],"author":[{"embeddable":true,"href":"https:\/\/catolicanet.net\/wp-cnet\/wp-json\/wp\/v2\/users\/1"}],"replies":[{"embeddable":true,"href":"https:\/\/catolicanet.net\/wp-cnet\/wp-json\/wp\/v2\/comments?post=59029"}],"version-history":[{"count":1,"href":"https:\/\/catolicanet.net\/wp-cnet\/wp-json\/wp\/v2\/posts\/59029\/revisions"}],"predecessor-version":[{"id":59031,"href":"https:\/\/catolicanet.net\/wp-cnet\/wp-json\/wp\/v2\/posts\/59029\/revisions\/59031"}],"wp:featuredmedia":[{"embeddable":true,"href":"https:\/\/catolicanet.net\/wp-cnet\/wp-json\/wp\/v2\/media\/59030"}],"wp:attachment":[{"href":"https:\/\/catolicanet.net\/wp-cnet\/wp-json\/wp\/v2\/media?parent=59029"}],"wp:term":[{"taxonomy":"category","embeddable":true,"href":"https:\/\/catolicanet.net\/wp-cnet\/wp-json\/wp\/v2\/categories?post=59029"},{"taxonomy":"post_tag","embeddable":true,"href":"https:\/\/catolicanet.net\/wp-cnet\/wp-json\/wp\/v2\/tags?post=59029"}],"curies":[{"name":"wp","href":"https:\/\/api.w.org\/{rel}","templated":true}]}}