{"id":59017,"date":"2020-05-08T08:54:05","date_gmt":"2020-05-08T11:54:05","guid":{"rendered":"https:\/\/catolicanet.net\/wp-cnet\/?p=59017"},"modified":"2020-05-08T12:04:15","modified_gmt":"2020-05-08T15:04:15","slug":"em-tempos-de-pandemia-padre-patriky-afirma-que-a-cf-resgatou-o-sentido-de-que-amar-e-cuidar","status":"publish","type":"post","link":"https:\/\/catolicanet.net\/wp-cnet\/em-tempos-de-pandemia-padre-patriky-afirma-que-a-cf-resgatou-o-sentido-de-que-amar-e-cuidar\/","title":{"rendered":"Em tempos de pandemia, padre Patriky afirma que a CF resgatou o sentido de que \u201camar \u00e9 cuidar\u201d"},"content":{"rendered":"<p style=\"text-align: justify;\">Conscientizar, \u00e0 luz da Palavra de Deus, para o sentido da vida como Dom e Compromisso, que se traduz em rela\u00e7\u00f5es de m\u00fatuo cuidado entre as pessoas, na fam\u00edlia, na comunidade, na sociedade e no planeta, nossa Casa Comum, \u00e9 um dos objetivos principais da Campanha da Fraternidade deste ano que tem como tema \u201cFraternidade e Vida: Dom e Compromisso\u201d e o lema \u201dViu, sentiu Compaix\u00e3o e Cuidou dele\u201d.<\/p>\n<p style=\"text-align: justify;\">Extra\u00eddo da Par\u00e1bola do Bom Samaritano (Lc 10, 33-34), o lema da Campanha da Fraternidade, segundo o secret\u00e1rio-executivo das Campanhas da Confer\u00eancia Nacional dos Bispos do Brasil (CNBB), padre Patriky Samuel Batista, quer passar justamente a ideia do zelo e do quanto as pessoas podem ser capazes de interromper suas rotinas para cuidar, a exemplo do Bom Samaritano.<\/p>\n<p style=\"text-align: justify;\">Em tempos de pandemia, muitas iniciativas da Igreja no Brasil tem se inspirado na Campanha da Fraternidade 2020 e promovido rela\u00e7\u00f5es de cuidado m\u00fatuo entre as pessoas. Uma delas \u00e9 a A\u00e7\u00e3o Solid\u00e1ria Emergencial proposta pela CNBB e a C\u00e1ritas Brasileira, com o lema \u201c\u00c9 tempo de Cuidar\u201d, cujo enfoque \u00e9 promover iniciativas de apoio material, emocional e religioso aos afetados pelo avan\u00e7o do coronav\u00edrus.<\/p>\n<p style=\"text-align: justify;\">Em entrevista ao portal da CNBB, padre Patriky afirmou que a pandemia interrompeu a rotina de muita gente, assustando e provocando medo nos cora\u00e7\u00f5es, mas ele comentou que o \u201cinterromper a rotina\u201d tamb\u00e9m se apresentou como uma forma de cuidar, de rever o sentido da vida e para que as pessoas possam perceber que o amor, por mais que exija uma presen\u00e7a f\u00edsica, tamb\u00e9m consegue ir al\u00e9m. \u201cDa\u00ed a import\u00e2ncia de ajudar, de ser solid\u00e1rio, n\u00e3o somente com aquilo que n\u00f3s somos, mas com aquilo que temos e com aquilo que somos!\u201d, disse.<\/p>\n<blockquote><p>\u201cN\u00f3s somos reflexos do amor de Deus que escuta, que tem iniciativa para mandar uma mensagem, de fazer um telefonema, de levar uma palavra de esperan\u00e7a, de conforto, de viver a nossa miss\u00e3o de batizados sendo presen\u00e7a, sobretudo, nesses momentos de desafios, de pandemia, ent\u00e3o \u00e9 tempo de cuidar\u201d, afirmou padre Patriky.<\/p><\/blockquote>\n<p style=\"text-align: justify;\">Ainda de acordo com ele, a Campanha da Fraternidade que lembrou que \u00e9 tempo de amar, tamb\u00e9m resgatou o sentido de que amar \u00e9 se fazer presente, \u00e9 cuidar. \u201cO \u2018\u00c9 tempo de Cuidar\u2019 se tornou o \u2018Tempo de Amar\u2019\u201d, disse ele.<\/p>\n<p style=\"text-align: justify;\">\u201cQue Deus nos ajude ent\u00e3o a viver, de fato, esse tempo atentos tamb\u00e9m \u00e0quilo que o Senhor nos pede, para que n\u00f3s possamos ver, compadecer e cuidar, n\u00e3o somente promovendo campanhas, arrecada\u00e7\u00f5es de alimentos, mas fazendo da nossa vida um alimento. E se n\u00f3s estamos impossibilitados de nos abra\u00e7ar uns aos outros, que tal abra\u00e7armos essa Campanha? Que Deus nos aben\u00e7oe e proteja!\u201d, exortou padre Patriky.<\/p>\n<h3 style=\"text-align: justify;\">\u00c9 tempo de Cuidar<\/h3>\n<p style=\"text-align: justify;\">A A\u00e7\u00e3o Solid\u00e1ria Emergencial da Igreja no Brasil fornece orienta\u00e7\u00f5es para a continuidade e adapta\u00e7\u00e3o das a\u00e7\u00f5es em curso e tamb\u00e9m um grande est\u00edmulo aos gestos de generosidade e pr\u00e1ticas solid\u00e1rias que poder\u00e3o ser organizadas individualmente, em comunidades, par\u00f3quias ou dioceses com a finalidade de aliviar os impactos e consequ\u00eancias que afetam popula\u00e7\u00f5es vulner\u00e1veis em todo o pa\u00eds.<\/p>\n<p style=\"text-align: justify;\">Para saber como participar e ajudar (<a href=\"https:\/\/www.cnbb.org.br\/tempodecuidar\/\">clique aqui<\/a>).<\/p>\n","protected":false},"excerpt":{"rendered":"<p>Conscientizar, \u00e0 luz da Palavra de Deus, para o sentido da vida como Dom e Compromisso, que se traduz em rela\u00e7\u00f5es de m\u00fatuo cuidado entre as pessoas, na fam\u00edlia, na comunidade, na sociedade e no planeta, nossa Casa Comum, \u00e9 um dos objetivos principais da Campanha da Fraternidade deste ano que tem como tema \u201cFraternidade [&hellip;]<\/p>\n","protected":false},"author":1,"featured_media":59018,"comment_status":"open","ping_status":"closed","sticky":false,"template":"","format":"standard","meta":{"footnotes":""},"categories":[7],"tags":[],"class_list":["post-59017","post","type-post","status-publish","format-standard","has-post-thumbnail","hentry","category-cnbb"],"_links":{"self":[{"href":"https:\/\/catolicanet.net\/wp-cnet\/wp-json\/wp\/v2\/posts\/59017","targetHints":{"allow":["GET"]}}],"collection":[{"href":"https:\/\/catolicanet.net\/wp-cnet\/wp-json\/wp\/v2\/posts"}],"about":[{"href":"https:\/\/catolicanet.net\/wp-cnet\/wp-json\/wp\/v2\/types\/post"}],"author":[{"embeddable":true,"href":"https:\/\/catolicanet.net\/wp-cnet\/wp-json\/wp\/v2\/users\/1"}],"replies":[{"embeddable":true,"href":"https:\/\/catolicanet.net\/wp-cnet\/wp-json\/wp\/v2\/comments?post=59017"}],"version-history":[{"count":1,"href":"https:\/\/catolicanet.net\/wp-cnet\/wp-json\/wp\/v2\/posts\/59017\/revisions"}],"predecessor-version":[{"id":59019,"href":"https:\/\/catolicanet.net\/wp-cnet\/wp-json\/wp\/v2\/posts\/59017\/revisions\/59019"}],"wp:featuredmedia":[{"embeddable":true,"href":"https:\/\/catolicanet.net\/wp-cnet\/wp-json\/wp\/v2\/media\/59018"}],"wp:attachment":[{"href":"https:\/\/catolicanet.net\/wp-cnet\/wp-json\/wp\/v2\/media?parent=59017"}],"wp:term":[{"taxonomy":"category","embeddable":true,"href":"https:\/\/catolicanet.net\/wp-cnet\/wp-json\/wp\/v2\/categories?post=59017"},{"taxonomy":"post_tag","embeddable":true,"href":"https:\/\/catolicanet.net\/wp-cnet\/wp-json\/wp\/v2\/tags?post=59017"}],"curies":[{"name":"wp","href":"https:\/\/api.w.org\/{rel}","templated":true}]}}