{"id":58976,"date":"2020-05-07T09:54:00","date_gmt":"2020-05-07T12:54:00","guid":{"rendered":"https:\/\/catolicanet.net\/wp-cnet\/?p=58976"},"modified":"2020-05-07T12:55:58","modified_gmt":"2020-05-07T15:55:58","slug":"italia-marca-data-para-voltar-a-celebrar-missas-com-a-presenca-de-fieis","status":"publish","type":"post","link":"https:\/\/catolicanet.net\/wp-cnet\/italia-marca-data-para-voltar-a-celebrar-missas-com-a-presenca-de-fieis\/","title":{"rendered":"It\u00e1lia marca data para voltar a celebrar Missas com a presen\u00e7a de fi\u00e9is"},"content":{"rendered":"<p style=\"text-align: justify;\">A\u00a0Igreja\u00a0na It\u00e1lia j\u00e1 possui um protocolo acordado com o governo italiano que permitir\u00e1 retomar as Missas p\u00fablicas com a presen\u00e7a de fi\u00e9is, suspensas como medida de prote\u00e7\u00e3o diante da pandemia de coronav\u00edrus, a partir de 18 de maio.<\/p>\n<p style=\"text-align: justify;\">O protocolo estabelece uma s\u00e9rie de condi\u00e7\u00f5es de seguran\u00e7a para que as celebra\u00e7\u00f5es lit\u00fargicas possam ser realizadas normalmente, reduzindo ao m\u00e1ximo os riscos de cont\u00e1gio da COVID-19.<\/p>\n<p style=\"text-align: justify;\">O texto foi assinado na manh\u00e3 desta quinta-feira, 7 de maio, no Pal\u00e1cio Chigi, sede do governo italiano, entre o presidente da Confer\u00eancia Episcopal Italiana, Cardeal Gualtiero Bassetti, o presidente do Conselho de Ministros, Giuseppe Conte, e o ministro do Interior.<\/p>\n<p style=\"text-align: justify;\">Inclui medidas que afetam o acesso aos locais de culto onde se celebrem Missas, a higiene dos espa\u00e7os e dos objetos sagrados, as informa\u00e7\u00f5es que os fi\u00e9is que participem da liturgia dever\u00e3o ter e as medidas que os celebrantes dever\u00e3o seguir.<\/p>\n<p style=\"text-align: justify;\">Entre as medidas inclu\u00eddas no protocolo est\u00e1 a manuten\u00e7\u00e3o da dist\u00e2ncia de seguran\u00e7a de pelo menos um metro na lateral e na frente, assim como a obriga\u00e7\u00e3o de usar m\u00e1scara para poder participar da\u00a0Missa. O acesso \u00e0s igrejas ser\u00e1 regulado por uma equipe de volunt\u00e1rios, adequadamente protegidos com m\u00e1scaras e luvas e identificados.<\/p>\n<p style=\"text-align: justify;\">Naquelas par\u00f3quias que t\u00eam um grande fluxo de fi\u00e9is, ser\u00e1 considerada a possibilidade de aumentar o n\u00famero de Missas. Para garantir o acesso e a sa\u00edda do templo em ordem e mantendo a dist\u00e2ncia, ser\u00e3o fixadas portas de entrada e portas de sa\u00edda.<\/p>\n<p style=\"text-align: justify;\">N\u00e3o ser\u00e1 permitido o acesso para pessoas com sintomas de resfriado ou temperatura corporal acima de 37,5\u00baC. Tamb\u00e9m n\u00e3o poder\u00e3o entrar pessoas que testaram positivo para a COVID-19.<\/p>\n<p style=\"text-align: justify;\">Os templos dever\u00e3o ter espa\u00e7os reservados para pessoas com mobilidade reduzida. Al\u00e9m disso, as igrejas devem ter l\u00edquidos desinfetantes para as m\u00e3os na entrada.<\/p>\n<p style=\"text-align: justify;\">Ao finalizar a celebra\u00e7\u00e3o, tanto o templo como a sacristia ter\u00e3o que passar por um processo de desinfec\u00e7\u00e3o e limpeza e uma correta ventila\u00e7\u00e3o do espa\u00e7o sagrado. Isso tamb\u00e9m afeta objetos sagrados, microfones e outros objetos usados \u200b\u200bdurante a cerim\u00f4nia, que devem ser desinfetados. N\u00e3o haver\u00e1 \u00e1gua benta.<\/p>\n<p style=\"text-align: justify;\">Para respeitar a dist\u00e2ncia de seguran\u00e7a, a presen\u00e7a de concelebrantes ser\u00e1 reduzida. Quanto \u00e0 m\u00fasica, a Missa pode ser celebrada com um organista, mas n\u00e3o com um coral.<\/p>\n<p style=\"text-align: justify;\">O rito da paz continuar\u00e1 sendo omitido. A comunh\u00e3o ser\u00e1 distribu\u00edda com luvas e m\u00e1scara, evitando o contato com os fi\u00e9is. O protocolo tamb\u00e9m estabelece que n\u00e3o ser\u00e1 permitida a distribui\u00e7\u00e3o de livros com material de apoio para o canto entre os fi\u00e9is.<\/p>\n<p style=\"text-align: justify;\">Essas disposi\u00e7\u00f5es tamb\u00e9m se aplicar\u00e3o a outras celebra\u00e7\u00f5es, como batismos, matrim\u00f4nios, un\u00e7\u00e3o dos enfermos ou funerais. Por sua vez, as Crismas ser\u00e3o adiadas.<\/p>\n<p style=\"text-align: justify;\">A confiss\u00e3o deve ser feita em locais amplos e ventilados, onde se possa respeitar a dist\u00e2ncia de um metro. O sacerdote e o penitente dever\u00e3o usar m\u00e1scara durante a confiss\u00e3o.<\/p>\n<p style=\"text-align: justify;\">Por fim, o protocolo assinala que, onde n\u00e3o for poss\u00edvel celebrar o culto dentro da igreja, porque o edif\u00edcio n\u00e3o permite respeitar as medidas de preven\u00e7\u00e3o e seguran\u00e7a, poder\u00e1 ser estudada a possibilidade de celebrar no exterior do templo.<\/p>\n<p style=\"text-align: justify;\">Da mesma forma, recorda-se que h\u00e1 uma dispensa do preceito festivo por raz\u00f5es de idade e sa\u00fade, e se continuar\u00e1 favorecendo a op\u00e7\u00e3o de acompanhar a Missa ao vivo atrav\u00e9s dos meios de comunica\u00e7\u00e3o.<\/p>\n<p style=\"text-align: justify;\">De acordo com os dados mais recentes fornecidos pelo Minist\u00e9rio da Sa\u00fade italiano, correspondentes a quarta-feira, 6 de maio, nas \u00faltimas 24 horas foram registrados 1.444 novos diagn\u00f3sticos positivos de COVID-19 e 369 mortes. Atualmente, na It\u00e1lia, existem 91.528 infectados com coronav\u00edrus.<\/p>\n<p style=\"text-align: justify;\"><em>Publicado originalmente em\u00a0<a href=\"https:\/\/www.aciprensa.com\/noticias\/italia-mas-cerca-de-volver-a-celebrar-misas-con-la-presencia-de-fieles-20883\">ACI Prensa<\/a>. Traduzido e adaptado por Nath\u00e1lia Queiroz.<\/em><\/p>\n","protected":false},"excerpt":{"rendered":"<p>A\u00a0Igreja\u00a0na It\u00e1lia j\u00e1 possui um protocolo acordado com o governo italiano que permitir\u00e1 retomar as Missas p\u00fablicas com a presen\u00e7a de fi\u00e9is, suspensas como medida de prote\u00e7\u00e3o diante da pandemia de coronav\u00edrus, a partir de 18 de maio. O protocolo estabelece uma s\u00e9rie de condi\u00e7\u00f5es de seguran\u00e7a para que as celebra\u00e7\u00f5es lit\u00fargicas possam ser realizadas [&hellip;]<\/p>\n","protected":false},"author":1,"featured_media":58977,"comment_status":"open","ping_status":"closed","sticky":false,"template":"","format":"standard","meta":{"footnotes":""},"categories":[4],"tags":[],"class_list":["post-58976","post","type-post","status-publish","format-standard","has-post-thumbnail","hentry","category-cotidiano"],"_links":{"self":[{"href":"https:\/\/catolicanet.net\/wp-cnet\/wp-json\/wp\/v2\/posts\/58976","targetHints":{"allow":["GET"]}}],"collection":[{"href":"https:\/\/catolicanet.net\/wp-cnet\/wp-json\/wp\/v2\/posts"}],"about":[{"href":"https:\/\/catolicanet.net\/wp-cnet\/wp-json\/wp\/v2\/types\/post"}],"author":[{"embeddable":true,"href":"https:\/\/catolicanet.net\/wp-cnet\/wp-json\/wp\/v2\/users\/1"}],"replies":[{"embeddable":true,"href":"https:\/\/catolicanet.net\/wp-cnet\/wp-json\/wp\/v2\/comments?post=58976"}],"version-history":[{"count":1,"href":"https:\/\/catolicanet.net\/wp-cnet\/wp-json\/wp\/v2\/posts\/58976\/revisions"}],"predecessor-version":[{"id":58978,"href":"https:\/\/catolicanet.net\/wp-cnet\/wp-json\/wp\/v2\/posts\/58976\/revisions\/58978"}],"wp:featuredmedia":[{"embeddable":true,"href":"https:\/\/catolicanet.net\/wp-cnet\/wp-json\/wp\/v2\/media\/58977"}],"wp:attachment":[{"href":"https:\/\/catolicanet.net\/wp-cnet\/wp-json\/wp\/v2\/media?parent=58976"}],"wp:term":[{"taxonomy":"category","embeddable":true,"href":"https:\/\/catolicanet.net\/wp-cnet\/wp-json\/wp\/v2\/categories?post=58976"},{"taxonomy":"post_tag","embeddable":true,"href":"https:\/\/catolicanet.net\/wp-cnet\/wp-json\/wp\/v2\/tags?post=58976"}],"curies":[{"name":"wp","href":"https:\/\/api.w.org\/{rel}","templated":true}]}}