{"id":58970,"date":"2020-05-07T09:44:13","date_gmt":"2020-05-07T12:44:13","guid":{"rendered":"https:\/\/catolicanet.net\/wp-cnet\/?p=58970"},"modified":"2020-05-07T12:46:28","modified_gmt":"2020-05-07T15:46:28","slug":"setor-mobilidade-humana-se-reune-para-continuar-preparacao-da-6a-semana-social-brasileira","status":"publish","type":"post","link":"https:\/\/catolicanet.net\/wp-cnet\/setor-mobilidade-humana-se-reune-para-continuar-preparacao-da-6a-semana-social-brasileira\/","title":{"rendered":"Setor Mobilidade Humana se re\u00fane para continuar prepara\u00e7\u00e3o da 6\u00aa Semana Social Brasileira"},"content":{"rendered":"<p style=\"text-align: justify;\">Os bispos e coordenadores nacionais das pastorais que integram o Setor Mobilidade Humana da Comiss\u00e3o Episcopal Pastoral para a A\u00e7\u00e3o Sociotransformadora da Confer\u00eancia Nacional dos Bispos do Brasil (CNBB), se reuniram na \u00faltima quarta-feira, 6 de maio, de forma on-line para dar continuidade a prepara\u00e7\u00e3o da 6\u00aa Semana Social Brasileira (SSB), que ter\u00e1 como tema central: Mutir\u00e3o pela vida: por terra, teto e trabalho.<\/p>\n<p style=\"text-align: justify;\">A tem\u00e1tica teve como inspira\u00e7\u00e3o os tr\u00eas \u201cT\u201d, que foram gestados no 1\u00ba Encontro Mundial dos Movimentos Populares com o papa Francisco, em outubro de 2014, em Roma. Na \u00faltima segunda-feira, 4 de maio, a comiss\u00e3o lan\u00e7ou os perfis da 6\u00aa Semana Social Brasileira no Instagram e Twitter e reativou os perfis do Facebook e YouTube.<\/p>\n<div id=\"attachment_203252\" class=\"wp-caption alignright\" style=\"text-align: justify;\"><a href=\"https:\/\/www.cnbb.org.br\/wp-content\/uploads\/sites\/32\/2018\/11\/manoel-e1588863558496.jpg\"><img loading=\"lazy\" decoding=\"async\" class=\"wp-image-203252\" src=\"https:\/\/www.cnbb.org.br\/wp-content\/uploads\/sites\/32\/2018\/11\/manoel-e1588863558496-219x300.jpg\" srcset=\"https:\/\/www.cnbb.org.br\/wp-content\/uploads\/sites\/32\/2018\/11\/manoel-e1588863558496-219x300.jpg 219w, https:\/\/www.cnbb.org.br\/wp-content\/uploads\/sites\/32\/2018\/11\/manoel-e1588863558496.jpg 248w\" alt=\"\" width=\"168\" height=\"230\" aria-describedby=\"caption-attachment-203252\" \/><\/a><\/p>\n<p id=\"caption-attachment-203252\" class=\"wp-caption-text\"><em>Padre Manoel Filho<\/em><\/p>\n<\/div>\n<p style=\"text-align: justify;\"><em>O assessor nacional da Pastoral do Turismo, Padre Manoel Filho, explica que foi encaminhado na reuni\u00e3o como proposta, \u201ca necessidade de acompanhar os grupos da mobilidade humana com aten\u00e7\u00e3o \u00e0s demandas emergentes, especialmente os ciganos, n\u00f4mades, parquetes e refugiados\u201d.<\/em><\/p>\n<p style=\"text-align: justify;\">Padre Manoel ressalta que tamb\u00e9m foi proposto acompanhar, de forma estrutural, poss\u00edveis iniciativas legislativas ou governamentais que firam a dignidade humana nas pessoas em situa\u00e7\u00e3o de mobilidade.<\/p>\n<p style=\"text-align: justify;\"><em>\u201cApesar da preocupa\u00e7\u00e3o e dor do momento presente, a esperan\u00e7a se renova com os muitos sinais de solidariedade em todas as realidades\u201d.<\/em><\/p>\n<p style=\"text-align: justify;\">A reuni\u00e3o, coordenada pelo assessor da comiss\u00e3o, frei Ol\u00e1vio Dotto e pela secretariada pela Irm\u00e3 Claudina Scapini, teve an\u00e1lise de conjuntura feita por Daniel Seidel e partilha das experi\u00eancias de cada pastoral no contexto da Pandemia da Covid-19, na assist\u00eancia aos homens e mulheres em situa\u00e7\u00e3o de Mobilidade Humana.<\/p>\n<p style=\"text-align: justify;\">Estiveram presentes na reuni\u00e3o online o presidente da comiss\u00e3o, dom Jos\u00e9 Valdecir Santos Mendes, bispo da diocese de Brejo e outros tr\u00eas bispos membros da comiss\u00e3o, dom Jos\u00e9 Luiz Ferreira Salles, da diocese de Pesqueira; dom Francisco Cota de Oliveira, auxiliar da arquidiocese de Curitiba e dom Reginaldo Andrietta, da diocese de Jales e os coordenadores nacionais das Pastorais dos N\u00f4mades, Turismo, Povo do Mar, Rodovi\u00e1ria e Migrantes. O Instituto de Desenvolvimento Humano Integral e a Pastoral da Tr\u00edplice Fronteira tamb\u00e9m estavam presentes.<\/p>\n","protected":false},"excerpt":{"rendered":"<p>Os bispos e coordenadores nacionais das pastorais que integram o Setor Mobilidade Humana da Comiss\u00e3o Episcopal Pastoral para a A\u00e7\u00e3o Sociotransformadora da Confer\u00eancia Nacional dos Bispos do Brasil (CNBB), se reuniram na \u00faltima quarta-feira, 6 de maio, de forma on-line para dar continuidade a prepara\u00e7\u00e3o da 6\u00aa Semana Social Brasileira (SSB), que ter\u00e1 como tema [&hellip;]<\/p>\n","protected":false},"author":1,"featured_media":58971,"comment_status":"open","ping_status":"closed","sticky":false,"template":"","format":"standard","meta":{"footnotes":""},"categories":[7],"tags":[],"class_list":["post-58970","post","type-post","status-publish","format-standard","has-post-thumbnail","hentry","category-cnbb"],"_links":{"self":[{"href":"https:\/\/catolicanet.net\/wp-cnet\/wp-json\/wp\/v2\/posts\/58970","targetHints":{"allow":["GET"]}}],"collection":[{"href":"https:\/\/catolicanet.net\/wp-cnet\/wp-json\/wp\/v2\/posts"}],"about":[{"href":"https:\/\/catolicanet.net\/wp-cnet\/wp-json\/wp\/v2\/types\/post"}],"author":[{"embeddable":true,"href":"https:\/\/catolicanet.net\/wp-cnet\/wp-json\/wp\/v2\/users\/1"}],"replies":[{"embeddable":true,"href":"https:\/\/catolicanet.net\/wp-cnet\/wp-json\/wp\/v2\/comments?post=58970"}],"version-history":[{"count":1,"href":"https:\/\/catolicanet.net\/wp-cnet\/wp-json\/wp\/v2\/posts\/58970\/revisions"}],"predecessor-version":[{"id":58972,"href":"https:\/\/catolicanet.net\/wp-cnet\/wp-json\/wp\/v2\/posts\/58970\/revisions\/58972"}],"wp:featuredmedia":[{"embeddable":true,"href":"https:\/\/catolicanet.net\/wp-cnet\/wp-json\/wp\/v2\/media\/58971"}],"wp:attachment":[{"href":"https:\/\/catolicanet.net\/wp-cnet\/wp-json\/wp\/v2\/media?parent=58970"}],"wp:term":[{"taxonomy":"category","embeddable":true,"href":"https:\/\/catolicanet.net\/wp-cnet\/wp-json\/wp\/v2\/categories?post=58970"},{"taxonomy":"post_tag","embeddable":true,"href":"https:\/\/catolicanet.net\/wp-cnet\/wp-json\/wp\/v2\/tags?post=58970"}],"curies":[{"name":"wp","href":"https:\/\/api.w.org\/{rel}","templated":true}]}}