{"id":58966,"date":"2020-05-07T09:36:57","date_gmt":"2020-05-07T12:36:57","guid":{"rendered":"https:\/\/catolicanet.net\/wp-cnet\/?p=58966"},"modified":"2020-05-07T12:42:14","modified_gmt":"2020-05-07T15:42:14","slug":"em-tempos-de-pandemia-a-igreja-no-brasil-presta-um-servico-de-apoio-material-emocional-e-religioso-em-todo-territorio-brasileiro","status":"publish","type":"post","link":"https:\/\/catolicanet.net\/wp-cnet\/em-tempos-de-pandemia-a-igreja-no-brasil-presta-um-servico-de-apoio-material-emocional-e-religioso-em-todo-territorio-brasileiro\/","title":{"rendered":"Em tempos de pandemia, a Igreja no Brasil presta um servi\u00e7o de apoio material, emocional e religioso em todo territ\u00f3rio brasileiro"},"content":{"rendered":"<p style=\"text-align: justify;\"><a href=\"https:\/\/www.cnbb.org.br\/wp-content\/uploads\/sites\/32\/2020\/05\/Arte-da-Campanha-%C3%89-tempo-de-cuidar.jpg\"><img loading=\"lazy\" decoding=\"async\" class=\"size-full wp-image-238325 alignleft\" src=\"https:\/\/www.cnbb.org.br\/wp-content\/uploads\/sites\/32\/2020\/05\/Arte-da-Campanha-%C3%89-tempo-de-cuidar.jpg\" alt=\"\" width=\"254\" height=\"164\" \/><\/a>A Confer\u00eancia Nacional dos Bispos do Brasil (CNBB) e a C\u00e1ritas Brasileira lan\u00e7aram no domingo de P\u00e1scoa, 12 de abril deste ano, a campanha \u201c\u00c9 Tempo de Cuidar\u201d, uma a\u00e7\u00e3o solid\u00e1ria emergencial que que integra e estimula a realiza\u00e7\u00e3o em todas as 277 circunscri\u00e7\u00f5es eclesi\u00e1sticas da Igreja cat\u00f3lica no pa\u00eds (arqui\/dioceses, prelazias, eparquia e administra\u00e7\u00e3o apost\u00f3lica) de iniciativas de apoio material, emocional e religioso aos afetados pelo avan\u00e7o do Coronav\u00edrus no pa\u00eds.<\/p>\n<p style=\"text-align: justify;\">Segundo o bispo de Roraima, dom M\u00e1rio Ant\u00f4nio da Silva, segundo vice-presidente da CNBB e tamb\u00e9m presidente da C\u00e1ritas Brasileira, trata-se de uma iniciativa para que toda a Igreja e cada um de n\u00f3s ampliemos, neste tempo de pandemia, a solidariedade.\u00a0O bispo explicou que esta a\u00e7\u00e3o solid\u00e1ria \u00e9 um prolongamento e amplia\u00e7\u00e3o da Campanha da Fraternidade deste ano, cujo tema \u00e9 \u201cFraternidade e Vida: Dom e Compromisso\u201d e o lema, extra\u00eddo da par\u00e1bola do Bom Samaritano (Lc 10, 33-34), \u00e9 :\u201dViu, sentiu Compaix\u00e3o e Cuidou dele\u201d.<\/p>\n<div id=\"attachment_238326\" class=\"wp-caption alignright\" style=\"text-align: justify;\"><a href=\"https:\/\/www.cnbb.org.br\/wp-content\/uploads\/sites\/32\/2020\/05\/Dom-M%C3%A1rio-Ant%C3%B4nio-foto-A12-Ivan-Simas.jpg\"><img loading=\"lazy\" decoding=\"async\" class=\"wp-image-238326 size-medium\" src=\"https:\/\/www.cnbb.org.br\/wp-content\/uploads\/sites\/32\/2020\/05\/Dom-M%C3%A1rio-Ant%C3%B4nio-foto-A12-Ivan-Simas-300x200.jpg\" srcset=\"https:\/\/www.cnbb.org.br\/wp-content\/uploads\/sites\/32\/2020\/05\/Dom-M\u00e1rio-Ant\u00f4nio-foto-A12-Ivan-Simas-300x200.jpg 300w, https:\/\/www.cnbb.org.br\/wp-content\/uploads\/sites\/32\/2020\/05\/Dom-M\u00e1rio-Ant\u00f4nio-foto-A12-Ivan-Simas-768x512.jpg 768w, https:\/\/www.cnbb.org.br\/wp-content\/uploads\/sites\/32\/2020\/05\/Dom-M\u00e1rio-Ant\u00f4nio-foto-A12-Ivan-Simas.jpg 900w\" alt=\"\" width=\"300\" height=\"200\" aria-describedby=\"caption-attachment-238326\" \/><\/a><\/p>\n<p id=\"caption-attachment-238326\" class=\"wp-caption-text\">Dom M\u00e1rio Ant\u00f4nio, bispo de Roraima, vice-presidente da CNBB e presidente da C\u00e1ritas Brasileira. Foto: Portal A12<\/p>\n<\/div>\n<p style=\"text-align: justify;\">Dom M\u00e1rio explica que as a\u00e7\u00f5es, j\u00e1 em curso em nossas dioceses, par\u00f3quias e comunidades, s\u00e3o incentivadas pela a\u00e7\u00e3o emergencial. O foco do trabalho, refor\u00e7ou, s\u00e3o inciativas voltadas para responder \u00e0s necessidades das fam\u00edlias brasileiras, especialmente as que vivem em moradias prec\u00e1rias, das pessoas em situa\u00e7\u00e3o de rua, dos migrantes e refugiados. \u201cA campanha quer prestar um servi\u00e7o de aux\u00edlio material, emocional e humano e espiritual ao povo brasileiro que est\u00e1 sofrendo os impactos do avan\u00e7o do Coronav\u00edrus\u201d, disse em refer\u00eancia \u00e0s tr\u00eas dimens\u00f5es da campanha.<\/p>\n<p style=\"text-align: justify;\">\u201cA a\u00e7\u00e3o solid\u00e1ria emergencial une os cora\u00e7\u00f5es para que possamos cuidar da vida e amar o pr\u00f3ximo. Cuidemo-nos, cuidemos uns dos outros, cuidemos dos mais necessitados\u201d, disse. A Caridade, lembrou dom M\u00e1rio, \u00e9 um dos quatro pilares das Diretrizes Gerais da A\u00e7\u00e3o da Igreja no Brasil (2019-2023). Veja abaixo, algumas experi\u00eancias realizadas na Igreja no Brasil em cada um dos tr\u00eas eixos (materiais, emocionais e religiosos):<\/p>\n<h2 style=\"text-align: justify;\"><strong>Cuidados materiais<\/strong><\/h2>\n<p style=\"text-align: justify;\"><strong>Produ\u00e7\u00e3o de 10 mil m\u00e1scaras para doa\u00e7\u00e3o<\/strong><\/p>\n<p style=\"text-align: justify;\">Diversas par\u00f3quias da\u00a0<a href=\"https:\/\/cnbbsul3.org.br\/e-tempo-de-cuidar-diocese-de-santa-cruz-do-sul-produz-10-mil-mascaras-para-doacao\/\"><strong>diocese de Santa Cruz do Sul (RS)<\/strong>\u00a0<\/a>tamb\u00e9m est\u00e3o se envolvendo em campanhas de arrecada\u00e7\u00e3o de alimentos e produtos de higiene e limpeza em apoio \u00e0s fam\u00edlias. Em todo o Rio Grande do Sul, muitas das 18 arqui\/dioceses t\u00eam realizado a\u00e7\u00f5es de apoio \u00e0s institui\u00e7\u00f5es e \u00e0s fam\u00edlias em vulnerabilidade em virtude da quarentena pelo Covid-19. Na diocese de Santa Cruz do Sul, uma das a\u00e7\u00f5es foi assumida pelo Setor de Assist\u00eancia Social da Mitra Diocesana.<\/p>\n<p style=\"text-align: justify;\">A equipe diocesana, com o apoio de dom Alo\u00edsio Dilli, bispo diocesano, encaminhou a confec\u00e7\u00e3o de 10 mil m\u00e1scaras para serem distribu\u00eddas nos hospitais, casas geri\u00e1tricas, casas de atendimentos a menores e para a comunidade em geral.\u00a0A diocese comprou o tecido, o el\u00e1stico e a linha e muitas pessoas se voluntariaram para confeccion\u00e1-las. At\u00e9 o momento, a estimativa \u00e9 que j\u00e1 foram distribu\u00eddas cerca de seis mil m\u00e1scaras.<\/p>\n<p style=\"text-align: justify;\">Padre Roque Hammes, coordenador de pastoral, explica que a iniciativa foi pensada em virtude da falta de m\u00e1scaras para enfrentar a pandemia. \u201cSimplesmente n\u00e3o havia m\u00e1scaras no mercado, assim como tamb\u00e9m n\u00e3o havia \u00e1lcool gel. J\u00e1 que temos os projetos alternativos que funcionam nas periferias urbanas, contamos com a colabora\u00e7\u00e3o dois destes grupos que trabalham com corte e costura para iniciar a confec\u00e7\u00e3o. Depois outras pessoas se dispuseram a ajudar no trabalho\u201d, destaca padre Roque. Segundo ele, a ideia inicial era confeccionar m\u00e1scaras para hospitais, casas geri\u00e1tricas e fam\u00edlias atendidas pelos projetos alternativos. Depois se ampliou tamb\u00e9m para casas de acolhida a menores (Coopame).<\/p>\n<h3 style=\"text-align: justify;\"><strong><a href=\"https:\/\/www.cnbb.org.br\/wp-content\/uploads\/sites\/32\/2020\/05\/Costureiras-de-m%C3%A1scaras.jpg\"><img loading=\"lazy\" decoding=\"async\" class=\"wp-image-238327 size-large aligncenter\" src=\"https:\/\/www.cnbb.org.br\/wp-content\/uploads\/sites\/32\/2020\/05\/Costureiras-de-m%C3%A1scaras-1024x498.jpg\" srcset=\"https:\/\/www.cnbb.org.br\/wp-content\/uploads\/sites\/32\/2020\/05\/Costureiras-de-m\u00e1scaras-1024x498.jpg 1024w, https:\/\/www.cnbb.org.br\/wp-content\/uploads\/sites\/32\/2020\/05\/Costureiras-de-m\u00e1scaras-300x146.jpg 300w, https:\/\/www.cnbb.org.br\/wp-content\/uploads\/sites\/32\/2020\/05\/Costureiras-de-m\u00e1scaras-768x373.jpg 768w, https:\/\/www.cnbb.org.br\/wp-content\/uploads\/sites\/32\/2020\/05\/Costureiras-de-m\u00e1scaras.jpg 1152w\" alt=\"\" width=\"900\" height=\"438\" \/><\/a><\/strong><\/h3>\n<h3 style=\"text-align: justify;\"><strong>Cuidados emocionais<\/strong><\/h3>\n<p style=\"text-align: justify;\"><strong>Plant\u00e3o psicol\u00f3gico gratuito por telefone<\/strong><\/p>\n<div id=\"attachment_238324\" class=\"wp-caption alignleft\" style=\"text-align: justify;\"><a href=\"https:\/\/www.cnbb.org.br\/wp-content\/uploads\/sites\/32\/2020\/05\/Atendimento-psicol%C3%B3gico.jpeg\"><img loading=\"lazy\" decoding=\"async\" class=\"wp-image-238324 size-medium\" src=\"https:\/\/www.cnbb.org.br\/wp-content\/uploads\/sites\/32\/2020\/05\/Atendimento-psicol%C3%B3gico-300x200.jpeg\" srcset=\"https:\/\/www.cnbb.org.br\/wp-content\/uploads\/sites\/32\/2020\/05\/Atendimento-psicol\u00f3gico-300x200.jpeg 300w, https:\/\/www.cnbb.org.br\/wp-content\/uploads\/sites\/32\/2020\/05\/Atendimento-psicol\u00f3gico-768x511.jpeg 768w, https:\/\/www.cnbb.org.br\/wp-content\/uploads\/sites\/32\/2020\/05\/Atendimento-psicol\u00f3gico.jpeg 1000w\" alt=\"\" width=\"300\" height=\"200\" aria-describedby=\"caption-attachment-238324\" \/><\/a><\/p>\n<p id=\"caption-attachment-238324\" class=\"wp-caption-text\">Profissionais em plant\u00e3o psicol\u00f3gico para atendimento gratuito.<\/p>\n<\/div>\n<p style=\"text-align: justify;\">A\u00a0<a href=\"http:\/\/cnbbne2.org.br\/projeto-da-caritas-regional-e-adveniat-vai-beneficiar-catadores-de-reciclaveis-em-maceio\/\"><strong>C\u00e1ritas Diocesana de Caic\u00f3, no Rio Grande do Norte<\/strong><\/a>, est\u00e1 oferecendo atendimento psicol\u00f3gico gratuito por meio de liga\u00e7\u00f5es telef\u00f4nicas e videochamadas. A iniciativa, que faz parte da campanha \u201c\u00c9 tempo de cuidar\u201d promovida pela CNBB e C\u00e1ritas Brasileira, completa um m\u00eas nesta quarta (6) com a marca de mais de 70 pessoas beneficiadas, inclusive de outros Estados como Para\u00edba e Minas Gerais.<\/p>\n<p style=\"text-align: justify;\">O plant\u00e3o psicol\u00f3gico funciona de segunda a sexta das 14h \u00e0s 17h e nos s\u00e1bados das 8h \u00e0s 11h. Por meio do n\u00famero (84) 99687.0022, os interessados s\u00e3o acolhidos por psic\u00f3logos volunt\u00e1rios. Ao todo s\u00e3o oito profissionais dispon\u00edveis para atendimento.<\/p>\n<p style=\"text-align: justify;\">\u201cToda a estrutura f\u00edsica, incluindo telefone e internet, \u00e9 oferecida pela C\u00e1ritas e pela Diocese de Caic\u00f3. Como Igreja estamos muito preocupados com a sa\u00fade mental das pessoas neste tempo de pandemia que nos obriga a viver em isolamento social\u201d, afirma o coordenador da C\u00e1ritas Diocesana de Caic\u00f3, Carlos Martins.<\/p>\n<p style=\"text-align: justify;\">\u201cAs pessoas chegam a esperar dois anos para serem atendidas por um psic\u00f3logo. \u00c9 por isso que a C\u00e1ritas junto com a diocese vem atuando forte nessa \u00e1rea e n\u00e3o poderia deixar de dar uma aten\u00e7\u00e3o especial neste momento em que percebemos o aumento de casos de p\u00e2nico gerados pela ansiedade\u201d, conta Martins.<\/p>\n<p style=\"text-align: justify;\"><strong>Atendimento psicol\u00f3gico para trabalhadores da sa\u00fade<\/strong><\/p>\n<p style=\"text-align: justify;\">Na\u00a0<strong>Arquidiocese de Belo Horizonte (MG)<\/strong>, o\u00a0<a href=\"http:\/\/arquidiocesebh.org.br\/noticias\/solidariedadeemrede-voluntarios-cuidam-da-saude-mental-de-profissionais-da-area-da-saude\/\">N\u00facleo de Acolhida e Articula\u00e7\u00e3o da Solidariedade Paroquial (Naasp)<\/a>\u00a0da Par\u00f3quia Nossa Senhora da Boa Viagem \u2013 Santu\u00e1rio Arquidiocesano de Adora\u00e7\u00e3o Perp\u00e9tua mobilizou um grupo de psic\u00f3logos e psicanalisas para oferecer, gratuitamente, atendimentos on-line aos profissionais da \u00e1rea da sa\u00fade, neste tempo de pandemia da covid-19. O objetivo \u00e9 cuidar da sa\u00fade mental das pessoas que est\u00e3o \u201cna linha de frente\u201d no combate \u00e0 pandemia.<\/p>\n<p style=\"text-align: justify;\">O p\u00e1roco e reitor do Santu\u00e1rio, padre Marcelo Silva, que tamb\u00e9m \u00e9 psic\u00f3logo, est\u00e1 entre os especialistas que colocar\u00e3o seus conhecimentos a servi\u00e7o do bem estar de quem sofre com diferentes transtornos, a exemplo da depress\u00e3o, das crises de ansiedade e tantos outros males relacionados \u00e0 sa\u00fade mental, que se agravam neste tempo de pandemia, marcado pelas incertezas.<\/p>\n<p style=\"text-align: justify;\">Padre Marcelo Silva, em mensagem, agradeceu a cada volunt\u00e1rio que se prontificou a ajudar e pediu para que outros profissionais se unam aos que agora integram a iniciativa Solidariedade em Rede. O objetivo \u00e9 oferecer para um grupo cada vez maior de pessoas a possibilidade de um acompanhamento especializado na \u00e1rea da sa\u00fade mental. Para agendar as consultas on-line, o contato de WhatsApp \u00e9: (31) 98420-1204. Os atendimentos ser\u00e3o via WhatsApp ou Skype.<\/p>\n<h3 style=\"text-align: justify;\"><strong>Cuidados religiosos<\/strong><\/h3>\n<p style=\"text-align: justify;\"><strong>Conforto espiritual a moradores de pr\u00e9dios na Tijuca<\/strong><\/p>\n<p style=\"text-align: justify;\">O\u00a0<strong>Santu\u00e1rio Bas\u00edlica de S\u00e3o Sebasti\u00e3o<\/strong>, dos Frades Capuchinhos, na Tijuca, na cidade do Rio de Janeiro, encontrou um novo meio de levar conforto espiritual aos seus fi\u00e9is durante a pandemia do coronav\u00edrus e ficar mais perto deles. Desde meados de mar\u00e7o, sempre ao meio-dia, os religiosos ocupam a sacada do templo, na rua Haddock Lobo, para fazer a Ora\u00e7\u00e3o do \u00c2ngelus, que \u00e9 acompanhada das janelas, por moradores de pr\u00e9dios vizinhos.<\/p>\n<p style=\"text-align: justify;\">As pessoas que moram mais distantes podem acompanhar a transmiss\u00e3o ao vivo pela internet, por meio da p\u00e1gina do santu\u00e1rio no Facebook ou pelo grupo de Whatsapp (para ser adicionado basta ligar para 98247-2737).<\/p>\n<p style=\"text-align: justify;\">\u201cPercebemos que precis\u00e1vamos atingir os fi\u00e9is e n\u00e3o sab\u00edamos como. Vimos ent\u00e3o que t\u00ednhamos uma vizinhan\u00e7a, que foi nosso primeiro alvo, e apareceu essa ideia (da ora\u00e7\u00e3o na sacada)\u201d, explicou o frade Jorge Luiz de Oliveira, p\u00e1roco e reitor do santu\u00e1rio.<\/p>\n<p style=\"text-align: justify;\">O religioso contou que, inicialmente, n\u00e3o fazia ideia de como a novidade ia ser recebida pela vizinhan\u00e7a e, todos os cuidados foram tomados para n\u00e3o incomodar quem n\u00e3o tivesse interesse em acompanhar, seja por n\u00e3o ser cat\u00f3lico ou por outra raz\u00e3o qualquer. Mais de um m\u00eas depois, o p\u00e1roco da igreja dos Capuchinhos garante que a novidade foi aprovada. Mas, foram necess\u00e1rias algumas adapta\u00e7\u00f5es.<\/p>\n<p style=\"text-align: justify;\">A ora\u00e7\u00e3o do meio-dia tem sido um alento para a aposentada Maria das Gra\u00e7as Campos Tavares, de 65 anos, que desde 10 de mar\u00e7o n\u00e3o vai \u00e0 igreja, apesar de morar perto, por causa do isolamento social. Antes da pandemia, a missa das 7h era um programa quase que di\u00e1rio para a fiel. A moradora da rua Haddock Lobo est\u00e1 entre os que aprovaram a iniciativa dos frades capuchinhos.<\/p>\n<p style=\"text-align: justify;\">Na\u00a0<strong>par\u00f3quia Jesus Mestre da arquidiocese de Curitiba<\/strong>\u00a0\u00e9 poss\u00edvel acompanhar missas todos os dias, momentos de ora\u00e7\u00e3o do ter\u00e7o com a participa\u00e7\u00e3o do p\u00e1roco, vig\u00e1rio e dos paroquianos (lives em dupla), celebra\u00e7\u00f5es de agradecimento, momentos com entrevistas sobre as a\u00e7\u00f5es que a igreja est\u00e1 fazendo neste tempo de pandemia, ter\u00e7o da Miseric\u00f3rdia, etc., por meio de lives no Instagram, da par\u00f3quia universit\u00e1ria da Pontif\u00edcia Universidade Cat\u00f3lica do Paran\u00e1 (PUCPR)\u201d.<\/p>\n<p style=\"text-align: justify;\"><a href=\"https:\/\/www.cnbb.org.br\/wp-content\/uploads\/sites\/32\/2020\/05\/Igreja-Solid%C3%A1ria-em-SC.png\"><img loading=\"lazy\" decoding=\"async\" class=\"aligncenter wp-image-238340 size-full\" src=\"https:\/\/www.cnbb.org.br\/wp-content\/uploads\/sites\/32\/2020\/05\/Igreja-Solid%C3%A1ria-em-SC.png\" srcset=\"https:\/\/www.cnbb.org.br\/wp-content\/uploads\/sites\/32\/2020\/05\/Igreja-Solid\u00e1ria-em-SC.png 990w, https:\/\/www.cnbb.org.br\/wp-content\/uploads\/sites\/32\/2020\/05\/Igreja-Solid\u00e1ria-em-SC-300x191.png 300w, https:\/\/www.cnbb.org.br\/wp-content\/uploads\/sites\/32\/2020\/05\/Igreja-Solid\u00e1ria-em-SC-768x488.png 768w\" alt=\"\" width=\"990\" height=\"629\" \/><\/a><\/p>\n<p style=\"text-align: justify;\">A Igreja em Santa Catarina, diante da gravidade da pandemia do Covid-19, tem refletido com todo o Povo de Deus em territ\u00f3rio catarinense sobre a necessidade de um olhar especial \u00e0 caridade nos tempos dif\u00edceis que nos encontramos. Desde a indica\u00e7\u00e3o do distanciamento social ao cuidado com os mais empobrecidos, as dez dioceses do Regional Sul 4 da Confer\u00eancia Nacional dos Bispos do Brasil (CNBB), com zelo pastoral, vem reafirmando o compromisso de promo\u00e7\u00e3o do bem comum e a prote\u00e7\u00e3o da vida.<\/p>\n<p style=\"text-align: justify;\">Muitas a\u00e7\u00f5es e campanhas j\u00e1 existem em todas as regi\u00f5es de Santa Catarina. O grande objetivo desta A\u00e7\u00e3o Solid\u00e1ria Emergencial \u00e9 o mapeamento das reais necessidades locais e a visibilidade destas atividades. Pensando nisso, iniciamos hoje no portal da CNBB Sul 4 e da C\u00e1ritas SC uma s\u00e9rie de reportagens intitulada de \u2018Igreja Solid\u00e1ria: boas iniciativas da Igreja Cat\u00f3lica em Santa Catarina\u2019. Com a colabora\u00e7\u00e3o de comunicadores e das assessorias de imprensa e comunica\u00e7\u00e3o das dioceses do Regional, queremos mostrar para voc\u00eas os rostos e iniciativas de pessoas que n\u00e3o deixam a solidariedade adormecer.<\/p>\n<p style=\"text-align: justify;\">Saiba mais sobre as a\u00e7\u00f5es do projeto Igreja Solid\u00e1ria em Santa Catarina<a href=\"https:\/\/cnbbsul4.org.br\/2020\/05\/06\/igreja-solidaria-boas-iniciativas-da-igreja-catolica-em-santa-catarina\/\">\u00a0aqui.<\/a><\/p>\n<p style=\"text-align: justify;\"><em>Com informa\u00e7\u00f5es dos Regionais Sul 3, Sul 4 e Nordeste 2<\/em><\/p>\n","protected":false},"excerpt":{"rendered":"<p>A Confer\u00eancia Nacional dos Bispos do Brasil (CNBB) e a C\u00e1ritas Brasileira lan\u00e7aram no domingo de P\u00e1scoa, 12 de abril deste ano, a campanha \u201c\u00c9 Tempo de Cuidar\u201d, uma a\u00e7\u00e3o solid\u00e1ria emergencial que que integra e estimula a realiza\u00e7\u00e3o em todas as 277 circunscri\u00e7\u00f5es eclesi\u00e1sticas da Igreja cat\u00f3lica no pa\u00eds (arqui\/dioceses, prelazias, eparquia e administra\u00e7\u00e3o [&hellip;]<\/p>\n","protected":false},"author":1,"featured_media":58967,"comment_status":"open","ping_status":"closed","sticky":false,"template":"","format":"standard","meta":{"footnotes":""},"categories":[7,13],"tags":[],"class_list":["post-58966","post","type-post","status-publish","format-standard","has-post-thumbnail","hentry","category-cnbb","category-featured"],"_links":{"self":[{"href":"https:\/\/catolicanet.net\/wp-cnet\/wp-json\/wp\/v2\/posts\/58966","targetHints":{"allow":["GET"]}}],"collection":[{"href":"https:\/\/catolicanet.net\/wp-cnet\/wp-json\/wp\/v2\/posts"}],"about":[{"href":"https:\/\/catolicanet.net\/wp-cnet\/wp-json\/wp\/v2\/types\/post"}],"author":[{"embeddable":true,"href":"https:\/\/catolicanet.net\/wp-cnet\/wp-json\/wp\/v2\/users\/1"}],"replies":[{"embeddable":true,"href":"https:\/\/catolicanet.net\/wp-cnet\/wp-json\/wp\/v2\/comments?post=58966"}],"version-history":[{"count":1,"href":"https:\/\/catolicanet.net\/wp-cnet\/wp-json\/wp\/v2\/posts\/58966\/revisions"}],"predecessor-version":[{"id":58968,"href":"https:\/\/catolicanet.net\/wp-cnet\/wp-json\/wp\/v2\/posts\/58966\/revisions\/58968"}],"wp:featuredmedia":[{"embeddable":true,"href":"https:\/\/catolicanet.net\/wp-cnet\/wp-json\/wp\/v2\/media\/58967"}],"wp:attachment":[{"href":"https:\/\/catolicanet.net\/wp-cnet\/wp-json\/wp\/v2\/media?parent=58966"}],"wp:term":[{"taxonomy":"category","embeddable":true,"href":"https:\/\/catolicanet.net\/wp-cnet\/wp-json\/wp\/v2\/categories?post=58966"},{"taxonomy":"post_tag","embeddable":true,"href":"https:\/\/catolicanet.net\/wp-cnet\/wp-json\/wp\/v2\/tags?post=58966"}],"curies":[{"name":"wp","href":"https:\/\/api.w.org\/{rel}","templated":true}]}}