{"id":58960,"date":"2020-05-07T09:31:44","date_gmt":"2020-05-07T12:31:44","guid":{"rendered":"https:\/\/catolicanet.net\/wp-cnet\/?p=58960"},"modified":"2020-05-07T12:33:46","modified_gmt":"2020-05-07T15:33:46","slug":"beatificacoes-adiadas-becciu-nao-podem-ser-substituidas-por-cerimonias-virtuais","status":"publish","type":"post","link":"https:\/\/catolicanet.net\/wp-cnet\/beatificacoes-adiadas-becciu-nao-podem-ser-substituidas-por-cerimonias-virtuais\/","title":{"rendered":"Beatifica\u00e7\u00f5es adiadas, Becciu: n\u00e3o podem ser substitu\u00eddas por cerim\u00f4nias virtuais"},"content":{"rendered":"<p style=\"text-align: justify;\"><em>Beatifica\u00e7\u00e3o de Guadalupe Ortiz em Madri, Espanha, em 19 de maio de 2019, presidida pelo cardeal Angelo Becciu<\/em><\/p>\n<div class=\"article__subTitle\" style=\"text-align: justify;\">A emerg\u00eancia da Covid-19 e as medidas restritivas impostas pela Fase 2 levaram ao adiamento das cinco cerim\u00f4nias de beatifica\u00e7\u00e3o programadas para maio e junho deste ano. A decis\u00e3o da Congrega\u00e7\u00e3o das Causas dos Santos n\u00e3o exclui outros adiamentos. Cardeal Becciu: \u201cA beatifica\u00e7\u00e3o come\u00e7a com o povo, n\u00e3o pode ser em streaming\u201d.<\/div>\n<div class=\"title__separator\" style=\"text-align: justify;\"><\/div>\n<div class=\"article__text\">\n<p style=\"text-align: justify;\"><b>Roberta Barbi\/Mariangela Jaguraba \u2013 Cidade do Vaticano<\/b><\/p>\n<p style=\"text-align: justify;\">As cinco cerim\u00f4nias de beatifica\u00e7\u00e3o programadas para maio e junho deste ano pela Congrega\u00e7\u00e3o das Causas dos Santos foram adiadas para uma data a ser definida por causa da pandemia de coronav\u00edrus. A not\u00edcia foi divulgada pelo prefeito do organismo vaticano,<b>\u00a0cardeal Angelo Becciu<\/b>\u00a0que ao\u00a0<b>Vatican News<\/b>\u00a0falou de \u201cum grande sofrimento, sobretudo para as comunidades eclesiais que se preparavam para a grande festa do povo\u201d. \u201c\u00c9 dif\u00edcil pensar numa &#8216;adapta\u00e7\u00e3o&#8217; simplesmente por\u00a0<i>streaming<\/i>, teria sido um retrocesso\u201d, observou o respons\u00e1vel do dicast\u00e9rio, enfatizando que \u201co processo de beatifica\u00e7\u00e3o come\u00e7a do povo, da aclama\u00e7\u00e3o que testemunha a \u2018fama de santidade\u2019 da pessoa, ou seja, a opini\u00e3o comum do povo segundo o qual a vida do novo beato era rica de virtudes crist\u00e3s, fecundidade apost\u00f3lica e morte edificante\u201d.<\/p>\n<div style=\"text-align: justify;\">\n<div class=\"article__embed article__embed--unwrap article__embed--dark\">\n<div class=\"article__innerTitle\">Ou\u00e7a e compartilhe<\/div>\n<div>https:\/\/media.vaticannews.va\/media\/audio\/s1\/2020\/05\/06\/18\/135586523_F135586523.mp3<\/div>\n<\/div>\n<\/div>\n<h2 style=\"text-align: justify;\">O prefeito: \u201cN\u00e3o se excluem outros adiamentos\u201d<\/h2>\n<p style=\"text-align: justify;\">Uma decis\u00e3o sofrida, mas necess\u00e1ria por causa das precau\u00e7\u00f5es a serem tomadas na Fase 2 da luta contra a epidemia e partilhada pelas comunidades locais e pela Santa S\u00e9. \u201cForam as comunidades diocesanas, considerada a situa\u00e7\u00e3o e o prolongamento das condi\u00e7\u00f5es que pro\u00edbem as reuni\u00f5es populares, que pediram para adiar as celebra\u00e7\u00f5es, embora com grande desagrado\u201d, disse o cardeal Becciu. \u201cQuando na Igreja local se celebra uma beatifica\u00e7\u00e3o h\u00e1 uma grande participa\u00e7\u00e3o popular, milhares e milhares de pessoas, com a necessidade de uma prepara\u00e7\u00e3o minuciosa, sobretudo espiritual, a fim de redescobrir a figura do novo beato ou m\u00e1rtir\u201d, frisou o purpurado. Numa situa\u00e7\u00e3o de isolamento e distanciamento f\u00edsico, obviamente, isso \u00e9 extremamente dif\u00edcil. \u201cEis porque a decis\u00e3o de adiar solicitada pelos bispos e partilhada pela Santa S\u00e9. Por enquanto, cinco beatifica\u00e7\u00f5es foram adiadas. N\u00e3o se excluem outros adiamentos. Acompanhamos a evolu\u00e7\u00e3o da pandemia e as medidas relacionadas a ela\u201d, sublinhou o prefeito da Congrega\u00e7\u00e3o das Causas dos Santos.<\/p>\n<h2 style=\"text-align: justify;\">Cardeal Stefan Wyszy\u0144ski, cust\u00f3dio da Igreja polonesa<\/h2>\n<p style=\"text-align: justify;\">Dentre as figuras mais conhecidas que ser\u00e3o beatificadas mais tarde, est\u00e1 o\u00a0<b>cardeal Stefan Wyszy\u0144ski<\/b>, cuja cerim\u00f4nia estava marcada para 7 de junho pr\u00f3ximo. O Primaz da Pol\u00f4nia, que desde 1948 tamb\u00e9m governou as dioceses de Vars\u00f3via e Gniezno, trabalhou muito para preservar e nutrir a f\u00e9 de seu povo e da Igreja na Pol\u00f4nia durante os anos mais dif\u00edceis de opress\u00e3o do regime comunista, com o qual tratou v\u00e1rias vezes com o objetivo de n\u00e3o exacerbar o conflito. Ele tamb\u00e9m \u00e9 considerado o pai espiritual e o precursor da obra de S\u00e3o Jo\u00e3o Paulo II.<\/p>\n<h2 style=\"text-align: justify;\">Os outros futuros beatos: religiosos, m\u00e1rtires e leigos<\/h2>\n<p style=\"text-align: justify;\">A primeira que deveria ser beatificada, em ordem cronol\u00f3gica, com uma cerim\u00f4nia prevista para o s\u00e1bado, 9 de maio, em Lecco, \u00e9 a irm\u00e3\u00a0<b>L\u00facia da Imaculada Concei\u00e7\u00e3o<\/b>, religiosa professa do Instituto das Servas da Caridade, um exemplo na assist\u00eancia aos pobres e doentes no hospital e tamb\u00e9m a domic\u00edlio, lembrada por todos por sua capacidade de transformar as amarguras em sorrisos.<\/p>\n<p style=\"text-align: justify;\">Em 16 de maio, em Soccavo, N\u00e1poles, teria subido \u00e0s honras dos altares\u00a0<b>Maria Luigia do Sant\u00edssimo Sacramento<\/b>, fundadora do Instituto das Irm\u00e3s Franciscanas Adoradoras da Santa Cruz, que se dedicou particularmente na educa\u00e7\u00e3o dos jovens e era chamada em vida de a \u201cmonja santa\u201d.<\/p>\n<p style=\"text-align: justify;\">No dia 23 de maio, deveria ser beatificado\u00a0<b>Cayetano Gim\u00e9nez Mart\u00ecn<\/b>, sacerdote proveniente de Alforn\u00f2n, e\u00a0<b>15 companheiros<\/b>\u00a0entre religiosos e leigos, destinados a enriquecer as fileiras de m\u00e1rtires causadas pela Guerra Civil Espanhola. Eles foram perseguidos por pertencerem \u00e0 Igreja e a Jesus e mortos por \u00f3dio \u00e0 f\u00e9.<\/p>\n<p style=\"text-align: justify;\">Por fim, em 14 de junho deveria ser beatificada em Riccione a jovem leiga\u00a0<b>Sandra Sabattini<\/b>, disc\u00edpula espiritual de dom Benzi e de sua Comunidade Papa Jo\u00e3o XXIII, morta aos 23 anos.<\/p>\n<\/div>\n","protected":false},"excerpt":{"rendered":"<p>Beatifica\u00e7\u00e3o de Guadalupe Ortiz em Madri, Espanha, em 19 de maio de 2019, presidida pelo cardeal Angelo Becciu A emerg\u00eancia da Covid-19 e as medidas restritivas impostas pela Fase 2 levaram ao adiamento das cinco cerim\u00f4nias de beatifica\u00e7\u00e3o programadas para maio e junho deste ano. A decis\u00e3o da Congrega\u00e7\u00e3o das Causas dos Santos n\u00e3o exclui [&hellip;]<\/p>\n","protected":false},"author":1,"featured_media":58961,"comment_status":"open","ping_status":"closed","sticky":false,"template":"","format":"standard","meta":{"footnotes":""},"categories":[3],"tags":[],"class_list":["post-58960","post","type-post","status-publish","format-standard","has-post-thumbnail","hentry","category-vaticano"],"_links":{"self":[{"href":"https:\/\/catolicanet.net\/wp-cnet\/wp-json\/wp\/v2\/posts\/58960","targetHints":{"allow":["GET"]}}],"collection":[{"href":"https:\/\/catolicanet.net\/wp-cnet\/wp-json\/wp\/v2\/posts"}],"about":[{"href":"https:\/\/catolicanet.net\/wp-cnet\/wp-json\/wp\/v2\/types\/post"}],"author":[{"embeddable":true,"href":"https:\/\/catolicanet.net\/wp-cnet\/wp-json\/wp\/v2\/users\/1"}],"replies":[{"embeddable":true,"href":"https:\/\/catolicanet.net\/wp-cnet\/wp-json\/wp\/v2\/comments?post=58960"}],"version-history":[{"count":1,"href":"https:\/\/catolicanet.net\/wp-cnet\/wp-json\/wp\/v2\/posts\/58960\/revisions"}],"predecessor-version":[{"id":58962,"href":"https:\/\/catolicanet.net\/wp-cnet\/wp-json\/wp\/v2\/posts\/58960\/revisions\/58962"}],"wp:featuredmedia":[{"embeddable":true,"href":"https:\/\/catolicanet.net\/wp-cnet\/wp-json\/wp\/v2\/media\/58961"}],"wp:attachment":[{"href":"https:\/\/catolicanet.net\/wp-cnet\/wp-json\/wp\/v2\/media?parent=58960"}],"wp:term":[{"taxonomy":"category","embeddable":true,"href":"https:\/\/catolicanet.net\/wp-cnet\/wp-json\/wp\/v2\/categories?post=58960"},{"taxonomy":"post_tag","embeddable":true,"href":"https:\/\/catolicanet.net\/wp-cnet\/wp-json\/wp\/v2\/tags?post=58960"}],"curies":[{"name":"wp","href":"https:\/\/api.w.org\/{rel}","templated":true}]}}