{"id":58926,"date":"2020-05-06T09:26:55","date_gmt":"2020-05-06T12:26:55","guid":{"rendered":"https:\/\/catolicanet.net\/wp-cnet\/?p=58926"},"modified":"2020-05-06T15:28:29","modified_gmt":"2020-05-06T18:28:29","slug":"o-papa-na-audiencia-geral-a-oracao-e-o-respiro-da-fe","status":"publish","type":"post","link":"https:\/\/catolicanet.net\/wp-cnet\/o-papa-na-audiencia-geral-a-oracao-e-o-respiro-da-fe\/","title":{"rendered":"O Papa na Audi\u00eancia Geral: \u201cA ora\u00e7\u00e3o \u00e9 o respiro da f\u00e9\u201d"},"content":{"rendered":"<div class=\"article__subTitle\" style=\"text-align: justify;\">&#8220;A f\u00e9 \u00e9 um grito, a falta de f\u00e9 \u00e9 sufocar aquele grito, \u00e9 como um \u201csil\u00eancio\u201d. A f\u00e9 \u00e9 um protesto contra uma condi\u00e7\u00e3o dolorosa da qual n\u00e3o entendemos o motivo; a falta de f\u00e9 \u00e9 aceitar viver uma situa\u00e7\u00e3o \u00e0 qual nos adaptamos. A f\u00e9 \u00e9 esperan\u00e7a de ser salvo; a falta de f\u00e9 \u00e9 habituar-se ao mal que nos oprime&#8221;, disse Francisco.<\/div>\n<div class=\"title__separator\" style=\"text-align: justify;\"><\/div>\n<div class=\"article__text\">\n<p style=\"text-align: justify;\"><b>Mariangela Jaguraba &#8211; Cidade do Vaticano<\/b><\/p>\n<p style=\"text-align: justify;\">Na Audi\u00eancia Geral desta quarta-feira (06\/05), realizada na Biblioteca do Pal\u00e1cio Apost\u00f3lico, por causa da pandemia de coronav\u00edrus, o Papa Francisco iniciou um\u00a0<b>novo ciclo de catequeses<\/b>, desta vez dedicado \u00e0\u00a0<b>ora\u00e7\u00e3o<\/b>.<\/p>\n<p style=\"text-align: justify;\">\u201c<b>A ora\u00e7\u00e3o \u00e9 o respiro da f\u00e9<\/b>, \u00e9 a sua express\u00e3o mais apropriada. Como um grito que sai do cora\u00e7\u00e3o de quem acredita e confia em Deus\u201d, disse Francisco, convidando a pensar na hist\u00f3ria do cego\u00a0<b>Bartimeu,<\/b>\u00a0que ficava sentado na rua pedindo esmola na periferia de Jeric\u00f3. \u201cN\u00e3o \u00e9 um personagem an\u00f4nimo, ele tem um rosto, um nome: Bartimeu, o filho de Timeu\u201d, disse o Papa, que ouve falar que Jesus passaria por ali e faz de tudo para encontrar Jesus.<\/p>\n<div style=\"text-align: justify;\">\n<div class=\"article__embed article__embed--unwrap article__embed--dark\">\n<div class=\"article__innerTitle\">Ou\u00e7a e compartilhe<\/div>\n<div>https:\/\/media.vaticannews.va\/media\/audio\/s1\/2020\/05\/06\/11\/135583631_F135583631.mp3<\/div>\n<\/div>\n<\/div>\n<h2 style=\"text-align: justify;\">A ora\u00e7\u00e3o de Bartimeu toca o cora\u00e7\u00e3o de Jesus<\/h2>\n<p style=\"text-align: justify;\"><i>Este homem entra nos Evangelhos como uma voz que grita com toda a for\u00e7a. Ele n\u00e3o v\u00ea. Ele n\u00e3o sabe se Jesus est\u00e1 perto ou longe, mas entende isso atrav\u00e9s da multid\u00e3o, que a um certo ponto aumenta e se aproxima, mas ele est\u00e1 completamente sozinho e ningu\u00e9m se importa com isso. E o que Bartimeu faz? Grita. Usa a \u00fanica arma que tem: a voz. Come\u00e7a a gritar: \u00abJesus, Filho de Davi, tem piedade de mim!\u00bb<\/i><\/p>\n<p style=\"text-align: justify;\">O Papa frisou que \u201cos seus gritos insistentes incomodam e muitos o repreendem, dizendo-lhe para ficar quieto. Bartimeu n\u00e3o se cala, pelo contr\u00e1rio, grita ainda mais forte: \u00abJesus, Filho de Davi, tem piedade de mim!\u00bb Essa express\u00e3o: \u2018Filho de Davi\u2019 \u00e9 muito importante, significa \u2018o Messias\u2019. \u00c9 uma profiss\u00e3o de f\u00e9 que sai da boca daquele homem desprezado por todos\u201d.<\/p>\n<p style=\"text-align: justify;\"><i>Jesus escuta o seu grito. A ora\u00e7\u00e3o de Bartimeu toca seu cora\u00e7\u00e3o, o cora\u00e7\u00e3o de Deus, e as portas da salva\u00e7\u00e3o se abrem para ele. Jesus o chama. Ele se levanta e aqueles que antes lhe disseram para ficar calado agora o conduzem ao Mestre. Jesus fala com ele, pede para que expresse o seu desejo e ent\u00e3o o grito se torna um pedido: \u00abMestre, eu quero ver de novo\u00bb.<\/i><\/p>\n<div style=\"text-align: justify;\">\n<aside class=\"article__readmore\">\n<div class=\"teaser--labelEvidence teaser teaser--type-udienze_papali\">\n<article>\n<div class=\"teaser__labelWrapper\"><\/div>\n<div class=\"teaser__contentWrapper\">\n<div><span style=\"color: #111111; font-family: Roboto, sans-serif; font-size: 27px;\">A falta de f\u00e9 \u00e9 habituar-se ao mal que nos oprime<\/span><\/div>\n<\/div>\n<\/article>\n<\/div>\n<\/aside>\n<\/div>\n<p style=\"text-align: justify;\">Jesus lhe disse: \u201cVai, a tua f\u00e9 te salvou\u201d. O Senhor\u00a0<b>\u201creconhece a for\u00e7a da f\u00e9 daquele homem pobre, indefeso e desprezado, que atraiu a miseric\u00f3rdia e o poder de Deus. A f\u00e9 \u00e9 ter duas m\u00e3os levantadas, uma voz que grita, implorando o dom da salva\u00e7\u00e3o\u201d<\/b>, disse ainda o Papa, recordando que o Catecismo da Igreja Cat\u00f3lica afirma que \u201ca humildade \u00e9 o fundamento da ora\u00e7\u00e3o\u201d. \u00a0\u201cA ora\u00e7\u00e3o nasce da terra, do h\u00famus, de onde vem o \u201chumilde\u201d, a \u00a0\u201chumildade\u201d; vem do nosso estado de precariedade, da nossa sede cont\u00ednua de Deus.\u201d A seguir, Francisco acrescentou:<\/p>\n<p style=\"text-align: justify;\"><i>A f\u00e9 \u00e9 um grito, a falta de f\u00e9 \u00e9 sufocar aquele grito, \u00e9 como um \u201csil\u00eancio\u201d. A f\u00e9 \u00e9 um protesto contra uma condi\u00e7\u00e3o dolorosa da qual n\u00e3o entendemos o motivo; a falta de f\u00e9 \u00e9 aceitar viver uma situa\u00e7\u00e3o \u00e0 qual nos adaptamos. A f\u00e9 \u00e9 esperan\u00e7a de ser salvo; a falta de f\u00e9 \u00e9 habituar-se ao mal que nos oprime.<\/i><\/p>\n<p style=\"text-align: justify;\">Segundo o Papa,\u00a0<b>\u201cBartimeu \u00e9 um homem perseverante.<\/b>\u00a0Ao seu redor havia pessoas que diziam que implorar era in\u00fatil, que era um grito sem resposta, que era um barulho que incomodava e basta: mas ele n\u00e3o ficou em sil\u00eancio. E no final, conseguiu o que queria\u201d.<\/p>\n<h2 style=\"text-align: justify;\">No cora\u00e7\u00e3o humano tem uma voz que invoca<\/h2>\n<p style=\"text-align: justify;\">\u201cMais forte do que qualquer argumento contr\u00e1rio, no cora\u00e7\u00e3o humano tem uma voz que invoca.<b>\u00a0Uma voz que sai espontaneamente, sem que ningu\u00e9m a comande, uma voz que questiona o significado de nosso caminho aqui em baixo, sobretudo quando nos encontramos na escurid\u00e3o<\/b>: \u201cJesus, tem piedade de mim! Jesus, tem piedade de todos n\u00f3s!\u201d Talvez essas palavras n\u00e3o estejam gravadas em toda a cria\u00e7\u00e3o? Tudo invoca e suplica para que o mist\u00e9rio da miseric\u00f3rdia encontre sua realiza\u00e7\u00e3o definitiva\u201d, sublinhou ainda Francisco.<\/p>\n<p style=\"text-align: justify;\">O Papa concluiu sua catequese, dizendo que \u201cos crist\u00e3os n\u00e3o apenas rezam, mas partilham o grito da ora\u00e7\u00e3o com todos os homens e mulheres\u201d. Segundo Francisco, \u201co horizonte ainda pode ser ampliado, pois Paulo afirma que toda a cria\u00e7\u00e3o \u201cgeme e sofre as dores do parto\u201d. \u201cOs artistas muitas vezes se tornam int\u00e9rpretes desse grito silencioso que preme em toda criatura e emerge no cora\u00e7\u00e3o humano, porque o ser humano \u00e9 um \u201cmendigo de Deus\u201d.\u201d<\/p>\n<\/div>\n","protected":false},"excerpt":{"rendered":"<p>&#8220;A f\u00e9 \u00e9 um grito, a falta de f\u00e9 \u00e9 sufocar aquele grito, \u00e9 como um \u201csil\u00eancio\u201d. A f\u00e9 \u00e9 um protesto contra uma condi\u00e7\u00e3o dolorosa da qual n\u00e3o entendemos o motivo; a falta de f\u00e9 \u00e9 aceitar viver uma situa\u00e7\u00e3o \u00e0 qual nos adaptamos. A f\u00e9 \u00e9 esperan\u00e7a de ser salvo; a falta de [&hellip;]<\/p>\n","protected":false},"author":1,"featured_media":58927,"comment_status":"open","ping_status":"closed","sticky":false,"template":"","format":"standard","meta":{"footnotes":""},"categories":[13,3],"tags":[],"class_list":["post-58926","post","type-post","status-publish","format-standard","has-post-thumbnail","hentry","category-featured","category-vaticano"],"_links":{"self":[{"href":"https:\/\/catolicanet.net\/wp-cnet\/wp-json\/wp\/v2\/posts\/58926","targetHints":{"allow":["GET"]}}],"collection":[{"href":"https:\/\/catolicanet.net\/wp-cnet\/wp-json\/wp\/v2\/posts"}],"about":[{"href":"https:\/\/catolicanet.net\/wp-cnet\/wp-json\/wp\/v2\/types\/post"}],"author":[{"embeddable":true,"href":"https:\/\/catolicanet.net\/wp-cnet\/wp-json\/wp\/v2\/users\/1"}],"replies":[{"embeddable":true,"href":"https:\/\/catolicanet.net\/wp-cnet\/wp-json\/wp\/v2\/comments?post=58926"}],"version-history":[{"count":1,"href":"https:\/\/catolicanet.net\/wp-cnet\/wp-json\/wp\/v2\/posts\/58926\/revisions"}],"predecessor-version":[{"id":58928,"href":"https:\/\/catolicanet.net\/wp-cnet\/wp-json\/wp\/v2\/posts\/58926\/revisions\/58928"}],"wp:featuredmedia":[{"embeddable":true,"href":"https:\/\/catolicanet.net\/wp-cnet\/wp-json\/wp\/v2\/media\/58927"}],"wp:attachment":[{"href":"https:\/\/catolicanet.net\/wp-cnet\/wp-json\/wp\/v2\/media?parent=58926"}],"wp:term":[{"taxonomy":"category","embeddable":true,"href":"https:\/\/catolicanet.net\/wp-cnet\/wp-json\/wp\/v2\/categories?post=58926"},{"taxonomy":"post_tag","embeddable":true,"href":"https:\/\/catolicanet.net\/wp-cnet\/wp-json\/wp\/v2\/tags?post=58926"}],"curies":[{"name":"wp","href":"https:\/\/api.w.org\/{rel}","templated":true}]}}