{"id":58892,"date":"2020-05-05T09:15:28","date_gmt":"2020-05-05T12:15:28","guid":{"rendered":"https:\/\/catolicanet.net\/wp-cnet\/?p=58892"},"modified":"2020-05-05T11:18:57","modified_gmt":"2020-05-05T14:18:57","slug":"ayuso-14-de-maio-a-oracao-que-faz-de-nos-uma-so-familia","status":"publish","type":"post","link":"https:\/\/catolicanet.net\/wp-cnet\/ayuso-14-de-maio-a-oracao-que-faz-de-nos-uma-so-familia\/","title":{"rendered":"Ayuso: 14 de maio, a ora\u00e7\u00e3o que faz de n\u00f3s uma s\u00f3 fam\u00edlia"},"content":{"rendered":"<div class=\"article__subTitle\" style=\"text-align: justify;\">O presidente do Pontif\u00edcio Conselho para o Di\u00e1logo Inter-religioso comenta a vontade do Papa em acolher a proposta do Alto Comit\u00ea para a Fraternidade Humana para um Dia de ora\u00e7\u00e3o, jejum e de invoca\u00e7\u00e3o pela humanidade: a pandemia \u00e9 uma oportunidade para enraizar no nosso futuro o valor da fraternidade e da conviv\u00eancia comum.<\/div>\n<div class=\"title__separator\" style=\"text-align: justify;\"><\/div>\n<div class=\"article__text\">\n<p style=\"text-align: justify;\"><b>H\u00e9l\u00e8ne Destombes &#8211; Cidade do Vaticano<\/b><\/p>\n<p style=\"text-align: justify;\">N\u00e3o s\u00f3 as Na\u00e7\u00f5es Unidas, mas tamb\u00e9m muitos l\u00edderes religiosos, grupos e respons\u00e1veis pela vida social e pol\u00edtica, est\u00e3o envolvidos em &#8220;um momento de ora\u00e7\u00e3o e solidariedade&#8221;. O cardeal Miguel Angel Ayuso Guixot, presidente do Pontif\u00edcio Conselho para o Di\u00e1logo Inter-Religioso, retorna \u00e0 iniciativa que no pr\u00f3ximo dia 14 de maio ir\u00e1 ver o Papa Francisco e a Igreja unirem-se ao Dia de ora\u00e7\u00e3o, jejum e obras de miseric\u00f3rdia lan\u00e7ado pelo Alto Comit\u00ea para a Fraternidade Humana. H\u00e9l\u00e8ne Destombes perguntou ao cardeal que sinal o Comit\u00ea gostaria de enviar ao mundo com este momento de ora\u00e7\u00e3o:<\/p>\n<div style=\"text-align: justify;\">\n<div class=\"article__embed article__embed--unwrap article__embed--dark\">\n<div class=\"article__innerTitle\">Ou\u00e7a e compartilhe<\/div>\n<div>https:\/\/media.vaticannews.va\/media\/audio\/s1\/2020\/05\/05\/11\/135582634_F135582634.mp3<\/div>\n<div><\/div>\n<\/div>\n<\/div>\n<p style=\"text-align: justify;\">R. &#8211; Parece-me que, com este apelo, o Alto Comit\u00ea, para alcan\u00e7ar os objetivos contidos no Documento sobre Fraternidade Humana em prol da paz mundial e da conviv\u00eancia comum, nos convida a reconhecer a dimens\u00e3o espiritual que, como crentes, mas tamb\u00e9m como pessoas de boa vontade, podemos perceber nesta profunda convuls\u00e3o que o mundo est\u00e1 vivendo por causa desta pandemia. Na verdade, todos, independentemente da cultura, situa\u00e7\u00e3o econ\u00f4mica, f\u00e9 ou falta de f\u00e9 religiosa, sentem a imensidade do grito de sofrimento da humanidade, submersa de todos os lados, angustiada e perturbada. Portanto, a benevolente ades\u00e3o do Papa Francisco, que no Regina Coeli de domingo, 3 de maio, manifestou sua vontade de unir-se a este apelo para o dia 14 de maio, demonstra o car\u00e1ter universal do momento hist\u00f3rico que diz respeito a todos e a universalidade da resposta interior poss\u00edvel por parte de todos e de cada um.<\/p>\n<div style=\"text-align: justify;\">\n<aside class=\"article__readmore\">\n<div class=\"teaser--labelEvidence teaser teaser--type-video\">\n<article>\n<div class=\"teaser__labelWrapper\"><\/div>\n<div class=\"teaser__contentWrapper\">\n<div><\/div>\n<\/div>\n<\/article>\n<\/div>\n<\/aside>\n<\/div>\n<p style=\"text-align: justify;\"><b>Entre as v\u00e1rias personalidades que se associaram a este chamado est\u00e1 o secret\u00e1rio-geral das Na\u00e7\u00f5es Unidas: \u00e9 um sinal muito importante enviado ao mundo inteiro e tamb\u00e9m aos pa\u00edses que permanecem divididos neste momento&#8230;<\/b><\/p>\n<p style=\"text-align: justify;\">R. &#8211; Sim, evidentemente, a preocupa\u00e7\u00e3o da comunidade internacional, manifestada atrav\u00e9s desta ades\u00e3o declarada do secret\u00e1rio-geral das Na\u00e7\u00f5es Unidas, Antonio Guterres, j\u00e1 demonstrou que, como seres humanos, somos todos uma s\u00f3 fam\u00edlia, estamos todos no mesmo barco e, consequentemente, partindo da f\u00e9 dos l\u00edderes religiosos, atrav\u00e9s de grupos e respons\u00e1veis pela vida social e pol\u00edtica, \u00e9 bom que haja um momento de ora\u00e7\u00e3o e solidariedade para invocar o fim desta pandemia. Portanto, \u00e9 um grande prazer saber que at\u00e9 agora h\u00e1 tantas personalidades que j\u00e1 deram o seu apoio, que se manifestar\u00e3o de forma pessoal e interior, pois, por causa do que estamos vivenciando, n\u00e3o poderemos fazer nenhum tipo de encontro devido ao perigo da propaga\u00e7\u00e3o do coronav\u00edrus.<\/p>\n<p style=\"text-align: justify;\"><b>Qual deve ser o papel das religi\u00f5es na crise atual, tanto no n\u00edvel espiritual quanto no humano?<\/b><\/p>\n<p style=\"text-align: justify;\">R. &#8211; Eu diria que todas as religi\u00f5es d\u00e3o um amplo espa\u00e7o \u00e0 interioridade e, consequentemente, \u00e0 interioriza\u00e7\u00e3o, \u00e0 qual, voluntariamente ou n\u00e3o, somos for\u00e7ados. Com nuances e pr\u00e1ticas marcadamente diferentes umas das outras, o modo de rezar e a ora\u00e7\u00e3o nos disp\u00f5em, em qualquer caso, a um ato de amor aberto ao bem do outro e \u00e0 aceita\u00e7\u00e3o. E isso n\u00e3o \u00e9 pouco! Jejum e obras de caridade s\u00e3o atos individuais e comunit\u00e1rios, que exigem verdadeira responsabilidade e consci\u00eancia da a\u00e7\u00e3o a ser empreendida. E isso me parece ser um ponto importante para o &#8220;p\u00f3s-Covid&#8221;.<\/p>\n<p style=\"text-align: justify;\"><b>O Alto Comit\u00ea para a Fraternidade Humana convida \u00e0 ora\u00e7\u00e3o, ao jejum, mas tamb\u00e9m \u00e0 participa\u00e7\u00e3o em obras de miseric\u00f3rdia. J\u00e1 existem iniciativas comuns?<\/b><\/p>\n<p style=\"text-align: justify;\">R. &#8211; Sim, aqui e ali h\u00e1 iniciativas comuns desde o in\u00edcio da pandemia. Mas h\u00e1 sobretudo iniciativas silenciosas: viver juntos mesmo estando separados por um certo tempo; cuidar e ajudar os necessitados sem distin\u00e7\u00e3o religiosa; compartilhar conhecimentos&#8230; s\u00e3o muitas. Na verdade, o Alto Comit\u00ea est\u00e1 tentando &#8211; com base no &#8220;Documento sobre a Fraternidade Humana em prol da Paz mundial e da conviv\u00eancia comum&#8221;, assinado pelo Papa Francisco e pelo Grande Imame de Al-Azhar, Ahmad Al-Tayyib &#8211; continuar neste caminho de busca da paz tamb\u00e9m atrav\u00e9s da solidariedade, para enfrentar a crise humana e humanit\u00e1ria na qual todos n\u00f3s somos protagonistas e sofremos junto com aqueles que est\u00e3o sofrendo.\u00a0 Portanto, eu diria que estamos diante de uma oportunidade \u00fanica &#8211; como diz o pr\u00f3prio t\u00edtulo do documento sobre a Fraternidade Humana &#8211; \u00e0 qual o Santo Padre quis aderir sem reservas no dia 14 de maio, que \u00e9 a de enraizar em nossas respectivas tradi\u00e7\u00f5es religiosas mais queridas o nome que queremos dar ao nosso futuro! E penso que nosso futuro ser\u00e1 um futuro de Fraternidade, de Paz e de Conviv\u00eancia comum.<\/p>\n<\/div>\n","protected":false},"excerpt":{"rendered":"<p>O presidente do Pontif\u00edcio Conselho para o Di\u00e1logo Inter-religioso comenta a vontade do Papa em acolher a proposta do Alto Comit\u00ea para a Fraternidade Humana para um Dia de ora\u00e7\u00e3o, jejum e de invoca\u00e7\u00e3o pela humanidade: a pandemia \u00e9 uma oportunidade para enraizar no nosso futuro o valor da fraternidade e da conviv\u00eancia comum. H\u00e9l\u00e8ne [&hellip;]<\/p>\n","protected":false},"author":1,"featured_media":58893,"comment_status":"open","ping_status":"closed","sticky":false,"template":"","format":"standard","meta":{"footnotes":""},"categories":[3],"tags":[],"class_list":["post-58892","post","type-post","status-publish","format-standard","has-post-thumbnail","hentry","category-vaticano"],"_links":{"self":[{"href":"https:\/\/catolicanet.net\/wp-cnet\/wp-json\/wp\/v2\/posts\/58892","targetHints":{"allow":["GET"]}}],"collection":[{"href":"https:\/\/catolicanet.net\/wp-cnet\/wp-json\/wp\/v2\/posts"}],"about":[{"href":"https:\/\/catolicanet.net\/wp-cnet\/wp-json\/wp\/v2\/types\/post"}],"author":[{"embeddable":true,"href":"https:\/\/catolicanet.net\/wp-cnet\/wp-json\/wp\/v2\/users\/1"}],"replies":[{"embeddable":true,"href":"https:\/\/catolicanet.net\/wp-cnet\/wp-json\/wp\/v2\/comments?post=58892"}],"version-history":[{"count":1,"href":"https:\/\/catolicanet.net\/wp-cnet\/wp-json\/wp\/v2\/posts\/58892\/revisions"}],"predecessor-version":[{"id":58894,"href":"https:\/\/catolicanet.net\/wp-cnet\/wp-json\/wp\/v2\/posts\/58892\/revisions\/58894"}],"wp:featuredmedia":[{"embeddable":true,"href":"https:\/\/catolicanet.net\/wp-cnet\/wp-json\/wp\/v2\/media\/58893"}],"wp:attachment":[{"href":"https:\/\/catolicanet.net\/wp-cnet\/wp-json\/wp\/v2\/media?parent=58892"}],"wp:term":[{"taxonomy":"category","embeddable":true,"href":"https:\/\/catolicanet.net\/wp-cnet\/wp-json\/wp\/v2\/categories?post=58892"},{"taxonomy":"post_tag","embeddable":true,"href":"https:\/\/catolicanet.net\/wp-cnet\/wp-json\/wp\/v2\/tags?post=58892"}],"curies":[{"name":"wp","href":"https:\/\/api.w.org\/{rel}","templated":true}]}}