{"id":5886,"date":"2015-06-15T18:03:26","date_gmt":"2015-06-15T21:03:26","guid":{"rendered":"http:\/\/catolicanet.net\/wp-cnet\/papa-preservar-o-coracao-do-ruido-mundano\/"},"modified":"2017-04-10T09:55:49","modified_gmt":"2017-04-10T12:55:49","slug":"papa-preservar-o-coracao-do-ruido-mundano","status":"publish","type":"post","link":"https:\/\/catolicanet.net\/wp-cnet\/papa-preservar-o-coracao-do-ruido-mundano\/","title":{"rendered":"Papa: preservar o cora\u00e7\u00e3o do ru\u00eddo mundano"},"content":{"rendered":"<p style=\"text-align: justify;\"><img decoding=\"async\" src=\"http:\/\/catolicanet.com.br\/images\/stories\/geral\/papamissa2.jpg\" border=\"0\" align=\"left\" \/>Segunda-feira, 15 de junho: na Missa em Santa Marta o Papa Francisco alertou para o ru\u00eddo da mundanidade que pode perturbar os cora\u00e7\u00f5es.<\/p>\n<p>Tomando como est\u00edmulo de reflex\u00e3o o que diz S. Paulo na liturgia do dia: \u201cn\u00e3o acolher em v\u00e3o a gra\u00e7a de Deus\u201d, o Santo Padre afirmou que a gra\u00e7a de Deus \u00e9 dom gratuito e o cora\u00e7\u00e3o do crist\u00e3o deve estar preparado para a acolher livre do ru\u00eddo mundano. Um cora\u00e7\u00e3o livre de paix\u00f5es que n\u00e3o seja motivo de esc\u00e2ndalo:<\/p>\n<p>\u201c\u00c9 o esc\u00e2ndalo do crist\u00e3o que se diz crist\u00e3o, que vai \u00e0 igreja, vai \u00e0 missa aos domingos, mas vive n\u00e3o como crist\u00e3o, mas como mundano ou pag\u00e3o. E quando uma pessoa \u00e9 assim, provoca esc\u00e2ndalo. Quantas vezes ouvimos nos nossos bairros, nas lojas: \u2018Olha aquele ou aquela, todos os domingos na missa e depois faz isto, e isto \u2026\u2019. E as pessoas escandalizam-se. Isto \u00e9 o que Paulo diz: \u2018N\u00e3o acolher em v\u00e3o.\u2019. E como devemos acolher? Antes de tudo, \u00e9 o \u2018momento favor\u00e1vel, diz. N\u00f3s devemos estar atentos para entender o tempo de Deus, quando Deus passa pelo nosso cora\u00e7\u00e3o\u201d.<\/p>\n<p>E para preservarmos o nosso cora\u00e7\u00e3o do ru\u00eddo mundano devemos viver como S. Paulo nos indica neste dia \u2013 afirmou o Papa Francisco:<\/p>\n<p>\u201cCom a pureza, sabedoria, magnanimidade, benevol\u00eancia e esp\u00edrito de santidade. A humildade, a benevol\u00eancia e a paci\u00eancia que apenas olha para Deus e tem o cora\u00e7\u00e3o aberto ao Senhor que passa.\u201d<\/p>\n<p style=\"text-align: justify;\">\u00a0<\/p>\n<p style=\"text-align: justify;\"><strong>Fonte:<\/strong> R\u00e1dio Vaticano<\/p>\n","protected":false},"excerpt":{"rendered":"<p>Segunda-feira, 15 de junho: na Missa em Santa Marta o Papa Francisco alertou para o ru\u00eddo da mundanidade que pode perturbar os cora\u00e7\u00f5es. Tomando como est\u00edmulo de reflex\u00e3o o que diz S. Paulo na liturgia do dia: \u201cn\u00e3o acolher em v\u00e3o a gra\u00e7a de Deus\u201d, o Santo Padre afirmou que a gra\u00e7a de Deus \u00e9 [&hellip;]<\/p>\n","protected":false},"author":1,"featured_media":0,"comment_status":"closed","ping_status":"closed","sticky":false,"template":"","format":"standard","meta":{"footnotes":""},"categories":[3],"tags":[],"class_list":["post-5886","post","type-post","status-publish","format-standard","hentry","category-vaticano"],"_links":{"self":[{"href":"https:\/\/catolicanet.net\/wp-cnet\/wp-json\/wp\/v2\/posts\/5886","targetHints":{"allow":["GET"]}}],"collection":[{"href":"https:\/\/catolicanet.net\/wp-cnet\/wp-json\/wp\/v2\/posts"}],"about":[{"href":"https:\/\/catolicanet.net\/wp-cnet\/wp-json\/wp\/v2\/types\/post"}],"author":[{"embeddable":true,"href":"https:\/\/catolicanet.net\/wp-cnet\/wp-json\/wp\/v2\/users\/1"}],"replies":[{"embeddable":true,"href":"https:\/\/catolicanet.net\/wp-cnet\/wp-json\/wp\/v2\/comments?post=5886"}],"version-history":[{"count":1,"href":"https:\/\/catolicanet.net\/wp-cnet\/wp-json\/wp\/v2\/posts\/5886\/revisions"}],"predecessor-version":[{"id":10741,"href":"https:\/\/catolicanet.net\/wp-cnet\/wp-json\/wp\/v2\/posts\/5886\/revisions\/10741"}],"wp:attachment":[{"href":"https:\/\/catolicanet.net\/wp-cnet\/wp-json\/wp\/v2\/media?parent=5886"}],"wp:term":[{"taxonomy":"category","embeddable":true,"href":"https:\/\/catolicanet.net\/wp-cnet\/wp-json\/wp\/v2\/categories?post=5886"},{"taxonomy":"post_tag","embeddable":true,"href":"https:\/\/catolicanet.net\/wp-cnet\/wp-json\/wp\/v2\/tags?post=5886"}],"curies":[{"name":"wp","href":"https:\/\/api.w.org\/{rel}","templated":true}]}}